{"id":461196,"date":"2020-02-25T00:02:05","date_gmt":"2020-02-25T06:02:05","guid":{"rendered":"https:\/\/www.diarioimagen.net\/?p=461196"},"modified":"2020-02-25T02:10:23","modified_gmt":"2020-02-25T08:10:23","slug":"gobierno-de-nicolas-romero-preparado-para-responder-a-requerimientos-de-sus-habitantes","status":"publish","type":"post","link":"https:\/\/www.diarioimagen.net\/?p=461196","title":{"rendered":"Gobierno de Nicol\u00e1s Romero, preparado para responder a requerimientos de sus habitantes"},"content":{"rendered":"<ul>\n<li><strong><em>Conmemoran el D\u00eda de la Bandera<\/em><\/strong><\/li>\n<\/ul>\n<p>&nbsp;<\/p>\n<div id=\"attachment_461266\" style=\"width: 470px\" class=\"wp-caption aligncenter\"><a href=\"https:\/\/www.diarioimagen.net\/?attachment_id=461266\" rel=\"attachment wp-att-461266\"><img loading=\"lazy\" decoding=\"async\" aria-describedby=\"caption-attachment-461266\" class=\"size-large wp-image-461266\" src=\"https:\/\/www.diarioimagen.net\/wp-content\/uploads\/2020\/02\/NICOL\u00c1S-1-2-460x259.jpg\" alt=\"\" width=\"460\" height=\"259\" srcset=\"https:\/\/www.diarioimagen.net\/wp-content\/uploads\/2020\/02\/NICOL\u00c1S-1-2-460x259.jpg 460w, https:\/\/www.diarioimagen.net\/wp-content\/uploads\/2020\/02\/NICOL\u00c1S-1-2-240x135.jpg 240w, https:\/\/www.diarioimagen.net\/wp-content\/uploads\/2020\/02\/NICOL\u00c1S-1-2-235x132.jpg 235w, https:\/\/www.diarioimagen.net\/wp-content\/uploads\/2020\/02\/NICOL\u00c1S-1-2-202x114.jpg 202w, https:\/\/www.diarioimagen.net\/wp-content\/uploads\/2020\/02\/NICOL\u00c1S-1-2-350x196.jpg 350w, https:\/\/www.diarioimagen.net\/wp-content\/uploads\/2020\/02\/NICOL\u00c1S-1-2-220x123.jpg 220w, https:\/\/www.diarioimagen.net\/wp-content\/uploads\/2020\/02\/NICOL\u00c1S-1-2-237x132.jpg 237w, https:\/\/www.diarioimagen.net\/wp-content\/uploads\/2020\/02\/NICOL\u00c1S-1-2.jpg 480w\" sizes=\"auto, (max-width: 460px) 100vw, 460px\" \/><\/a><p id=\"caption-attachment-461266\" class=\"wp-caption-text\">El alcalde Armando Navarrete L\u00f3pez asegur\u00f3 que nunca como hoy, se mira a Nicol\u00e1s Romero con la visi\u00f3n de compromiso con el progreso y la modernidad.<\/p><\/div>\n<p>&nbsp;<\/p>\n<p><strong>Nicol\u00e1s Romero, Estado de M\u00e9xico<\/strong>.- Al encabezar\u00a0 la ceremonia c\u00edvica con motivo del D\u00eda de la Bandera, el alcalde Armando Navarrete L\u00f3pez,\u00a0 asegur\u00f3 que nunca como hoy, se mira a Nicol\u00e1s Romero con la visi\u00f3n de compromiso con el progreso y la modernidad, con una administraci\u00f3n preparada para responder a cada uno de los requerimientos de sus habitantes, ya que con los mejores recursos humanos plenamente comprometidos con la ciudadan\u00eda, se puede lograr la transformaci\u00f3n, para hacer la mejor obra y prestar el mejor servicio, siempre con honradez, transparencia, compromiso solidario y la frente muy en alto.<\/p>\n<p>Durante el acto realizado en la explanada de Palacio Municipal, el edil nicol\u00e1sromerense expres\u00f3 su orgullo de estar al frente de los trabajos \u201cque nos lleven a la verdadera Cuarta Transformaci\u00f3n, donde sociedad y gobierno, atendamos la problem\u00e1tica que nos ata\u00f1e y demos resultados, Juntos Armando el Cambio\u201d.<\/p>\n<p>Ante los integrantes del cabildo, funcionarios del gobierno local, el coronel de Arma Blindada de la Secretar\u00eda de la Defensa Nacional (Sedena), Maurilio \u00c1lvarez Villa, estudiantes y personal docente de diversos centros educativos, Armando Navarrete apunt\u00f3 que dentro de las p\u00e1ginas brillantes que se han escrito en el pa\u00eds, Nicol\u00e1s Romero no ha sido un mudo testigo de la historia, \u201csino que ha participado como actor principal de los acontecimientos de nuestro devenir, por el transitar de los tiempos\u201d.<\/p>\n<p>\u201cHoy da cuenta de ello, la modernidad y progreso a la que aspira mi gobierno, en un ambiente donde se respetan los derechos y libertades de los habitantes de nuestro municipio; como ciudadanos responsables que no s\u00f3lo exigen servicios sino que tambi\u00e9n saben y atienden sus obligaciones\u201d, dijo.<\/p>\n<p>Agreg\u00f3 que en este municipio, \u201ctrabajamos con amor y pasi\u00f3n por un cambio verdadero, asumiendo como fuente de inspiraci\u00f3n el significado de los colores de nuestra bandera nacional, adoptando el verde de la riqueza natural de nuestros pueblos como espacios de cultura y engrandecimiento, por hacer valer nuestras ra\u00edces ancestrales que dan identidad y pertenencia a esta hermoso terru\u00f1o llamado Nicol\u00e1s Romero; el blanco, de ir Armando el Cambio, con la salud y la educaci\u00f3n, que se brinda en cada aula y rinc\u00f3n del municipio, as\u00ed como el imprescindible color rojo, que simboliza el amor por nuestra patria, que se ve reflejado por el compromiso que asumimos desde el primer d\u00eda de este gobierno.\u201d<\/p>\n<p>\u201cSociedades como la de nuestro Nicol\u00e1s Romero, construyen su tiempo, levantan la bandera de sus prop\u00f3sitos, de sus batallas, al igual que M\u00e9xico, acogen sus est\u00e1ndares a trav\u00e9s de sus revoluciones, de sus conquistas, en su manera de construirse como naci\u00f3n progresista\u201d, recalc\u00f3 el presidente municipal.<\/p>\n<p>Por su parte, el coronel de Arma Blindada de la Secretar\u00eda de la Defensa Nacional (SEDENA), Maurilio \u00c1lvarez Villa, se\u00f1al\u00f3 que la bandera es mucho m\u00e1s que un estandarte, ya que \u201csimboliza nuestra independencia, nuestro honor, nuestras instituciones y la integridad de nuestro territorio, en ella est\u00e1n representadas nuestras luchas, ideales e identidad. No celebramos la existencia de un trozo de tela nada m\u00e1s sino que somos un pa\u00eds con una identidad bien definida, porque somos una naci\u00f3n libre y soberana,\u201d apunt\u00f3.<\/p>\n<p>Previamente y acompa\u00f1ado por el coronel \u00c1lvarez Villa, el presidente Armando Navarrete se traslad\u00f3 al centro de la explanada municipal, donde encabez\u00f3 el acto de incineraci\u00f3n del l\u00e1baro patrio, esto de acuerdo con lo que marca el art\u00edculo 54 bis de la Ley sobre el Escudo, la Bandera y el Himno Nacional, mismo que especifica que una bandera tiene un ciclo de vida \u00fatil y que al agotarse \u00e9ste por desgaste natural, debe ser reemplazada por una nueva, por lo que una vez incinerada, fue izada la que a partir de hoy ondea en la plaza p\u00fablica principal de Nicol\u00e1s Romero. Adem\u00e1s, el edil tom\u00f3 protesta a las escoltas escolares, y los presentes en el acto c\u00edvico, realizaron el juramento a nuestra ense\u00f1a nacional.<\/p>\n<p>Finalmente, se llev\u00f3 a cabo un desfile in\u00e9dito en su tipo, denominado \u201cEscudos del Ayuntamiento a trav\u00e9s de su Historia\u201d, conformado por estandartes de 10 comunidades tradicionales de Nicol\u00e1s Romero, incluyendo el escudo actual y el conmemorativo del Bicentenario de la fundaci\u00f3n del municipio.<\/p>\n","protected":false},"excerpt":{"rendered":"<p>Al encabezar\u00a0 la ceremonia c\u00edvica con motivo del D\u00eda de la Bandera, el alcalde Armando Navarrete L\u00f3pez,\u00a0 asegur\u00f3 que nunca como hoy, se mira a Nicol\u00e1s Romero con la visi\u00f3n de compromiso con el progreso y la modernidad, con una administraci\u00f3n preparada para responder a cada uno de los requerimientos de sus habitantes, ya que con los mejores recursos humanos plenamente comprometidos con la ciudadan\u00eda, se puede lograr la transformaci\u00f3n, para hacer la mejor obra y prestar el mejor servicio, siempre con honradez, transparencia, compromiso solidario y la frente muy en alto.<\/p>\n","protected":false},"author":3,"featured_media":461266,"comment_status":"open","ping_status":"open","sticky":false,"template":"","format":"standard","meta":{"_monsterinsights_skip_tracking":false,"_monsterinsights_sitenote_active":false,"_monsterinsights_sitenote_note":"","_monsterinsights_sitenote_category":0,"footnotes":""},"categories":[5],"tags":[43675,47157,752,90274],"class_list":["post-461196","post","type-post","status-publish","format-standard","has-post-thumbnail","hentry","category-estado-de-mexico","tag-estado-de-mexico","tag-habitantes","tag-nicolas-romero","tag-requerimientos"],"_links":{"self":[{"href":"https:\/\/www.diarioimagen.net\/index.php?rest_route=\/wp\/v2\/posts\/461196","targetHints":{"allow":["GET"]}}],"collection":[{"href":"https:\/\/www.diarioimagen.net\/index.php?rest_route=\/wp\/v2\/posts"}],"about":[{"href":"https:\/\/www.diarioimagen.net\/index.php?rest_route=\/wp\/v2\/types\/post"}],"author":[{"embeddable":true,"href":"https:\/\/www.diarioimagen.net\/index.php?rest_route=\/wp\/v2\/users\/3"}],"replies":[{"embeddable":true,"href":"https:\/\/www.diarioimagen.net\/index.php?rest_route=%2Fwp%2Fv2%2Fcomments&post=461196"}],"version-history":[{"count":0,"href":"https:\/\/www.diarioimagen.net\/index.php?rest_route=\/wp\/v2\/posts\/461196\/revisions"}],"wp:featuredmedia":[{"embeddable":true,"href":"https:\/\/www.diarioimagen.net\/index.php?rest_route=\/wp\/v2\/media\/461266"}],"wp:attachment":[{"href":"https:\/\/www.diarioimagen.net\/index.php?rest_route=%2Fwp%2Fv2%2Fmedia&parent=461196"}],"wp:term":[{"taxonomy":"category","embeddable":true,"href":"https:\/\/www.diarioimagen.net\/index.php?rest_route=%2Fwp%2Fv2%2Fcategories&post=461196"},{"taxonomy":"post_tag","embeddable":true,"href":"https:\/\/www.diarioimagen.net\/index.php?rest_route=%2Fwp%2Fv2%2Ftags&post=461196"}],"curies":[{"name":"wp","href":"https:\/\/api.w.org\/{rel}","templated":true}]}}