{"id":461199,"date":"2020-02-25T00:01:38","date_gmt":"2020-02-25T06:01:38","guid":{"rendered":"https:\/\/www.diarioimagen.net\/?p=461199"},"modified":"2020-02-25T06:33:01","modified_gmt":"2020-02-25T12:33:01","slug":"tlalnepantla-conmemora-el-dia-de-la-bandera","status":"publish","type":"post","link":"https:\/\/www.diarioimagen.net\/?p=461199","title":{"rendered":"Tlalnepantla conmemora el D\u00eda de la Bandera"},"content":{"rendered":"<p><a href=\"https:\/\/www.diarioimagen.net\/?attachment_id=461301\" rel=\"attachment wp-att-461301\"><img loading=\"lazy\" decoding=\"async\" class=\"aligncenter size-large wp-image-461301\" src=\"https:\/\/www.diarioimagen.net\/wp-content\/uploads\/2020\/02\/Tlalnepantla-6-460x259.jpg\" alt=\"\" width=\"460\" height=\"259\" srcset=\"https:\/\/www.diarioimagen.net\/wp-content\/uploads\/2020\/02\/Tlalnepantla-6-460x259.jpg 460w, https:\/\/www.diarioimagen.net\/wp-content\/uploads\/2020\/02\/Tlalnepantla-6-240x135.jpg 240w, https:\/\/www.diarioimagen.net\/wp-content\/uploads\/2020\/02\/Tlalnepantla-6-235x132.jpg 235w, https:\/\/www.diarioimagen.net\/wp-content\/uploads\/2020\/02\/Tlalnepantla-6-202x114.jpg 202w, https:\/\/www.diarioimagen.net\/wp-content\/uploads\/2020\/02\/Tlalnepantla-6-350x196.jpg 350w, https:\/\/www.diarioimagen.net\/wp-content\/uploads\/2020\/02\/Tlalnepantla-6-220x123.jpg 220w, https:\/\/www.diarioimagen.net\/wp-content\/uploads\/2020\/02\/Tlalnepantla-6-237x132.jpg 237w, https:\/\/www.diarioimagen.net\/wp-content\/uploads\/2020\/02\/Tlalnepantla-6.jpg 480w\" sizes=\"auto, (max-width: 460px) 100vw, 460px\" \/><\/a><\/p>\n<p>&nbsp;<\/p>\n<p><strong>Tlalnepantla, Estado de M\u00e9xico<\/strong><strong>.<\/strong>&#8211; En compa\u00f1\u00eda de ni\u00f1os y ni\u00f1as de educaci\u00f3n b\u00e1sica, Raciel P\u00e9rez Cruz, Presidente Municipal de Tlalnepantla encabez\u00f3 la Ceremonia Conmemorativa del D\u00eda de la Bandera. Iz\u00f3 el L\u00e1baro Patrio que ondear\u00e1 durante este a\u00f1o en la Plaza C\u00edvica, Doctor Gustavo Baz Prada y abander\u00f3 a escoltas de distintas escuelas.<\/p>\n<p>El Alcalde presidi\u00f3 la \u2018Incineraci\u00f3n de la Ense\u00f1a Patria\u2019 en cumplimiento del Art\u00edculo 54 Bis de la Ley sobre el Escudo, la Bandera y el Himno Nacional y tom\u00f3 protesta a las escoltas de 23 instituciones educativas de Nuestra Ciudad, a quienes encomend\u00f3 el L\u00e1baro que simboliza la independencia, el honor, las instituciones y la integridad del territorio nacional.<\/p>\n","protected":false},"excerpt":{"rendered":"<p>En compa\u00f1\u00eda de ni\u00f1os y ni\u00f1as de educaci\u00f3n b\u00e1sica, Raciel P\u00e9rez Cruz, Presidente Municipal de Tlalnepantla encabez\u00f3 la Ceremonia Conmemorativa del D\u00eda de la Bandera. Iz\u00f3 el L\u00e1baro Patrio que ondear\u00e1 durante este a\u00f1o en la Plaza C\u00edvica, Doctor Gustavo Baz Prada y abander\u00f3 a escoltas de distintas escuelas.<\/p>\n","protected":false},"author":3,"featured_media":461301,"comment_status":"open","ping_status":"open","sticky":false,"template":"","format":"standard","meta":{"_monsterinsights_skip_tracking":false,"_monsterinsights_sitenote_active":false,"_monsterinsights_sitenote_note":"","_monsterinsights_sitenote_category":0,"footnotes":""},"categories":[5],"tags":[2885,43675,169],"class_list":["post-461199","post","type-post","status-publish","format-standard","has-post-thumbnail","hentry","category-estado-de-mexico","tag-dia-de-la-bandera","tag-estado-de-mexico","tag-tlalnepantla"],"_links":{"self":[{"href":"https:\/\/www.diarioimagen.net\/index.php?rest_route=\/wp\/v2\/posts\/461199","targetHints":{"allow":["GET"]}}],"collection":[{"href":"https:\/\/www.diarioimagen.net\/index.php?rest_route=\/wp\/v2\/posts"}],"about":[{"href":"https:\/\/www.diarioimagen.net\/index.php?rest_route=\/wp\/v2\/types\/post"}],"author":[{"embeddable":true,"href":"https:\/\/www.diarioimagen.net\/index.php?rest_route=\/wp\/v2\/users\/3"}],"replies":[{"embeddable":true,"href":"https:\/\/www.diarioimagen.net\/index.php?rest_route=%2Fwp%2Fv2%2Fcomments&post=461199"}],"version-history":[{"count":0,"href":"https:\/\/www.diarioimagen.net\/index.php?rest_route=\/wp\/v2\/posts\/461199\/revisions"}],"wp:featuredmedia":[{"embeddable":true,"href":"https:\/\/www.diarioimagen.net\/index.php?rest_route=\/wp\/v2\/media\/461301"}],"wp:attachment":[{"href":"https:\/\/www.diarioimagen.net\/index.php?rest_route=%2Fwp%2Fv2%2Fmedia&parent=461199"}],"wp:term":[{"taxonomy":"category","embeddable":true,"href":"https:\/\/www.diarioimagen.net\/index.php?rest_route=%2Fwp%2Fv2%2Fcategories&post=461199"},{"taxonomy":"post_tag","embeddable":true,"href":"https:\/\/www.diarioimagen.net\/index.php?rest_route=%2Fwp%2Fv2%2Ftags&post=461199"}],"curies":[{"name":"wp","href":"https:\/\/api.w.org\/{rel}","templated":true}]}}