{"id":461290,"date":"2020-02-25T00:09:06","date_gmt":"2020-02-25T06:09:06","guid":{"rendered":"https:\/\/www.diarioimagen.net\/?p=461290"},"modified":"2020-02-25T04:01:06","modified_gmt":"2020-02-25T10:01:06","slug":"caen-como-naipes-mipymes-chinas","status":"publish","type":"post","link":"https:\/\/www.diarioimagen.net\/?p=461290","title":{"rendered":"Caen como naipes, MiPyMEs chinas"},"content":{"rendered":"<h2>Poder y dinero<\/h2>\n<h5>V\u00edctor S\u00e1nchez Ba\u00f1os<\/h5>\n<p>&nbsp;<\/p>\n<ul>\n<li><strong><em>Desploman producci\u00f3n de Apple, GM, Adidas\u00a0<\/em><\/strong><\/li>\n<li><strong><em>Amazon pierde 30% de mercado; Bimbo cerr\u00f3<\/em><\/strong><\/li>\n<li><strong><em>Lunes negro por la propagaci\u00f3n del Covid-19<\/em><\/strong><\/li>\n<li><strong><em>STPS: ideolog\u00eda antes que el inter\u00e9s nacional<\/em><\/strong><\/li>\n<\/ul>\n<p><em>\u00a0<\/em><\/p>\n<p style=\"text-align: right;\"><strong><em>Un pesimista es un optimista <\/em><em>con experiencia<br \/>\n<\/em><\/strong><em>Fran\u00e7ois Truffaut, 1932-1984; escritor, actor y productor de cine franc\u00e9s<\/em><\/p>\n<p>&nbsp;<\/p>\n<p>#Covid19 #AlertaMundial #GolpeEcon\u00f3mico #M\u00e9xico #Empresas #MORENA #STPS #NancyPelosi #MarioDelgado #GrupoSantander<\/p>\n<p>&nbsp;<\/p>\n<p>En M\u00e9xico pretenden desviar la atenci\u00f3n de una epidemia que podr\u00eda llevar al mundo a la crisis econ\u00f3mica m\u00e1s importante de su historia, superior a la de 1929, cuando cay\u00f3 el mercado burs\u00e1til y se perdieron millones de empleos en el mundo. Se trata del Covid-19 que est\u00e1 en m\u00e1s de unas 20 de naciones populosas. Lleg\u00f3 a Italia y desplom\u00f3 las bolsas en el mundo, incluida la de M\u00e9xico.<\/p>\n<p>Los s\u00edntomas m\u00e1s alarmantes est\u00e1n d\u00e1ndose fuera de la llamada zona cero, que es Wuhan, en la provincia de Hubei, China. En pa\u00edses como Italia, Ir\u00e1n, Jap\u00f3n, Corea e Israel, donde aparentemente se registran enfermos que no han tenido contacto con pacientes de la regi\u00f3n china. En Italia gener\u00f3 una alerta financiera la muerte de dos italianos y la cuarentena de 60 mil personas, as\u00ed como la muerte de 12 iran\u00edes en Teher\u00e1n.<\/p>\n<p>Como mencionamos a finales del mes pasado en esta columna, la epidemia, que todav\u00eda no es declarada una pandemia, tiene efectos econ\u00f3micos en todo el mundo. Esta epidemia ya toca a M\u00e9xico.<\/p>\n<p>Esto lleva al gobierno del Drag\u00f3n de Oriente a establecer medidas a\u00fan m\u00e1s dr\u00e1sticas. Decenas de miles de empresas est\u00e1n paralizadas para evitar el contacto de los trabajadores y con ello la propagaci\u00f3n del Covid-19. Esto trae implicaciones econ\u00f3micas graves para empresas del resto del mundo.<\/p>\n<p>Est\u00e1n afectados grandes consorcios chinos como Huawei, Sharp, Alibaba y miles m\u00e1s. Ahora empieza a devastar empresas occidentales como Apple, General Motors, Adidas, Amazon e incluso la mexicana Bimbo, entre otras. Todas cerraron sus centros de producci\u00f3n y habr\u00e1 un relativo desabasto de varios de sus productos. Adem\u00e1s afecta a toda la cadena productiva, especialmente a sus proveedores. El sector tecnol\u00f3gico, el de productos de consumo barato, as\u00ed como los alimentos, est\u00e1n en vilo. Cerraron, mientras est\u00e1 la contingencia, sus centros fabriles.<\/p>\n<p>The New York Times coment\u00f3 en una nota que las medidas adoptadas por el gobierno chino son extremas y podr\u00edan relajarse, aunque reconocen que si ellos difunden que hay m\u00e1s de 80 mil enfermos, es seguro que el n\u00famero est\u00e9 rondando los 300 mil casos, lo que es considerado como una epidemia \u201csevera\u201d.<\/p>\n<p>Pero los chinos toman medidas dr\u00e1sticas para proteger a la mayor\u00eda de su poblaci\u00f3n, a\u00fan con el sacrificio de miles o hasta millones de sus habitantes. En octubre, por ejemplo, llevaron al matadero al 60% de su producci\u00f3n de cerdos, su principal fuente de prote\u00edna, debido a una gripe llamada \u201cporcina africana\u201d. Lo mismo hicieron con aves comestibles, debido a que no ten\u00edan alimento suficiente.<\/p>\n<p>Son medidas duras y contundentes como las que aplicaba el gobierno de Mao.<\/p>\n<p>El efectivo empieza a escasear (s\u00f3lo tienen hasta la primera semana de marzo) y, de acuerdo a habitantes de la provincia de Hubei en entrevistas con este reportero, el p\u00e1nico est\u00e1 apoderado de la mayor\u00eda de la poblaci\u00f3n, que ahora sufre de un incremento en la inflaci\u00f3n de hasta el 30% a pesar del f\u00e9rreo control de los precios, de parte del gobierno central. Los l\u00edderes chinos no discuten o someten a debate sus medidas, las ejecutan.<\/p>\n<p>Lo m\u00e1s grave es que podr\u00edan escasear alimentos en el corto tiempo y necesitar\u00e1n de ayuda internacional para alimentar al 20% de la poblaci\u00f3n mundial. Los alcances de una epidemia de Covid-19 son indescriptibles. Con voltear a otro lado no se resuelve ni se prev\u00e9 el da\u00f1o que puede provocar a la vida de muchos mexicanos. Con la salud no se juega.<\/p>\n<p><strong>PODEROSOS CABALLEROS<\/strong>: Luisa Mar\u00eda Alcalde, la secretaria de Trabajo del gobierno federal, dej\u00f3 plantada a la l\u00edder del Congreso de Estados Unidos, Nancy Pelosi. No dio ninguna explicaci\u00f3n de su ausencia. La groser\u00eda fue subsanada por el gobernador de Tamaulipas, Francisco Garc\u00eda Cabeza de Vaca, as\u00ed como el l\u00edder de la mayor\u00eda de Morena en la C\u00e1mara de Diputados, Mario Delgado. La titular de Trabajo cree que con esa groser\u00eda reivindica al socialismo. Lo \u00fanico que denota es intolerancia. *** En los parlamentos abiertos en materia de subcontrataci\u00f3n de las C\u00e1maras de Diputados y Senadores de las \u00faltimas semanas, prevaleci\u00f3 la voluntad de no prohibir ni criminalizar la subcontrataci\u00f3n, sino incentivarla por medio de disposiciones legales. Se se\u00f1al\u00f3 que en materia de subcontrataci\u00f3n se deben cumplir la Ley Federal del Trabajo y las disposiciones fiscales para impulsar este esquema sin que haya empresas que incurran en malas pr\u00e1cticas y que generan una competencia desleal. Que no habr\u00e1 persecuci\u00f3n a las empresas que se dedican o utilizan la subcontrataci\u00f3n.<\/p>\n<p><strong>RESPONSABILIDAD SOCIAL CORPORATIVA<\/strong>: Grupo Santander adquiri\u00f3 la operadora de pagos Elavon M\u00e9xico por 1,600 millones de pesos mexicanos (unos 79 millones de euros). El 49% de las acciones ser\u00e1n de Santander M\u00e9xico, que preside H\u00e9ctor Grisi, y el 51% restante por Santander Merchant Platform Solutions, propiedad del grupo Santander Espa\u00f1a que preside Ana Bot\u00edn.<\/p>\n<p>&nbsp;<\/p>\n<blockquote>\n<p style=\"text-align: right;\"><strong>Esc\u00fachame de lunes a viernes, de 21 a 22 horas,<br \/>\nen \u201cV\u00edctor S\u00e1nchez Ba\u00f1os en MVS\u201d<\/strong><\/p>\n<\/blockquote>\n<p>&nbsp;<\/p>\n<p><a href=\"https:\/\/mvsnoticias.com\/\" target=\"_blank\" rel=\"noopener noreferrer\"><em>MVSnoticias.com<\/em><\/a><br \/>\n<a href=\"http:\/\/poderydinero.mx\" target=\"_blank\" rel=\"noopener noreferrer\"><em>poderydinero.mx<\/em><\/a><em><b><br \/>\n<\/b><a href=\"mailto:vsb@poderydinero.mx\" target=\"_blank\" rel=\"noopener noreferrer\">vsb@poderydinero.mx<\/a><a href=\"mailto:vsanchezb@gmail.com\" target=\"_blank\" rel=\"noopener noreferrer\"><br \/>\n<\/a><strong>Twitter:<\/strong><a href=\"https:\/\/twitter.com\/vsanchezbanos\" target=\"_blank\" rel=\"noopener noreferrer\">@vsanchezbanos<br \/>\n<\/a><strong>Facebook: <\/strong><a href=\"https:\/\/www.facebook.com\/vsanchezbanos?fref=ts\" target=\"_blank\" rel=\"noopener noreferrer\">vsanchezbanos<\/a><\/em><\/p>\n","protected":false},"excerpt":{"rendered":"<p><span style=\"color: #005497;\"><strong>V\u00edctor S\u00e1nchez Ba\u00f1os<\/strong><\/span><\/p>\n","protected":false},"author":3,"featured_media":0,"comment_status":"open","ping_status":"open","sticky":false,"template":"","format":"standard","meta":{"_monsterinsights_skip_tracking":false,"_monsterinsights_sitenote_active":false,"_monsterinsights_sitenote_note":"","_monsterinsights_sitenote_category":0,"footnotes":""},"categories":[38844],"tags":[43674,38847,38848],"class_list":["post-461290","post","type-post","status-publish","format-standard","hentry","category-victor-sanchez-banos","tag-opinion","tag-poder-y-dinero","tag-victor-sanchez-banos"],"_links":{"self":[{"href":"https:\/\/www.diarioimagen.net\/index.php?rest_route=\/wp\/v2\/posts\/461290","targetHints":{"allow":["GET"]}}],"collection":[{"href":"https:\/\/www.diarioimagen.net\/index.php?rest_route=\/wp\/v2\/posts"}],"about":[{"href":"https:\/\/www.diarioimagen.net\/index.php?rest_route=\/wp\/v2\/types\/post"}],"author":[{"embeddable":true,"href":"https:\/\/www.diarioimagen.net\/index.php?rest_route=\/wp\/v2\/users\/3"}],"replies":[{"embeddable":true,"href":"https:\/\/www.diarioimagen.net\/index.php?rest_route=%2Fwp%2Fv2%2Fcomments&post=461290"}],"version-history":[{"count":0,"href":"https:\/\/www.diarioimagen.net\/index.php?rest_route=\/wp\/v2\/posts\/461290\/revisions"}],"wp:attachment":[{"href":"https:\/\/www.diarioimagen.net\/index.php?rest_route=%2Fwp%2Fv2%2Fmedia&parent=461290"}],"wp:term":[{"taxonomy":"category","embeddable":true,"href":"https:\/\/www.diarioimagen.net\/index.php?rest_route=%2Fwp%2Fv2%2Fcategories&post=461290"},{"taxonomy":"post_tag","embeddable":true,"href":"https:\/\/www.diarioimagen.net\/index.php?rest_route=%2Fwp%2Fv2%2Ftags&post=461290"}],"curies":[{"name":"wp","href":"https:\/\/api.w.org\/{rel}","templated":true}]}}