{"id":461307,"date":"2020-02-26T00:05:00","date_gmt":"2020-02-26T06:05:00","guid":{"rendered":"https:\/\/www.diarioimagen.net\/?p=461307"},"modified":"2020-02-26T00:29:57","modified_gmt":"2020-02-26T06:29:57","slug":"lopez-obrador-analiza-lanzar-campana-contra-el-machismo","status":"publish","type":"post","link":"https:\/\/www.diarioimagen.net\/?p=461307","title":{"rendered":"L\u00f3pez Obrador lanzar\u00e1 una campa\u00f1a contra machismo"},"content":{"rendered":"<ul>\n<li><em><strong>Respuesta al movimiento feminista<\/strong><\/em><\/li>\n<li><em><strong>Afirma que se atender\u00e1n las causas que originan violencia de g\u00e9nero<\/strong><\/em><\/li>\n<\/ul>\n<p>&nbsp;<\/p>\n<div id=\"attachment_461308\" style=\"width: 470px\" class=\"wp-caption aligncenter\"><img loading=\"lazy\" decoding=\"async\" aria-describedby=\"caption-attachment-461308\" class=\"wp-image-461308 size-large\" src=\"https:\/\/www.diarioimagen.net\/wp-content\/uploads\/2020\/02\/CAMPA\u00d1A26-PORTAL-460x268.png\" alt=\"\" width=\"460\" height=\"268\" srcset=\"https:\/\/www.diarioimagen.net\/wp-content\/uploads\/2020\/02\/CAMPA\u00d1A26-PORTAL-460x268.png 460w, https:\/\/www.diarioimagen.net\/wp-content\/uploads\/2020\/02\/CAMPA\u00d1A26-PORTAL-240x140.png 240w, https:\/\/www.diarioimagen.net\/wp-content\/uploads\/2020\/02\/CAMPA\u00d1A26-PORTAL.png 480w\" sizes=\"auto, (max-width: 460px) 100vw, 460px\" \/><p id=\"caption-attachment-461308\" class=\"wp-caption-text\">Andr\u00e9s Manuel L\u00f3pez Obrador plante\u00f3 su postura de no a la violencia, y el rechazo a la manipulaci\u00f3n y al oportunismo en la lucha que mantiene el movimiento feminista.<\/p><\/div>\n<p>&nbsp;<\/p>\n<p>\u201cLes tenemos un gran respeto a las mujeres, nosotros estamos a favor de las mujeres, no somos machistas. Venimos de un movimiento de izquierda\u201d, declar\u00f3 el presidente Andr\u00e9s Manuel L\u00f3pez Obrador durante la conferencia matutina en Palacio Nacional, donde anunci\u00f3 una campa\u00f1a de concientizaci\u00f3n contra el machismo.<\/p>\n<p>Despu\u00e9s de los casos de feminicidio ocurridos en las recientes semanas, donde una ni\u00f1a, F\u00e1tima, tambi\u00e9n fue v\u00edctima, L\u00f3pez Obrador consider\u00f3 conveniente iniciar una campa\u00f1a para erradicar las pr\u00e1cticas machistas que afectan a las mujeres.<\/p>\n<p>\u201cLes tenemos un gran respeto a las mujeres, que si as\u00ed como se est\u00e1 haciendo una campa\u00f1a para evitar las adicciones el consumo de drogas en los j\u00f3venes, (se har\u00e1) una campa\u00f1a de concientizaci\u00f3n en contra del machismo, nosotros estamos a favor de las mujeres, no somos machistas\u201d, afirm\u00f3 el mandatario.<\/p>\n<p>Tambi\u00e9n plante\u00f3 su postura de no a la violencia, y el rechazo a la manipulaci\u00f3n y al oportunismo en la lucha que mantiene el movimiento feminista.<\/p>\n<p>\u201cAhora que se ha generado toda esta pol\u00e9mica, lo \u00fanico que pedimos es que todo el mundo se manifieste, es un derecho, no se trata de una concesi\u00f3n m\u00e1s de las libertades, las libertades se conquistan no se imploran, se ganan luchando de pie y caminando hacia adelante. No a la violencia, se gana m\u00e1s. Eso es lo \u00fanico y no a la manipulaci\u00f3n, no al oportunismo\u201d, plante\u00f3.<\/p>\n<p>A\u00f1adi\u00f3 que en el combate a los asesinatos de mujeres, se tiene que atender las causas que originan estas conductas violentas.<\/p>\n<p>\u201cHay que atender las causas, es lo que siempre hemos dicho, los problemas de feminicidio y violencia se originan por la pobreza la desintegraci\u00f3n de las familias, el abandono de los j\u00f3venes\u201d, consider\u00f3.<\/p>\n<p>Al mencionar que \u00e9l pugn\u00f3 por la paridad en la asignaci\u00f3n de candidaturas, as\u00ed como en los cargos p\u00fablicos, expres\u00f3 que durante su gobierno los programas sociales favorecen a las mujeres.<\/p>\n<p>\u201cBecas para estudiantes de nivel medio superior 50.8 son mujeres, esto tambi\u00e9n es un buen indicador sino porque antes estudiaban m\u00e1s los hombres que las mujeres y ahora son m\u00e1s las mujeres, o igual, que los hombres. Y las becas para nivel superior, los que est\u00e1n en universidades que son 300 mil 53.7 son mujeres. Pero les voy a dar otro dato, los que manejan todos estos programas son mujeres\u201d, apunt\u00f3.<\/p>\n<p>Expres\u00f3 una cr\u00edtica a los conservadores quienes se han vuelto feministas, \u201cy nosotros machistas\u201d.<\/p>\n<p>\u201cSi tienen problemas con nosotros que no se disfracen de feministas porque eso es hasta inmoral, no hay por qu\u00e9 meterse a un movimiento leg\u00edtimo a agarrar banderas, que los conservadores levanten su movimiento\u201d, critic\u00f3.<\/p>\n","protected":false},"excerpt":{"rendered":"<p>\u201cLes tenemos un gran respeto a las mujeres, nosotros estamos a favor de las mujeres, no somos machistas. Venimos de un movimiento de izquierda\u201d, declar\u00f3 el presidente Andr\u00e9s Manuel L\u00f3pez Obrador durante la conferencia matutina<\/p>\n","protected":false},"author":5,"featured_media":461308,"comment_status":"open","ping_status":"open","sticky":false,"template":"","format":"standard","meta":{"_monsterinsights_skip_tracking":false,"_monsterinsights_sitenote_active":false,"_monsterinsights_sitenote_note":"","_monsterinsights_sitenote_category":0,"footnotes":""},"categories":[3],"tags":[2545,6185,90276,65586,47079,81020,65166,43673,17257,373,43677,14425],"class_list":["post-461307","post","type-post","status-publish","format-standard","has-post-thumbnail","hentry","category-nacional","tag-amlo","tag-campana","tag-contra-el-machismo","tag-fatima","tag-lanza","tag-lopez-obrador","tag-machismo","tag-nacional","tag-nina","tag-palacio-nacional","tag-seguridad","tag-violencia-de-genero"],"_links":{"self":[{"href":"https:\/\/www.diarioimagen.net\/index.php?rest_route=\/wp\/v2\/posts\/461307","targetHints":{"allow":["GET"]}}],"collection":[{"href":"https:\/\/www.diarioimagen.net\/index.php?rest_route=\/wp\/v2\/posts"}],"about":[{"href":"https:\/\/www.diarioimagen.net\/index.php?rest_route=\/wp\/v2\/types\/post"}],"author":[{"embeddable":true,"href":"https:\/\/www.diarioimagen.net\/index.php?rest_route=\/wp\/v2\/users\/5"}],"replies":[{"embeddable":true,"href":"https:\/\/www.diarioimagen.net\/index.php?rest_route=%2Fwp%2Fv2%2Fcomments&post=461307"}],"version-history":[{"count":0,"href":"https:\/\/www.diarioimagen.net\/index.php?rest_route=\/wp\/v2\/posts\/461307\/revisions"}],"wp:featuredmedia":[{"embeddable":true,"href":"https:\/\/www.diarioimagen.net\/index.php?rest_route=\/wp\/v2\/media\/461308"}],"wp:attachment":[{"href":"https:\/\/www.diarioimagen.net\/index.php?rest_route=%2Fwp%2Fv2%2Fmedia&parent=461307"}],"wp:term":[{"taxonomy":"category","embeddable":true,"href":"https:\/\/www.diarioimagen.net\/index.php?rest_route=%2Fwp%2Fv2%2Fcategories&post=461307"},{"taxonomy":"post_tag","embeddable":true,"href":"https:\/\/www.diarioimagen.net\/index.php?rest_route=%2Fwp%2Fv2%2Ftags&post=461307"}],"curies":[{"name":"wp","href":"https:\/\/api.w.org\/{rel}","templated":true}]}}