{"id":461421,"date":"2020-02-26T00:03:20","date_gmt":"2020-02-26T06:03:20","guid":{"rendered":"https:\/\/www.diarioimagen.net\/?p=461421"},"modified":"2020-02-26T01:17:06","modified_gmt":"2020-02-26T07:17:06","slug":"ayuda-a-lopez-obrador","status":"publish","type":"post","link":"https:\/\/www.diarioimagen.net\/?p=461421","title":{"rendered":"Ayuda a L\u00f3pez Obrador"},"content":{"rendered":"<h2>Perfiles de M\u00e9xico<\/h2>\n<h5>Armando R\u00edos Ruiz<\/h5>\n<p>&nbsp;<\/p>\n<p>Personas comunes y corrientes, pero observadoras y empresas encuestadoras, aseguran que el Presidente de M\u00e9xico va en picada. Su ca\u00edda es insostenible debido a su forma tan sui g\u00e9neris de gobernar, que deja muchos sinsabores y de qu\u00e9 hablar mal, mientras \u00e9l asume actitudes de desprecio, tanto a la parte pensante de la poblaci\u00f3n, como a las instancias que forman opini\u00f3n.<\/p>\n<p>Hace discursos s\u00f3lo para sus seguidores; pretende ganar todos los d\u00edas la nota de ocho columnas desde sus conferencias matutinas; se molesta cuando le preguntan sobre temas diferentes a los que \u00e9l da por los m\u00e1s importantes; Las preguntas de los paleros molestan a la gente que observa las alocuciones y en suma, sus peroratas diarias ya cansan. Pero adem\u00e1s ha amenazado con extenderlas los fines de semana.<\/p>\n<p>Puede esgrimir que las ve y escucha quien quiere y que quien no quiera, apague la televisi\u00f3n. Pero no es as\u00ed de f\u00e1cil. A los mexicanos como a cualquier habitante del mundo les gusta enterarse de lo que ocurre en su pa\u00eds, de lo que hace su mandatario, inclusive de sus desatinos, que en el caso de M\u00e9xico, es \u00e9l mismo quien se encarga de pregonar los suyos.<\/p>\n<p>Act\u00faa como lo han hecho todos los que le antecedieron en la Presidencia. Como si al votar por \u00e9l, los ciudadanos le hayan conferido la propiedad del territorio nacional. El \u201cme canso ganso\u201d, el \u201cva porque va\u201d y expresiones parecidas ofenden, porque dan a entender que en un espacio que es suyo, tiene todo el derecho a imponer su ley a su manera (consultas), sin el menor respeto a nadie.<\/p>\n<p>Su obstinaci\u00f3n en polarizar a los mexicanos ha calado tambi\u00e9n en el \u00e1nimo de la gente que no vot\u00f3 por \u00e9l, la misma que critica que no gobierna para todos, sino s\u00f3lo para sus seguidores. La gente se da cuenta de que su endiosamiento no le permite aceptar sus errores. Es el \u00fanico que no es capaz de cometerlos.<\/p>\n<p>No hay d\u00eda que no culpe a alguien de lo que ocurre. La mayor\u00eda de las veces son los neoliberales los causantes de todas las desgracias que padecemos. Deber\u00eda agradecerles tambi\u00e9n su arribo a la Presidencia.<\/p>\n<p>Cada d\u00eda demuestra que es exactamente todo lo que ha criticado. Tiene tan mala memoria, que un d\u00eda afirma algo y al d\u00eda siguiente se desdice. Afirma que no dijo lo que dijo y termina por enredarse en una\u00a0 nueva mentira.<\/p>\n<p>La gente dice que ya es notorio apreciar en las redes sociales, voces que insisten en su arrepentimiento de haberle dado su voto. Las encuestadoras aseguran que cada d\u00eda, menos gente conf\u00eda en su Presidente. Roy Campos, director de Mitofsky, refuerza que su popularidad ha ca\u00eddo 10 puntos. \u201cEl Presidente no acepta errores, pero corrige\u201d. Como lo del avi\u00f3n presidencial\u201d. De las Heras Demotecnia, se expresa muy parecido. Otras tambi\u00e9n.<\/p>\n<p>Para acabarla, sus incondicionales en cargos que \u00e9l les ha confiado, le ayudan a apurar su ca\u00edda, cuando apoyan sus declaraciones sin m\u00e1s conocimiento que sus suposiciones.<\/p>\n<p>Cuando lo criticaron por menospreciar el problema de los feminicidios, por querer imponer el tema de la rifa del avi\u00f3n, que para \u00e9l era m\u00e1s importante, sus corifeos, como Mart\u00ed Batres y Yeidkol Polevnsky, entre otros, le copiaron.<\/p>\n<p>Las actitudes de \u00e9stos no pasaron inadvertidas y quedaron inscritas en el juicio de la ciudadan\u00eda, pues se suman al sentimiento de menosprecio que el gobierno exhibe en su contra. Advierte, adem\u00e1s, que las expresiones de esos personajes son hechas muy a la ligera, porque las hacen sin ning\u00fan conocimiento de causa.<\/p>\n<p>Instancias como Observatorio Nacional Ciudadano, refutan de manera contundente a quienes acompa\u00f1an al Presidente en sus afirmaciones. Polevnsky dice que el incremento de los feminicidios es falso. El organismo asevera, con base en investigaciones serias, que esos cr\u00edmenes se han incrementado 58.90 por ciento, desde 2018 a la fecha. Es decir, en lo que va del actual gobierno.<\/p>\n<p><a href=\"mailto:ariosruiz@gmail.com\" target=\"_blank\" rel=\"noopener noreferrer\"><em>ariosruiz@gmail.com<\/em><\/a><\/p>\n","protected":false},"excerpt":{"rendered":"<p><span style=\"color: #005497;\"><strong>Armando R\u00edos Ruiz<\/strong><\/span><\/p>\n","protected":false},"author":3,"featured_media":0,"comment_status":"open","ping_status":"open","sticky":false,"template":"","format":"standard","meta":{"_monsterinsights_skip_tracking":false,"_monsterinsights_sitenote_active":false,"_monsterinsights_sitenote_note":"","_monsterinsights_sitenote_category":0,"footnotes":""},"categories":[88405],"tags":[88407,43674,88406],"class_list":["post-461421","post","type-post","status-publish","format-standard","hentry","category-armando-rios-ruiz","tag-armando-rios-ruiz","tag-opinion","tag-perfiles-de-mexico"],"_links":{"self":[{"href":"https:\/\/www.diarioimagen.net\/index.php?rest_route=\/wp\/v2\/posts\/461421","targetHints":{"allow":["GET"]}}],"collection":[{"href":"https:\/\/www.diarioimagen.net\/index.php?rest_route=\/wp\/v2\/posts"}],"about":[{"href":"https:\/\/www.diarioimagen.net\/index.php?rest_route=\/wp\/v2\/types\/post"}],"author":[{"embeddable":true,"href":"https:\/\/www.diarioimagen.net\/index.php?rest_route=\/wp\/v2\/users\/3"}],"replies":[{"embeddable":true,"href":"https:\/\/www.diarioimagen.net\/index.php?rest_route=%2Fwp%2Fv2%2Fcomments&post=461421"}],"version-history":[{"count":0,"href":"https:\/\/www.diarioimagen.net\/index.php?rest_route=\/wp\/v2\/posts\/461421\/revisions"}],"wp:attachment":[{"href":"https:\/\/www.diarioimagen.net\/index.php?rest_route=%2Fwp%2Fv2%2Fmedia&parent=461421"}],"wp:term":[{"taxonomy":"category","embeddable":true,"href":"https:\/\/www.diarioimagen.net\/index.php?rest_route=%2Fwp%2Fv2%2Fcategories&post=461421"},{"taxonomy":"post_tag","embeddable":true,"href":"https:\/\/www.diarioimagen.net\/index.php?rest_route=%2Fwp%2Fv2%2Ftags&post=461421"}],"curies":[{"name":"wp","href":"https:\/\/api.w.org\/{rel}","templated":true}]}}