{"id":461430,"date":"2020-02-26T00:03:16","date_gmt":"2020-02-26T06:03:16","guid":{"rendered":"https:\/\/www.diarioimagen.net\/?p=461430"},"modified":"2020-02-26T01:21:18","modified_gmt":"2020-02-26T07:21:18","slug":"demanda-a-redes-sociales-progresistas","status":"publish","type":"post","link":"https:\/\/www.diarioimagen.net\/?p=461430","title":{"rendered":"Demanda a redes sociales progresistas"},"content":{"rendered":"<h2>Espacio Electoral<\/h2>\n<h5>Eleazar Flores<\/h5>\n<p>&nbsp;<\/p>\n<p><strong>VISTO BUENO SEGURO<\/strong>.- De entrada pareciera una pelea dispareja entre el poderoso yerno c\u00f3modo, Jos\u00e9 Fernando Gonz\u00e1lez S\u00e1nchez y Juan Iv\u00e1n Pe\u00f1a Neder, en busca de la dirigencia nacional del partido en embri\u00f3n Redes Sociales Progresistas, cuya due\u00f1a es ya saben qui\u00e9n.<\/p>\n<p>El parang\u00f3n en t\u00e9rminos box\u00edsticos ubicar\u00eda al yerno c\u00f3modo en peso completo y al expulsado de RSP en peso mosca, pero en t\u00e9rminos legales habr\u00eda que respetar y esperar los tiempos.<\/p>\n<p><strong>PROCESO<\/strong>.- Con la diligencia que da la abundancia de recursos, el yerno c\u00f3modo de do\u00f1a Elba Esther Gordillo Morales entreg\u00f3 el lunes al Instituto Nacional Electoral, toda la documentaci\u00f3n de las 23 asambleas estatales celebradas en el \u00faltimo medio a\u00f1o y a las que el propio INE testimoni\u00f3, con la asistencia de m\u00e1s de 400 mil personas, se asienta en los documentos.<\/p>\n<p>Patricio Ballados, director de Prerrogativas y Partidos Pol\u00edticos del INE, fue el responsable de recibir de Fernando Gonz\u00e1lez y sus doscientos simpatizantes la documentaci\u00f3n. El funcionario electoral habl\u00f3 para informar que su dependencia en principio y posteriormente el Consejo General, dictaminar\u00e1n la suerte de la solicitud para integrar un nuevo partido pol\u00edtico.<\/p>\n<p>Entrevistado por los medios, el yerno c\u00f3modo neg\u00f3 que RSP sea un partido propiedad de la ex lideresa magisterial Elba Esther Gordillo, pero si \u00e9sta se interesara por buscar una candidatura para las elecciones federales del pr\u00f3ximo a\u00f1o, \u201cel partido est\u00e1 abierto a todas las expresiones\u201d, adem\u00e1s de que la chiapaneca es una persona discutida, pero valiosa.<\/p>\n<p><strong>DEMANDA<\/strong>.- Hasta ah\u00ed todo ir\u00eda bien pero resulta que Juan Iv\u00e1n Pe\u00f1a Neder, que hasta el a\u00f1o pasado ven\u00eda fungiendo como secretario general y segundo de a bordo del Fernando Gonz\u00e1lez S\u00e1nchez, abruptamente fue desconocido y hasta expulsado. Neder no se qued\u00f3 cruzado de brazos y entabl\u00f3 una demanda ante el sexag\u00e9simo juzgado civil a cargo de la licenciada Margarita Garc\u00eda.<\/p>\n<p>La juez de inmediato el mismo lunes, 24 d\u00eda de la bandera, envi\u00f3 un oficio al director de Prerrogativas y Partidos Pol\u00edticos del INE Patricio Ballados, para que no entregue ninguna constancia relacionada con la organizaci\u00f3n Redes Sociales Progresistas ni a Fernando Gonz\u00e1lez S\u00e1nchez ni a Jer\u00f3nimo Esquinca hasta en tanto no dictamine el juez sobre el caso.<\/p>\n<p>Todo hace suponer que es cuesti\u00f3n de tiempo para que el Instituto Nacional Electoral entregue al yerno c\u00f3modo y su gente, la constancia para que Redes Sociales Progresistas se convierta en\u00a0 nuevo partido pol\u00edtico, sin embargo habr\u00e1 que esperar lo que la juez civil Margarita Garc\u00eda diga, lo que podr\u00e1 conocerse en una o dos semanas.<\/p>\n<p>Se espera con inter\u00e9s, \u00bfo morbo?, ver de qu\u00e9 tama\u00f1o es nuestra justicia.<\/p>\n<p><a href=\"mailto:elefa44@gmail.com\" target=\"_blank\" rel=\"noopener noreferrer\"><em>elefa44@gmail.com<\/em><\/a><\/p>\n","protected":false},"excerpt":{"rendered":"<p><span style=\"color: #005497;\"><strong>Eleazar Flores<\/strong><\/span><\/p>\n","protected":false},"author":3,"featured_media":0,"comment_status":"open","ping_status":"open","sticky":false,"template":"","format":"standard","meta":{"_monsterinsights_skip_tracking":false,"_monsterinsights_sitenote_active":false,"_monsterinsights_sitenote_note":"","_monsterinsights_sitenote_category":0,"footnotes":""},"categories":[81743],"tags":[81744,81776,43674],"class_list":["post-461430","post","type-post","status-publish","format-standard","hentry","category-eleazar-flores","tag-eleazar-flores","tag-espacio-electoral","tag-opinion"],"_links":{"self":[{"href":"https:\/\/www.diarioimagen.net\/index.php?rest_route=\/wp\/v2\/posts\/461430","targetHints":{"allow":["GET"]}}],"collection":[{"href":"https:\/\/www.diarioimagen.net\/index.php?rest_route=\/wp\/v2\/posts"}],"about":[{"href":"https:\/\/www.diarioimagen.net\/index.php?rest_route=\/wp\/v2\/types\/post"}],"author":[{"embeddable":true,"href":"https:\/\/www.diarioimagen.net\/index.php?rest_route=\/wp\/v2\/users\/3"}],"replies":[{"embeddable":true,"href":"https:\/\/www.diarioimagen.net\/index.php?rest_route=%2Fwp%2Fv2%2Fcomments&post=461430"}],"version-history":[{"count":0,"href":"https:\/\/www.diarioimagen.net\/index.php?rest_route=\/wp\/v2\/posts\/461430\/revisions"}],"wp:attachment":[{"href":"https:\/\/www.diarioimagen.net\/index.php?rest_route=%2Fwp%2Fv2%2Fmedia&parent=461430"}],"wp:term":[{"taxonomy":"category","embeddable":true,"href":"https:\/\/www.diarioimagen.net\/index.php?rest_route=%2Fwp%2Fv2%2Fcategories&post=461430"},{"taxonomy":"post_tag","embeddable":true,"href":"https:\/\/www.diarioimagen.net\/index.php?rest_route=%2Fwp%2Fv2%2Ftags&post=461430"}],"curies":[{"name":"wp","href":"https:\/\/api.w.org\/{rel}","templated":true}]}}