{"id":461483,"date":"2020-02-27T00:06:47","date_gmt":"2020-02-27T06:06:47","guid":{"rendered":"https:\/\/www.diarioimagen.net\/?p=461483"},"modified":"2020-02-26T23:33:31","modified_gmt":"2020-02-27T05:33:31","slug":"destituyen-a-director-de-secundaria-del-edomex-ante-denuncias-de-acoso","status":"publish","type":"post","link":"https:\/\/www.diarioimagen.net\/?p=461483","title":{"rendered":"Destituyen a director de secundaria del Edomex ante denuncias de acoso"},"content":{"rendered":"<ul>\n<li><em><strong>Contin\u00faan las protestas de alumnas<\/strong><\/em><\/li>\n<\/ul>\n<p>&nbsp;<\/p>\n<div id=\"attachment_461484\" style=\"width: 470px\" class=\"wp-caption aligncenter\"><img loading=\"lazy\" decoding=\"async\" aria-describedby=\"caption-attachment-461484\" class=\"size-large wp-image-461484\" src=\"https:\/\/www.diarioimagen.net\/wp-content\/uploads\/2020\/02\/DIRECTOR27-PORTAL-460x268.png\" alt=\"\" width=\"460\" height=\"268\" srcset=\"https:\/\/www.diarioimagen.net\/wp-content\/uploads\/2020\/02\/DIRECTOR27-PORTAL-460x268.png 460w, https:\/\/www.diarioimagen.net\/wp-content\/uploads\/2020\/02\/DIRECTOR27-PORTAL-240x140.png 240w, https:\/\/www.diarioimagen.net\/wp-content\/uploads\/2020\/02\/DIRECTOR27-PORTAL.png 480w\" sizes=\"auto, (max-width: 460px) 100vw, 460px\" \/><p id=\"caption-attachment-461484\" class=\"wp-caption-text\">Destituyen al director de la Escuela Secundaria T\u00e9cnica Industrial y Comercial Jaime Torres Bodet, en Cuautitl\u00e1n, tras las protestas de alumnas que aseguran sufren acoso sexual.<\/p><\/div>\n<p>&nbsp;<\/p>\n<p>La Secretar\u00eda de Educaci\u00f3n del Estado de M\u00e9xico destituy\u00f3 al director de la Escuela Secundaria T\u00e9cnica Industrial y Comercial (ESTIC) 52 Jaime Torres Bodet, en Cuautitl\u00e1n, tras las protestas de alumnas que aseguran sufren acoso sexual dentro de las instalaciones, inform\u00f3 el gobierno estatal.<\/p>\n<p>En un comunicado, detall\u00f3 que el director fue cesado de la Escuela Secundaria T\u00e9cnica, Industrial y Comercial \u201cDoctor Jaime Torres Bodet\u201d, en Cuautitl\u00e1n.<\/p>\n<p>La administraci\u00f3n estatal apunt\u00f3 que solicit\u00f3 la intervenci\u00f3n del \u00d3rgano de Control Interno, a efecto de iniciar una investigaci\u00f3n, as\u00ed como de la Subdirecci\u00f3n Regional para revisar las condiciones acad\u00e9micas y administrativas de este plantel.<\/p>\n<p>Adem\u00e1s la dependencia solicitar\u00e1 la intervenci\u00f3n de las instancias necesarias para garantizar la integridad emocional del alumnado, se\u00f1al\u00f3 el gobierno mexiquense.<\/p>\n<p>A\u00f1adi\u00f3 que la Secretar\u00eda de Educaci\u00f3n advirti\u00f3 que se sancionar\u00e1 sin distinci\u00f3n alguna todo tipo de conducta que pretenda da\u00f1ar el buen desempe\u00f1o de las escuelas en la entidad.<\/p>\n<p style=\"text-align: center;\"><strong>Alumnas protestan contra acoso de compa\u00f1eros<\/strong><\/p>\n<p>Por segundo d\u00eda, alumnas de la secundaria t\u00e9cnica protestaron contra el acoso de parte de sus compa\u00f1eros y por los se\u00f1alamientos del ex director, Omar Soberanis, quien dijo que son las ni\u00f1as las culpables de ello.<\/p>\n<p>Las estudiantes llegaron a la escuela con pancartas y consignas que gritaron desde el interior del plantel al tiempo que los padres de familia sostuvieron una reuni\u00f3n con las autoridades educativas, quienes les informaron que ya se realiza una investigaci\u00f3n al director y que fue destituido del cargo.<\/p>\n<p>Luis Fern\u00e1ndez, padre de una estudiante de segundo grado de secundaria, dijo que el director no estuvo en la reuni\u00f3n y que fue el supervisor quien les inform\u00f3 que son siete los estudiantes que tomaron fotograf\u00edas a sus compa\u00f1eras e incluso a una de las maestras para posteriormente cobrar entre 100 y 200 pesos por foto que vend\u00edan a m\u00e1s compa\u00f1eros.<\/p>\n<p>Tambi\u00e9n dijo que los padres pidieron que el director d\u00e9 la cara y no sea reubicado como docente en ning\u00fan otro centro educativo.<\/p>\n<p>El domingo, una de joven descubri\u00f3 que su ex novio estaba en un grupo de Facebook de compa\u00f1eros del sal\u00f3n de 2\u00b0 E, donde compart\u00edan fotos que tomaban por debajo de las faldas de sus compa\u00f1eras y maestras.<\/p>\n<p>El lunes, un grupo de por lo menos 15 estudiantes se manifestaron en las canchas del plantel luego de que el director ignorara las quejas que hab\u00edan expresado a sus orientadores.<\/p>\n<p>Adem\u00e1s, en redes sociales circul\u00f3 un video donde el director Omar Soberanis les comunica a las ni\u00f1as que los alumnos se\u00f1alados se disculpar\u00e1n, pero que tambi\u00e9n ellas \u201cprovocaban ese tipo de situaciones\u201d.<\/p>\n<p>Lo que ocasion\u00f3 m\u00e1s indignaci\u00f3n entre las estudiantes que hoy reclamaron desde la escuela y exigieron que los alumnos acosadores sean expulsados.<\/p>\n","protected":false},"excerpt":{"rendered":"<p>La Secretar\u00eda de Educaci\u00f3n del Estado de M\u00e9xico destituy\u00f3 al director de la Escuela Secundaria T\u00e9cnica Industrial y Comercial (ESTIC) 52 Jaime Torres Bodet, en Cuautitl\u00e1n, tras las protestas de alumnas que aseguran sufren acoso sexual dentro de las instalaciones, inform\u00f3 el gobierno estatal.<\/p>\n","protected":false},"author":5,"featured_media":461484,"comment_status":"open","ping_status":"open","sticky":false,"template":"","format":"standard","meta":{"_monsterinsights_skip_tracking":false,"_monsterinsights_sitenote_active":false,"_monsterinsights_sitenote_note":"","_monsterinsights_sitenote_category":0,"footnotes":""},"categories":[5],"tags":[90305,90303,43675,90306,90304],"class_list":["post-461483","post","type-post","status-publish","format-standard","has-post-thumbnail","hentry","category-estado-de-mexico","tag-52-jaime-torres","tag-denuncias-de-acoso","tag-estado-de-mexico","tag-omar-soberanis","tag-secundaria-del-edomex"],"_links":{"self":[{"href":"https:\/\/www.diarioimagen.net\/index.php?rest_route=\/wp\/v2\/posts\/461483","targetHints":{"allow":["GET"]}}],"collection":[{"href":"https:\/\/www.diarioimagen.net\/index.php?rest_route=\/wp\/v2\/posts"}],"about":[{"href":"https:\/\/www.diarioimagen.net\/index.php?rest_route=\/wp\/v2\/types\/post"}],"author":[{"embeddable":true,"href":"https:\/\/www.diarioimagen.net\/index.php?rest_route=\/wp\/v2\/users\/5"}],"replies":[{"embeddable":true,"href":"https:\/\/www.diarioimagen.net\/index.php?rest_route=%2Fwp%2Fv2%2Fcomments&post=461483"}],"version-history":[{"count":0,"href":"https:\/\/www.diarioimagen.net\/index.php?rest_route=\/wp\/v2\/posts\/461483\/revisions"}],"wp:featuredmedia":[{"embeddable":true,"href":"https:\/\/www.diarioimagen.net\/index.php?rest_route=\/wp\/v2\/media\/461484"}],"wp:attachment":[{"href":"https:\/\/www.diarioimagen.net\/index.php?rest_route=%2Fwp%2Fv2%2Fmedia&parent=461483"}],"wp:term":[{"taxonomy":"category","embeddable":true,"href":"https:\/\/www.diarioimagen.net\/index.php?rest_route=%2Fwp%2Fv2%2Fcategories&post=461483"},{"taxonomy":"post_tag","embeddable":true,"href":"https:\/\/www.diarioimagen.net\/index.php?rest_route=%2Fwp%2Fv2%2Ftags&post=461483"}],"curies":[{"name":"wp","href":"https:\/\/api.w.org\/{rel}","templated":true}]}}