{"id":461535,"date":"2020-02-27T00:05:37","date_gmt":"2020-02-27T06:05:37","guid":{"rendered":"https:\/\/www.diarioimagen.net\/?p=461535"},"modified":"2020-02-27T04:46:59","modified_gmt":"2020-02-27T10:46:59","slug":"no-creo-en-la-pena-de-muerte-el-presidente","status":"publish","type":"post","link":"https:\/\/www.diarioimagen.net\/?p=461535","title":{"rendered":"No creo en la pena de muerte: el Presidente"},"content":{"rendered":"<div id=\"attachment_461635\" style=\"width: 470px\" class=\"wp-caption aligncenter\"><a href=\"https:\/\/www.diarioimagen.net\/?attachment_id=461635\" rel=\"attachment wp-att-461635\"><img loading=\"lazy\" decoding=\"async\" aria-describedby=\"caption-attachment-461635\" class=\"size-large wp-image-461635\" src=\"https:\/\/www.diarioimagen.net\/wp-content\/uploads\/2020\/02\/amlo-460x259.jpg\" alt=\"\" width=\"460\" height=\"259\" srcset=\"https:\/\/www.diarioimagen.net\/wp-content\/uploads\/2020\/02\/amlo-460x259.jpg 460w, https:\/\/www.diarioimagen.net\/wp-content\/uploads\/2020\/02\/amlo-240x135.jpg 240w, https:\/\/www.diarioimagen.net\/wp-content\/uploads\/2020\/02\/amlo-235x132.jpg 235w, https:\/\/www.diarioimagen.net\/wp-content\/uploads\/2020\/02\/amlo-202x114.jpg 202w, https:\/\/www.diarioimagen.net\/wp-content\/uploads\/2020\/02\/amlo-350x196.jpg 350w, https:\/\/www.diarioimagen.net\/wp-content\/uploads\/2020\/02\/amlo-220x123.jpg 220w, https:\/\/www.diarioimagen.net\/wp-content\/uploads\/2020\/02\/amlo-237x132.jpg 237w, https:\/\/www.diarioimagen.net\/wp-content\/uploads\/2020\/02\/amlo.jpg 480w\" sizes=\"auto, (max-width: 460px) 100vw, 460px\" \/><\/a><p id=\"caption-attachment-461635\" class=\"wp-caption-text\">Andr\u00e9s Manuel L\u00f3pez Obrador rechaz\u00f3 la aplicaci\u00f3n de la pena de muerte como alternativa para disminuir la violencia.<\/p><\/div>\n<p>&nbsp;<\/p>\n<p>El presidente Andr\u00e9s Manuel L\u00f3pez Obrador rechaz\u00f3 la aplicaci\u00f3n de la pena de muerte como alternativa para disminuir la violencia e inseguridad.\u201cYo no creo en la pena de muerte. No creo que sea una alternativa. Creo en el ser humano, considero que no sea una soluci\u00f3n lo de la pena de muerte\u201d, reiter\u00f3 durante su conferencia matutina en Palacio Nacional.<\/p>\n<p>\u201cEstoy a favor de la paz y la justicia, estoy convencido que el ser humano es bueno por naturaleza y que son las circunstancias las que llevan a algunos a tomar conductas antisociales. Los mexicanos somos buenos, no nacemos malos, son las circunstancias y lo tengo probado\u201d, afirm\u00f3. Durante su interlocuci\u00f3n, aludi\u00f3 a las entrevistas realizadas a personas que han cometido cr\u00edmenes y que est\u00e1n recluidas en penales.<\/p>\n<p>\u201cGuardando el anonimato preguntan porque toman la decisi\u00f3n de dedicarse a la delincuencia a sicarios y dan las razones, y predomina, la mayor\u00eda de ellos habla del mal trato que recibieron en sus familias. Y del entorno tan agreste, tan hostil en el que se desenvolvieron como ni\u00f1os\u201d, expuso.<\/p>\n<p>El mandatario a\u00f1adi\u00f3 que esos detenidos admiten en su mayor\u00eda que \u201caspiraban a matar a sus padres y cuando ten\u00edan a sicarios bajo sus \u00f3rdenes la mayor\u00eda no agred\u00eda a sus padres. Lo que hac\u00edan eran llamar al pap\u00e1 y decirle \u2018vete, no te quiero volver a ver, porque si te vuelvo a ver\u2019\u2026, en medio de toda esta enajenaci\u00f3n\u201d, expuso. Reiter\u00f3 que su postura es en contra de modificar la ley para aprobar que la pena de muerte se incluya en las sanciones a quienes cometen delitos.<\/p>\n<p>El martes, la fracci\u00f3n del Verde Ecologista en la C\u00e1mara de Diputados y cinco legisladores de Morena presentaron una iniciativa de reformas constitucionales para eliminar la prohibici\u00f3n de la pena de muerte e imponer ese castigo a los responsables de violaci\u00f3n, feminicidio y homicidio doloso.<\/p>\n<p>De acuerdo con la propuesta, la pena proceder\u00eda contra violadores que asesinen a su v\u00edctima y feminicidas cuya v\u00edctima sea menor de edad, as\u00ed como responsables de homicidios agravados.<\/p>\n","protected":false},"excerpt":{"rendered":"<p>El presidente Andr\u00e9s Manuel L\u00f3pez Obrador rechaz\u00f3 la aplicaci\u00f3n de la pena de muerte como alternativa para disminuir la violencia e inseguridad.\u201cYo no creo en la pena de muerte. No creo que sea una alternativa. Creo en el ser humano, considero que no sea una soluci\u00f3n lo de la pena de muerte\u201d, reiter\u00f3 durante su conferencia matutina en Palacio Nacional.<\/p>\n","protected":false},"author":3,"featured_media":461635,"comment_status":"open","ping_status":"open","sticky":false,"template":"","format":"standard","meta":{"_monsterinsights_skip_tracking":false,"_monsterinsights_sitenote_active":false,"_monsterinsights_sitenote_note":"","_monsterinsights_sitenote_category":0,"footnotes":""},"categories":[7],"tags":[2545,29871,3309,43677],"class_list":["post-461535","post","type-post","status-publish","format-standard","has-post-thumbnail","hentry","category-seguridad","tag-amlo","tag-pena-capital","tag-pena-de-muerte","tag-seguridad"],"_links":{"self":[{"href":"https:\/\/www.diarioimagen.net\/index.php?rest_route=\/wp\/v2\/posts\/461535","targetHints":{"allow":["GET"]}}],"collection":[{"href":"https:\/\/www.diarioimagen.net\/index.php?rest_route=\/wp\/v2\/posts"}],"about":[{"href":"https:\/\/www.diarioimagen.net\/index.php?rest_route=\/wp\/v2\/types\/post"}],"author":[{"embeddable":true,"href":"https:\/\/www.diarioimagen.net\/index.php?rest_route=\/wp\/v2\/users\/3"}],"replies":[{"embeddable":true,"href":"https:\/\/www.diarioimagen.net\/index.php?rest_route=%2Fwp%2Fv2%2Fcomments&post=461535"}],"version-history":[{"count":0,"href":"https:\/\/www.diarioimagen.net\/index.php?rest_route=\/wp\/v2\/posts\/461535\/revisions"}],"wp:featuredmedia":[{"embeddable":true,"href":"https:\/\/www.diarioimagen.net\/index.php?rest_route=\/wp\/v2\/media\/461635"}],"wp:attachment":[{"href":"https:\/\/www.diarioimagen.net\/index.php?rest_route=%2Fwp%2Fv2%2Fmedia&parent=461535"}],"wp:term":[{"taxonomy":"category","embeddable":true,"href":"https:\/\/www.diarioimagen.net\/index.php?rest_route=%2Fwp%2Fv2%2Fcategories&post=461535"},{"taxonomy":"post_tag","embeddable":true,"href":"https:\/\/www.diarioimagen.net\/index.php?rest_route=%2Fwp%2Fv2%2Ftags&post=461535"}],"curies":[{"name":"wp","href":"https:\/\/api.w.org\/{rel}","templated":true}]}}