{"id":461547,"date":"2020-02-27T00:03:49","date_gmt":"2020-02-27T06:03:49","guid":{"rendered":"https:\/\/www.diarioimagen.net\/?p=461547"},"modified":"2020-02-27T02:05:27","modified_gmt":"2020-02-27T08:05:27","slug":"firman-convenio-gobierno-de-tlalnepantla-y-fundacion-devlyn","status":"publish","type":"post","link":"https:\/\/www.diarioimagen.net\/?p=461547","title":{"rendered":"Firman convenio gobierno de Tlalnepantla y Fundaci\u00f3n Devlyn"},"content":{"rendered":"<p><a href=\"https:\/\/www.diarioimagen.net\/?attachment_id=461621\" rel=\"attachment wp-att-461621\"><img loading=\"lazy\" decoding=\"async\" class=\"aligncenter size-large wp-image-461621\" src=\"https:\/\/www.diarioimagen.net\/wp-content\/uploads\/2020\/02\/TLALNEPANTLA-7-460x259.jpg\" alt=\"\" width=\"460\" height=\"259\" srcset=\"https:\/\/www.diarioimagen.net\/wp-content\/uploads\/2020\/02\/TLALNEPANTLA-7-460x259.jpg 460w, https:\/\/www.diarioimagen.net\/wp-content\/uploads\/2020\/02\/TLALNEPANTLA-7-240x135.jpg 240w, https:\/\/www.diarioimagen.net\/wp-content\/uploads\/2020\/02\/TLALNEPANTLA-7-235x132.jpg 235w, https:\/\/www.diarioimagen.net\/wp-content\/uploads\/2020\/02\/TLALNEPANTLA-7-202x114.jpg 202w, https:\/\/www.diarioimagen.net\/wp-content\/uploads\/2020\/02\/TLALNEPANTLA-7-350x196.jpg 350w, https:\/\/www.diarioimagen.net\/wp-content\/uploads\/2020\/02\/TLALNEPANTLA-7-220x123.jpg 220w, https:\/\/www.diarioimagen.net\/wp-content\/uploads\/2020\/02\/TLALNEPANTLA-7-237x132.jpg 237w, https:\/\/www.diarioimagen.net\/wp-content\/uploads\/2020\/02\/TLALNEPANTLA-7.jpg 480w\" sizes=\"auto, (max-width: 460px) 100vw, 460px\" \/><\/a><\/p>\n<p>&nbsp;<\/p>\n<p><strong>Tlalnepantla, Estado de M\u00e9xico<\/strong><strong>.-<\/strong> El Gobierno Municipal que encabeza el alcalde Raciel P\u00e9rez Cruz y la Fundaci\u00f3n Devlyn firmaron el convenio de colaboraci\u00f3n \u2018Tlalnepantla Visualmente Responsable\u00b4 para beneficiar a la poblaci\u00f3n en condici\u00f3n de vulnerabilidad de Nuestra Ciudad.<\/p>\n<p>A trav\u00e9s de este convenio se realizar\u00e1n campa\u00f1as de detecci\u00f3n de trastornos visuales en las zonas m\u00e1s vulnerables de Nuestra Ciudad, as\u00ed como en casas de descanso para personas adultas mayores y m\u00f3dulos del Sistema Municipal para el Desarrollo Integral de la Familia (SMDIF).<\/p>\n<p>La Fundaci\u00f3n Devlyn realiz\u00f3 la donaci\u00f3n de mil lentes de lectura que tendr\u00e1n un costo simb\u00f3lico de un peso, los recursos ser\u00e1n destinados a la organizaci\u00f3n para beneficiar a m\u00e1s personas.<\/p>\n","protected":false},"excerpt":{"rendered":"<p>El Gobierno Municipal que encabeza el alcalde Raciel P\u00e9rez Cruz y la Fundaci\u00f3n Devlyn firmaron el convenio de colaboraci\u00f3n \u2018Tlalnepantla Visualmente Responsable\u00b4 para beneficiar a la poblaci\u00f3n en condici\u00f3n de vulnerabilidad de Nuestra Ciudad.<\/p>\n","protected":false},"author":3,"featured_media":461621,"comment_status":"open","ping_status":"open","sticky":false,"template":"","format":"standard","meta":{"_monsterinsights_skip_tracking":false,"_monsterinsights_sitenote_active":false,"_monsterinsights_sitenote_note":"","_monsterinsights_sitenote_category":0,"footnotes":""},"categories":[5],"tags":[22865,43675,90321,169],"class_list":["post-461547","post","type-post","status-publish","format-standard","has-post-thumbnail","hentry","category-estado-de-mexico","tag-convenio","tag-estado-de-mexico","tag-fundacion-devlyn","tag-tlalnepantla"],"_links":{"self":[{"href":"https:\/\/www.diarioimagen.net\/index.php?rest_route=\/wp\/v2\/posts\/461547","targetHints":{"allow":["GET"]}}],"collection":[{"href":"https:\/\/www.diarioimagen.net\/index.php?rest_route=\/wp\/v2\/posts"}],"about":[{"href":"https:\/\/www.diarioimagen.net\/index.php?rest_route=\/wp\/v2\/types\/post"}],"author":[{"embeddable":true,"href":"https:\/\/www.diarioimagen.net\/index.php?rest_route=\/wp\/v2\/users\/3"}],"replies":[{"embeddable":true,"href":"https:\/\/www.diarioimagen.net\/index.php?rest_route=%2Fwp%2Fv2%2Fcomments&post=461547"}],"version-history":[{"count":0,"href":"https:\/\/www.diarioimagen.net\/index.php?rest_route=\/wp\/v2\/posts\/461547\/revisions"}],"wp:featuredmedia":[{"embeddable":true,"href":"https:\/\/www.diarioimagen.net\/index.php?rest_route=\/wp\/v2\/media\/461621"}],"wp:attachment":[{"href":"https:\/\/www.diarioimagen.net\/index.php?rest_route=%2Fwp%2Fv2%2Fmedia&parent=461547"}],"wp:term":[{"taxonomy":"category","embeddable":true,"href":"https:\/\/www.diarioimagen.net\/index.php?rest_route=%2Fwp%2Fv2%2Fcategories&post=461547"},{"taxonomy":"post_tag","embeddable":true,"href":"https:\/\/www.diarioimagen.net\/index.php?rest_route=%2Fwp%2Fv2%2Ftags&post=461547"}],"curies":[{"name":"wp","href":"https:\/\/api.w.org\/{rel}","templated":true}]}}