{"id":461549,"date":"2020-02-27T00:02:54","date_gmt":"2020-02-27T06:02:54","guid":{"rendered":"https:\/\/www.diarioimagen.net\/?p=461549"},"modified":"2020-02-27T04:37:53","modified_gmt":"2020-02-27T10:37:53","slug":"dif-municipal-de-cuautitlan-da-apoyo-psicologico-y-psiquiatrico-a-la-poblacion","status":"publish","type":"post","link":"https:\/\/www.diarioimagen.net\/?p=461549","title":{"rendered":"DIF municipal de Cuautitl\u00e1n da apoyo psicol\u00f3gico y psiqui\u00e1trico a la poblaci\u00f3n"},"content":{"rendered":"<ul>\n<li><strong><em>En la cl\u00ednica de Los Morales<\/em><\/strong><\/li>\n<\/ul>\n<p>&nbsp;<\/p>\n<p><a href=\"https:\/\/www.diarioimagen.net\/?attachment_id=461623\" rel=\"attachment wp-att-461623\"><img loading=\"lazy\" decoding=\"async\" class=\"aligncenter size-large wp-image-461623\" src=\"https:\/\/www.diarioimagen.net\/wp-content\/uploads\/2020\/02\/CUAUTITL\u00c1N-6-460x259.jpg\" alt=\"\" width=\"460\" height=\"259\" srcset=\"https:\/\/www.diarioimagen.net\/wp-content\/uploads\/2020\/02\/CUAUTITL\u00c1N-6-460x259.jpg 460w, https:\/\/www.diarioimagen.net\/wp-content\/uploads\/2020\/02\/CUAUTITL\u00c1N-6-240x135.jpg 240w, https:\/\/www.diarioimagen.net\/wp-content\/uploads\/2020\/02\/CUAUTITL\u00c1N-6-235x132.jpg 235w, https:\/\/www.diarioimagen.net\/wp-content\/uploads\/2020\/02\/CUAUTITL\u00c1N-6-202x114.jpg 202w, https:\/\/www.diarioimagen.net\/wp-content\/uploads\/2020\/02\/CUAUTITL\u00c1N-6-350x196.jpg 350w, https:\/\/www.diarioimagen.net\/wp-content\/uploads\/2020\/02\/CUAUTITL\u00c1N-6-220x123.jpg 220w, https:\/\/www.diarioimagen.net\/wp-content\/uploads\/2020\/02\/CUAUTITL\u00c1N-6-237x132.jpg 237w, https:\/\/www.diarioimagen.net\/wp-content\/uploads\/2020\/02\/CUAUTITL\u00c1N-6.jpg 480w\" sizes=\"auto, (max-width: 460px) 100vw, 460px\" \/><\/a><\/p>\n<p>&nbsp;<\/p>\n<p><strong>Cuautitl\u00e1n, Estado de M\u00e9xico<\/strong>.- Mejorar la salud mental de la poblaci\u00f3n con apoyos psicol\u00f3gicos es uno de los objetivos del sistema municipal DIF de Cuautitl\u00e1n, que a trav\u00e9s de la coordinaci\u00f3n Prevenci\u00f3n y Bienestar Social, realiza con los diversos programas de atenci\u00f3n en la cl\u00ednica de Los Morales, destac\u00f3 la encargada del \u00e1rea.<\/p>\n<p>Se cuenta con un programa integral de atenci\u00f3n psicol\u00f3gica y psiqui\u00e1trica para la poblaci\u00f3n, que contempla la prevenci\u00f3n en problemas de salud mental, atendiendo principalmente a los habitantes del municipio, sin embargo, tambi\u00e9n acuden vecinos de los municipios de Zumpango, Teoloyucan, Melchor Ocampo y Tultepec, por su bajo costo, destac\u00f3.<\/p>\n<p>En la cl\u00ednica de Los Morales y las perif\u00e9ricas de Hacienda de Cuautitl\u00e1n, Misiones y Santa Elena se atienden con los programas Atenci\u00f3n Integral a Madres\u00a0\u00a0 (AIMA), Salud Mental de la Mujer (SMM), Integraci\u00f3n Familiar (IFAM), Prevenci\u00f3n de Adicciones y Atenci\u00f3n Integral al Adolescente (AIA), adem\u00e1s de los talleres y las consultas para el p\u00fablico en general a bajo costo.<\/p>\n<p>Se atiende a toda la poblaci\u00f3n que solicita el servicio de consulta y con los talleres: Escuelas para Padres, Depresi\u00f3n, Autoestima y Duelo (tanatolog\u00eda), los cuales est\u00e1n abiertos a los diversos sectores, ya que se pueden impartir en sus comunidades, as\u00ed como en empresas privadas o centros educativos del municipio que los soliciten.<\/p>\n<p>Se trabaja en el tema del suicidio en escuelas con los adolescentes a trav\u00e9s del programa de Inteligencia emocional, para la prevenci\u00f3n del uso de drogas, embarazo no deseado y otros temas, como el autoestima y la frustraci\u00f3n, dirigido a los profesores y padres de familia.<\/p>\n<p>Este servicio psicol\u00f3gico se ha extendido a los servidores p\u00fablicos de la administraci\u00f3n municipal como los elementos de la polic\u00eda, a quienes se les impartieron diversos talleres y terapias, donde algunos incluyeron a los integrantes de su familia para un mejor resultado.<\/p>\n<p>\u00ac\u00ac\u00ac<\/p>\n<p>El sistema municipal DIF de Cuautitl\u00e1n realiza diversos programas de atenci\u00f3n a la poblaci\u00f3n en la cl\u00ednica de Los Morales.<\/p>\n","protected":false},"excerpt":{"rendered":"<p>Mejorar la salud mental de la poblaci\u00f3n con apoyos psicol\u00f3gicos es uno de los objetivos del sistema municipal DIF de Cuautitl\u00e1n, que a trav\u00e9s de la coordinaci\u00f3n Prevenci\u00f3n y Bienestar Social, realiza con los diversos programas de atenci\u00f3n en la cl\u00ednica de Los Morales, destac\u00f3 la encargada del \u00e1rea.<\/p>\n","protected":false},"author":3,"featured_media":461623,"comment_status":"open","ping_status":"open","sticky":false,"template":"","format":"standard","meta":{"_monsterinsights_skip_tracking":false,"_monsterinsights_sitenote_active":false,"_monsterinsights_sitenote_note":"","_monsterinsights_sitenote_category":0,"footnotes":""},"categories":[5],"tags":[2701,681,43675,78354,90322],"class_list":["post-461549","post","type-post","status-publish","format-standard","has-post-thumbnail","hentry","category-estado-de-mexico","tag-apoyo","tag-cuautitlan","tag-estado-de-mexico","tag-psicologico","tag-psiquiatrico"],"_links":{"self":[{"href":"https:\/\/www.diarioimagen.net\/index.php?rest_route=\/wp\/v2\/posts\/461549","targetHints":{"allow":["GET"]}}],"collection":[{"href":"https:\/\/www.diarioimagen.net\/index.php?rest_route=\/wp\/v2\/posts"}],"about":[{"href":"https:\/\/www.diarioimagen.net\/index.php?rest_route=\/wp\/v2\/types\/post"}],"author":[{"embeddable":true,"href":"https:\/\/www.diarioimagen.net\/index.php?rest_route=\/wp\/v2\/users\/3"}],"replies":[{"embeddable":true,"href":"https:\/\/www.diarioimagen.net\/index.php?rest_route=%2Fwp%2Fv2%2Fcomments&post=461549"}],"version-history":[{"count":0,"href":"https:\/\/www.diarioimagen.net\/index.php?rest_route=\/wp\/v2\/posts\/461549\/revisions"}],"wp:featuredmedia":[{"embeddable":true,"href":"https:\/\/www.diarioimagen.net\/index.php?rest_route=\/wp\/v2\/media\/461623"}],"wp:attachment":[{"href":"https:\/\/www.diarioimagen.net\/index.php?rest_route=%2Fwp%2Fv2%2Fmedia&parent=461549"}],"wp:term":[{"taxonomy":"category","embeddable":true,"href":"https:\/\/www.diarioimagen.net\/index.php?rest_route=%2Fwp%2Fv2%2Fcategories&post=461549"},{"taxonomy":"post_tag","embeddable":true,"href":"https:\/\/www.diarioimagen.net\/index.php?rest_route=%2Fwp%2Fv2%2Ftags&post=461549"}],"curies":[{"name":"wp","href":"https:\/\/api.w.org\/{rel}","templated":true}]}}