{"id":461551,"date":"2020-02-27T00:01:15","date_gmt":"2020-02-27T06:01:15","guid":{"rendered":"https:\/\/www.diarioimagen.net\/?p=461551"},"modified":"2020-02-27T04:39:52","modified_gmt":"2020-02-27T10:39:52","slug":"entregan-mas-equipo-y-obras-en-huixquilucan-en-beneficio-de-alumnos","status":"publish","type":"post","link":"https:\/\/www.diarioimagen.net\/?p=461551","title":{"rendered":"Entregan m\u00e1s equipo y obras en Huixquilucan en beneficio de alumnos"},"content":{"rendered":"<ul>\n<li><strong><em>En apoyo a cientos de estudiantes de nivel preescolar<\/em><\/strong><\/li>\n<\/ul>\n<p>&nbsp;<\/p>\n<div id=\"attachment_461626\" style=\"width: 470px\" class=\"wp-caption aligncenter\"><a href=\"https:\/\/www.diarioimagen.net\/?attachment_id=461626\" rel=\"attachment wp-att-461626\"><img loading=\"lazy\" decoding=\"async\" aria-describedby=\"caption-attachment-461626\" class=\"size-large wp-image-461626\" src=\"https:\/\/www.diarioimagen.net\/wp-content\/uploads\/2020\/02\/HUIXQUILUCAN-8-460x259.jpg\" alt=\"\" width=\"460\" height=\"259\" srcset=\"https:\/\/www.diarioimagen.net\/wp-content\/uploads\/2020\/02\/HUIXQUILUCAN-8-460x259.jpg 460w, https:\/\/www.diarioimagen.net\/wp-content\/uploads\/2020\/02\/HUIXQUILUCAN-8-240x135.jpg 240w, https:\/\/www.diarioimagen.net\/wp-content\/uploads\/2020\/02\/HUIXQUILUCAN-8-235x132.jpg 235w, https:\/\/www.diarioimagen.net\/wp-content\/uploads\/2020\/02\/HUIXQUILUCAN-8-202x114.jpg 202w, https:\/\/www.diarioimagen.net\/wp-content\/uploads\/2020\/02\/HUIXQUILUCAN-8-350x196.jpg 350w, https:\/\/www.diarioimagen.net\/wp-content\/uploads\/2020\/02\/HUIXQUILUCAN-8-220x123.jpg 220w, https:\/\/www.diarioimagen.net\/wp-content\/uploads\/2020\/02\/HUIXQUILUCAN-8-237x132.jpg 237w, https:\/\/www.diarioimagen.net\/wp-content\/uploads\/2020\/02\/HUIXQUILUCAN-8.jpg 480w\" sizes=\"auto, (max-width: 460px) 100vw, 460px\" \/><\/a><p id=\"caption-attachment-461626\" class=\"wp-caption-text\">El alcalde Enrique Vargas del Villar entreg\u00f3 obras en beneficio de cientos de estudiantes de nivel preescolar.<\/p><\/div>\n<p>&nbsp;<\/p>\n<p><strong>Huixquilucan, Estado de M\u00e9xico<\/strong>.- El presidente municipal de Huixquilucan, Enrique Vargas del Villar, entreg\u00f3 obras en beneficio de cientos de estudiantes de nivel preescolar de la zona popular y tradicional.<\/p>\n<p>En el jard\u00edn de ni\u00f1os, \u201cJuan Ram\u00f3n Jim\u00e9nez\u201d, en la comunidad de Jes\u00fas del Monte, el Alcalde entreg\u00f3 una techumbre de 297.5 metros en el patio central, que favorece a 146 alumnos y que ahora podr\u00e1n realizar sus actividades escolares, deportivas, c\u00edvicas y de convivencia en la sombra. Esta obra tuvo una inversi\u00f3n de casi 800 mil pesos, y a pesar de que la escuela pertenece al gobierno del Estado de M\u00e9xico, \u201cmi administraci\u00f3n, desde hace 5 a\u00f1os ha dado principal inter\u00e9s a las instituciones educativas para que los alumnos estudien en las mejores condiciones\u201d, resalt\u00f3 Vargas del Villar.<\/p>\n<p>Dijo que hasta el \u00faltimo d\u00eda de su gesti\u00f3n como Presidente de Huixquilucan, la atenci\u00f3n a las escuelas del municipio contar\u00e1n con su apoyo y con ello los alumnos tengan instalaciones dignas y adecuadas para su mejor aprendizaje. A nombre del personal docente, alumnos y padres de familia, Mar\u00eda del Carmen Hurtado Garc\u00eda, directora del jard\u00edn de ni\u00f1os, agradeci\u00f3 la techumbre instalada en el patio central que mejorar\u00e1 el aprendizaje de los peque\u00f1os.<\/p>\n<p>Enrique Vargas del Villar, anunci\u00f3 que este a\u00f1o continuar\u00e1n las obras y ejemplo de ello es que en breve en la comunidad de Jes\u00fas del Monte iniciar\u00e1 la primera etapa de la repavimentaci\u00f3n de la calle Emiliano Zapata, entre otras.<\/p>\n<p>Despu\u00e9s en el jard\u00edn de ni\u00f1os \u201cGuadalupe Victoria\u201d, en la comunidad de El Plan, el Presidente Municipal fue informado de la instalaci\u00f3n del circuito interno de vigilancia, la adquisici\u00f3n de computadoras para personal administrativo y educativo, as\u00ed como despachadores de agua potable para los alumnos entre otros. Material que fue adquirido por una aportaci\u00f3n econ\u00f3mica que el Edil hizo a la instituci\u00f3n.<\/p>\n","protected":false},"excerpt":{"rendered":"<p>El presidente municipal de Huixquilucan, Enrique Vargas del Villar, entreg\u00f3 obras en beneficio de cientos de estudiantes de nivel preescolar de la zona popular y tradicional.<\/p>\n","protected":false},"author":3,"featured_media":461626,"comment_status":"open","ping_status":"open","sticky":false,"template":"","format":"standard","meta":{"_monsterinsights_skip_tracking":false,"_monsterinsights_sitenote_active":false,"_monsterinsights_sitenote_note":"","_monsterinsights_sitenote_category":0,"footnotes":""},"categories":[5],"tags":[43675,1097],"class_list":["post-461551","post","type-post","status-publish","format-standard","has-post-thumbnail","hentry","category-estado-de-mexico","tag-estado-de-mexico","tag-huixquilucan"],"_links":{"self":[{"href":"https:\/\/www.diarioimagen.net\/index.php?rest_route=\/wp\/v2\/posts\/461551","targetHints":{"allow":["GET"]}}],"collection":[{"href":"https:\/\/www.diarioimagen.net\/index.php?rest_route=\/wp\/v2\/posts"}],"about":[{"href":"https:\/\/www.diarioimagen.net\/index.php?rest_route=\/wp\/v2\/types\/post"}],"author":[{"embeddable":true,"href":"https:\/\/www.diarioimagen.net\/index.php?rest_route=\/wp\/v2\/users\/3"}],"replies":[{"embeddable":true,"href":"https:\/\/www.diarioimagen.net\/index.php?rest_route=%2Fwp%2Fv2%2Fcomments&post=461551"}],"version-history":[{"count":0,"href":"https:\/\/www.diarioimagen.net\/index.php?rest_route=\/wp\/v2\/posts\/461551\/revisions"}],"wp:featuredmedia":[{"embeddable":true,"href":"https:\/\/www.diarioimagen.net\/index.php?rest_route=\/wp\/v2\/media\/461626"}],"wp:attachment":[{"href":"https:\/\/www.diarioimagen.net\/index.php?rest_route=%2Fwp%2Fv2%2Fmedia&parent=461551"}],"wp:term":[{"taxonomy":"category","embeddable":true,"href":"https:\/\/www.diarioimagen.net\/index.php?rest_route=%2Fwp%2Fv2%2Fcategories&post=461551"},{"taxonomy":"post_tag","embeddable":true,"href":"https:\/\/www.diarioimagen.net\/index.php?rest_route=%2Fwp%2Fv2%2Ftags&post=461551"}],"curies":[{"name":"wp","href":"https:\/\/api.w.org\/{rel}","templated":true}]}}