{"id":461577,"date":"2020-02-27T00:12:52","date_gmt":"2020-02-27T06:12:52","guid":{"rendered":"https:\/\/www.diarioimagen.net\/?p=461577"},"modified":"2020-02-27T04:58:40","modified_gmt":"2020-02-27T10:58:40","slug":"se-pospone-dictamen-para-la-legalizacion-de-marihuana","status":"publish","type":"post","link":"https:\/\/www.diarioimagen.net\/?p=461577","title":{"rendered":"Se pospone dictamen para la legalizaci\u00f3n de marihuana"},"content":{"rendered":"<h2>Tras la puerta del poder<\/h2>\n<h5>Roberto Vizca\u00edno<\/h5>\n<p>&nbsp;<\/p>\n<ul>\n<li><strong><em>Por la ma\u00f1ana, AMLO la desech\u00f3 para uso \u201cno m\u00e9dico\u201d\u00a0<\/em><\/strong><\/li>\n<\/ul>\n<p>&nbsp;<\/p>\n<div id=\"attachment_461643\" style=\"width: 470px\" class=\"wp-caption aligncenter\"><a href=\"https:\/\/www.diarioimagen.net\/?attachment_id=461643\" rel=\"attachment wp-att-461643\"><img loading=\"lazy\" decoding=\"async\" aria-describedby=\"caption-attachment-461643\" class=\"size-large wp-image-461643\" src=\"https:\/\/www.diarioimagen.net\/wp-content\/uploads\/2020\/02\/alzas-y-bajas-LUIS-XAVIER-460x350.jpg\" alt=\"\" width=\"460\" height=\"350\" srcset=\"https:\/\/www.diarioimagen.net\/wp-content\/uploads\/2020\/02\/alzas-y-bajas-LUIS-XAVIER-460x350.jpg 460w, https:\/\/www.diarioimagen.net\/wp-content\/uploads\/2020\/02\/alzas-y-bajas-LUIS-XAVIER-240x182.jpg 240w, https:\/\/www.diarioimagen.net\/wp-content\/uploads\/2020\/02\/alzas-y-bajas-LUIS-XAVIER-768x584.jpg 768w, https:\/\/www.diarioimagen.net\/wp-content\/uploads\/2020\/02\/alzas-y-bajas-LUIS-XAVIER.jpg 1200w\" sizes=\"auto, (max-width: 460px) 100vw, 460px\" \/><\/a><p id=\"caption-attachment-461643\" class=\"wp-caption-text\">Alzas y bajas&#8230; | Luis Xavier<\/p><\/div>\n<p>&nbsp;<\/p>\n<p>Sin duda el intento de legalizar la marihuana al 100% en M\u00e9xico tiene mala suerte. Ayer, cuando todo parec\u00eda amarrado y acordado para sacar el dictamen final de un jal\u00f3n y poder llevarlo al Pleno en las horas siguientes, las comisiones respectivas de Justicia; Salud; y Estudios Legislativos decidieron de nuevo posponer todo.<\/p>\n<p>Y ser\u00e1 hasta el 4 de marzo que se retome su votaci\u00f3n a pesar de que la Suprema Corte orden\u00f3 sacarla antes de que concluya el actual per\u00edodo.<\/p>\n<p>La decisi\u00f3n senatorial de posponer su aprobaci\u00f3n coincide extra\u00f1amente con la descalificaci\u00f3n echa durante la ma\u00f1ana por el presidente Andr\u00e9s Manuel L\u00f3pez Obrador para uso l\u00fadico o recreativo.<\/p>\n<p><strong>AMLO\u00a0<\/strong>opin\u00f3 que s\u00f3lo debe legalizarse para uso m\u00e9dico o cient\u00edfico. No m\u00e1s.<\/p>\n<p>As\u00ed, en el inicio de un d\u00eda intenso en el Senado, en el cual hubo 20 eventos agendados, entre foros, mesas y conversatorios, se realiz\u00f3 adem\u00e1s la firma de un convenio de cooperaci\u00f3n, para la promoci\u00f3n y apoyo entre la bancada de Morena y la Alianza Progresista de Socialistas y Dem\u00f3cratas de la Uni\u00f3n Europea, que incluye el intercambio de agendas en materia social, medio ambiente, igualdad de g\u00e9nero y violencia contra las mujeres.<\/p>\n<p style=\"text-align: center;\"><strong>Acuerdo entre fuerzas pol\u00edticas\u00a0<\/strong><\/p>\n<p>Lo suscrito por\u00a0<strong>Ricardo Monreal<\/strong>\u00a0como l\u00edder de la mayor\u00eda de Morena en el Senado y la presidenta de la APSD,\u00a0<strong>Iratxe Garc\u00eda-P\u00e9rez <\/strong>tiene como\u00a0objetivos, ampliar el conocimiento y avanzar en una mejor comprensi\u00f3n de las respectivas estructuras y pol\u00edticas de cada organizaci\u00f3n.<\/p>\n<p>De igual manera incluye el desarrollo de una discusi\u00f3n franca y abierta sobre la situaci\u00f3n pol\u00edtica y los desaf\u00edos en M\u00e9xico, por un lado, y en la Uni\u00f3n Europea, por otro, as\u00ed como promover y defender los valores socialdem\u00f3cratas y las pol\u00edticas progresistas en sus respectivos parlamentos.<\/p>\n<p><strong>Tambien hubo apoyo\u00a0<\/strong><\/p>\n<p>En este mismo contexto, las comisiones unidas de Relaciones Exteriores que encabeza el senador\u00a0<strong>H\u00e9ctor Vasconcelos<\/strong>, quien estuvo acompa\u00f1ado por\u00a0<strong>Juan Ram\u00f3n De la Fuente, <\/strong>representante de M\u00e9xico ante la ONU<strong>,\u00a0<\/strong>expresaron su apoyo para que\u00a0<strong>De la Fuente<\/strong>\u00a0busque su inclusi\u00f3n en el Consejo de Seguridad de la ONU.<\/p>\n<p style=\"text-align: center;\"><strong>Monreal no opina sobre Morena<\/strong><\/p>\n<p>Durante la tarde-noche, una vez que trascendi\u00f3 que el Tribunal Electoral del poder Judicial de la Federaci\u00f3n ech\u00f3 finalmente por 6 votos a favor y 1 en contra fuera de la dirigencia de Morena a la biliosa de\u00a0<strong>Yeidckol Polevnsky<\/strong>, luego de reconocer como nuevo dirigente al diputado federal y presidente de la Comisi\u00f3n de Presupuesto en San L\u00e1zaro, Alfonso Ram\u00edrez Cuellar, el presidente de la Junta de Coordinaci\u00f3n Pol\u00edtica de la C\u00e1mara de Diputados, Mario Delgado \u2013uno de los aspirantes a la presidencia de Morena-, reconoci\u00f3 y celebr\u00f3 el fallo del Trife, mientras que Ricardo Monreal, presidente de la Jucopo en el Senado se reserv\u00f3 su opini\u00f3n. \u201cYo s\u00f3lo quiero que haya unidad en Morena\u201d, dijo.<\/p>\n<p>Polevnsky, quien debi\u00f3 entregar la presidencia el 20 de noviembre del a\u00f1o pasado, refunfu\u00f1o, se llen\u00f3 de ira, despotric\u00f3, y advirti\u00f3 que tiene pruebas de la ilegalidad del fallo del Tribunal.<\/p>\n<p>Sin embargo ya nada puede hacer, porque los fallos del Tribunal Electoral son irrecusables.<\/p>\n<p>La empresaria que result\u00f3 una p\u00e9sima dirigente de partido, logr\u00f3 mantenerse con toda clase de argucias el frente de Morena luego de ocupar ese lugar como interina a la petici\u00f3n de licencia por parte de Andr\u00e9s Manuel L\u00f3pez Obrador para ir a competir por la presidencia de la Rep\u00fablica.<\/p>\n<p>En un inicio Yeidckol solo deb\u00eda quedarse hasta noviembre de 2018, pero logr\u00f3 extender su mandato durante un a\u00f1o m\u00e1s.<\/p>\n<p>Pero una vez planteado el proceso de sucesi\u00f3n, anunci\u00f3 que ir\u00eda a competir por la presidencia del partido lo cual creo divisi\u00f3n y confrontaciones internas que amenazaron incluso con la cancelaci\u00f3n del registro.<\/p>\n<p>Su proceder provoc\u00f3 que\u00a0<strong>Bertha Luj\u00e1n,<\/strong>\u00a0presidenta del Consejo Nacional de Morena, y aspirante a la presidencia del partido junto con otros dos candidatos &#8211;\u00a0<strong>Mario Delgado<\/strong>\u00a0y\u00a0<strong>Alejandro Rojas D\u00edaz Dur\u00e1n-,<\/strong>intentara infructuosamente en varias ocasiones su destituci\u00f3n.<\/p>\n<p>Finalmente ayer lo lograron. El Trife la ech\u00f3 fuera.<\/p>\n<p style=\"text-align: center;\"><strong>PRI apoya a mujeres: Alejandro Moreno<\/strong><\/p>\n<p>En conferencia de prensa Alejandro Moreno no s\u00f3lo comprometi\u00f3 en apoyo total del PRI a las mujeres, sino que exigi\u00f3 que Morena como mayor\u00eda en la C\u00e1mara de Diputados y en el Senado restituya 2 mil millones de pesos que recortaron a 20 programas para mujeres.<\/p>\n<p>Y advirti\u00f3 que su partido apoyar igualmente el paro de mujeres previsto para el 9 de marzo.<\/p>\n<p>Acompa\u00f1ado por\u00a0<strong>Carolina Viggiano<\/strong>, secretaria general del CEN del PRI, y de una veintena de dirigentes de sectores y secretar\u00edas dijo que de acuerdo a informes del Secretariado Ejecutivo del Sistema Nacional de Seguridad P\u00fablica, 2019 cerr\u00f3 con 976 feminicidios, y en lo que va del 2020 son ya 265 casos m\u00e1s de los cuales 20 fueron cometidos contra ni\u00f1as menores de 14 a\u00f1os, \u201cy la tendencia es a la alza\u201d.<\/p>\n<p>Record\u00f3 que de 2012 a 2018, el \u00faltimo gobierno del PRI, el gasto destinado a los programas para las mujeres mexicanas tuvo un incremento real de 47 mil millones de pesos.<\/p>\n<p style=\"text-align: center;\"><strong>G\u00f3mez Urrutia narra su odisea<\/strong><\/p>\n<p><strong>Napole\u00f3n G\u00f3mez Urrutia<\/strong>, l\u00edder nacional minero y presidente de la Comisi\u00f3n del Trabajo en el Senado, present\u00f3 ayer su nuevo libro bajo e t\u00edtulo de: \u201cEl Colapso de la Dignidad\u201d.<\/p>\n<p>En \u00e9l narra su lucha contra grandes empresarios y los gobiernos anteriores que lo obligaron a exilarse durante 12 a\u00f1os en Canad\u00e1.<\/p>\n<p>Por ello pidi\u00f3 a la sociedad en general, y a la clase obrera en particular, a no rendirse ante las injusticias y abusos de los sectores empresarial y pol\u00edtico, \u201cporque cuando se tiene la raz\u00f3n y se lucha con valor, principios, inteligencia, estrategia, unidad y la lealtad de todos, se gana tarde o temprano\u201d, indic\u00f3.<\/p>\n<p>Luego explic\u00f3 c\u00f3mo fue que gan\u00f3 el litigio jur\u00eddico que lo mantuvo exiliado durante 12 a\u00f1os y medio en Vancouver, Canad\u00e1, y dijo que en este libro documenta todos los atropellos, injusticias y mentiras de las que fue y sigue siendo objeto.<\/p>\n<p>Y afirm\u00f3 que para lograr su regreso a M\u00e9xico tuvo que ganar en tres niveles:<\/p>\n<p>Uno, porque venci\u00f3 11 acusaciones penales que fueron presentadas con los mismos argumentos en su contra, violando as\u00ed la Constituci\u00f3n Pol\u00edtica, y en ocho a\u00f1os pudo decir la verdad:\u00a0\u00a0\u201cLogr\u00e9 que se cayera su teatro y de c\u00f3mo me atacaron los empresarios y expresidentes de la Rep\u00fablica. Todo est\u00e1 documentado. Cont\u00e9 en esta lucha con el amor de mi esposa y mis hijos, que nunca se quebraron y siempre me apoyaron en esta lucha\u201d.<\/p>\n<p>Dos, la lealtad, el valor y la fuerza de sus compa\u00f1eros mineros, que igual resistieron. Hubo traiciones como en todo \u2013dijo-, los corrompieron como sucede en todas las luchas: hay gente d\u00e9bil, ingrata, sin principios ni valores que se corrompe, pero ese valor y dignidad permiti\u00f3 que se mantuvieran fuertes siempre.<\/p>\n<p>Y tres, la solidaridad y la hermandad mundial. Ning\u00fan sindicato en la historia del movimiento obrero de M\u00e9xico hab\u00eda tenido tanta solidaridad mundial como la que recibi\u00f3 el Sindicato Minero de todos los l\u00edderes que se identificaron y nos apoyaron incondicionalmente, porque vieron las injusticias, los abusos y les demostramos que nuestra dignidad no tiene precio. \u201cPor eso a los mineros de M\u00e9xico nos llaman en el extranjero \u201ch\u00e9roes\u201d\u2026<\/p>\n<p>\u201cTodo sucedi\u00f3 por la arrogancia, ignorancia y complicidades de empresarios, como Germ\u00e1n Larrea, director de Grupo M\u00e9xico y de pol\u00edticos, incluidos tres ex presidentes de la Rep\u00fablica, como fue Vicente Fox, Felipe Calder\u00f3n y Enrique Pe\u00f1a Nieto, afirm\u00f3.<\/p>\n<p><em><a href=\"mailto:rvizcainoa@gmail.com\" target=\"_blank\" rel=\"noopener noreferrer\">rvizcainoa@gmail.com<\/a><br \/>\n<u><a href=\"http:\/\/endirecto.mx\" target=\"_blank\" rel=\"noopener noreferrer\">www.endirecto.mx<\/a><br \/>\n<a href=\"https:\/\/twitter.com\/_rvizcaino\" target=\"_blank\" rel=\"noopener noreferrer\">@_RVizcaino<\/a><br \/>\n<a href=\"https:\/\/www.facebook.com\/rvizcainoa\" target=\"_blank\" rel=\"noopener noreferrer\">facebook.com\/rvizcainoa<\/a><\/u><\/em><\/p>\n","protected":false},"excerpt":{"rendered":"<p><span style=\"color: #005497;\"><strong>Roberto Vizca\u00edno<\/strong><\/span><br \/>\n<br \/>\nSin duda el intento de legalizar la marihuana al 100% en M\u00e9xico tiene mala suerte. Ayer, cuando todo parec\u00eda amarrado y acordado para sacar el dictamen final de un jal\u00f3n y poder llevarlo al Pleno en las horas siguientes, las comisiones respectivas de Justicia; Salud; y Estudios Legislativos decidieron de nuevo posponer todo.<\/p>\n","protected":false},"author":3,"featured_media":461643,"comment_status":"open","ping_status":"open","sticky":false,"template":"","format":"standard","meta":{"_monsterinsights_skip_tracking":false,"_monsterinsights_sitenote_active":false,"_monsterinsights_sitenote_note":"","_monsterinsights_sitenote_category":0,"footnotes":""},"categories":[136],"tags":[43674,93,94],"class_list":["post-461577","post","type-post","status-publish","format-standard","has-post-thumbnail","hentry","category-roberto-vizcaino-opinion","tag-opinion","tag-roberto-vizcaino","tag-tras-la-puerta-del-poder"],"_links":{"self":[{"href":"https:\/\/www.diarioimagen.net\/index.php?rest_route=\/wp\/v2\/posts\/461577","targetHints":{"allow":["GET"]}}],"collection":[{"href":"https:\/\/www.diarioimagen.net\/index.php?rest_route=\/wp\/v2\/posts"}],"about":[{"href":"https:\/\/www.diarioimagen.net\/index.php?rest_route=\/wp\/v2\/types\/post"}],"author":[{"embeddable":true,"href":"https:\/\/www.diarioimagen.net\/index.php?rest_route=\/wp\/v2\/users\/3"}],"replies":[{"embeddable":true,"href":"https:\/\/www.diarioimagen.net\/index.php?rest_route=%2Fwp%2Fv2%2Fcomments&post=461577"}],"version-history":[{"count":0,"href":"https:\/\/www.diarioimagen.net\/index.php?rest_route=\/wp\/v2\/posts\/461577\/revisions"}],"wp:featuredmedia":[{"embeddable":true,"href":"https:\/\/www.diarioimagen.net\/index.php?rest_route=\/wp\/v2\/media\/461643"}],"wp:attachment":[{"href":"https:\/\/www.diarioimagen.net\/index.php?rest_route=%2Fwp%2Fv2%2Fmedia&parent=461577"}],"wp:term":[{"taxonomy":"category","embeddable":true,"href":"https:\/\/www.diarioimagen.net\/index.php?rest_route=%2Fwp%2Fv2%2Fcategories&post=461577"},{"taxonomy":"post_tag","embeddable":true,"href":"https:\/\/www.diarioimagen.net\/index.php?rest_route=%2Fwp%2Fv2%2Ftags&post=461577"}],"curies":[{"name":"wp","href":"https:\/\/api.w.org\/{rel}","templated":true}]}}