{"id":461693,"date":"2020-02-28T00:03:59","date_gmt":"2020-02-28T06:03:59","guid":{"rendered":"https:\/\/www.diarioimagen.net\/?p=461693"},"modified":"2020-02-28T07:18:27","modified_gmt":"2020-02-28T13:18:27","slug":"descartan-contagio-en-crucero-que-arribo-a-cozumel","status":"publish","type":"post","link":"https:\/\/www.diarioimagen.net\/?p=461693","title":{"rendered":"Descartan contagio en crucero que arrib\u00f3 a Cozumel"},"content":{"rendered":"<p><a href=\"https:\/\/www.diarioimagen.net\/?attachment_id=461840\" rel=\"attachment wp-att-461840\"><img loading=\"lazy\" decoding=\"async\" class=\"aligncenter wp-image-461840 size-large\" src=\"https:\/\/www.diarioimagen.net\/wp-content\/uploads\/2020\/02\/crucero-460x259.jpg\" alt=\"\" width=\"460\" height=\"259\" srcset=\"https:\/\/www.diarioimagen.net\/wp-content\/uploads\/2020\/02\/crucero-460x259.jpg 460w, https:\/\/www.diarioimagen.net\/wp-content\/uploads\/2020\/02\/crucero-240x135.jpg 240w, https:\/\/www.diarioimagen.net\/wp-content\/uploads\/2020\/02\/crucero-235x132.jpg 235w, https:\/\/www.diarioimagen.net\/wp-content\/uploads\/2020\/02\/crucero-202x114.jpg 202w, https:\/\/www.diarioimagen.net\/wp-content\/uploads\/2020\/02\/crucero-350x196.jpg 350w, https:\/\/www.diarioimagen.net\/wp-content\/uploads\/2020\/02\/crucero-220x123.jpg 220w, https:\/\/www.diarioimagen.net\/wp-content\/uploads\/2020\/02\/crucero-237x132.jpg 237w, https:\/\/www.diarioimagen.net\/wp-content\/uploads\/2020\/02\/crucero.jpg 480w\" sizes=\"auto, (max-width: 460px) 100vw, 460px\" \/><\/a><\/p>\n<p>&nbsp;<\/p>\n<p>Este jueves se confirm\u00f3 la existencia de otro pasajero con sintomatolog\u00eda respiratoria abordo del crucero Meraviglia, proveniente de Jamaica, que arrib\u00f3 a Cozumel, inform\u00f3 el titular de la Direcci\u00f3n General de Epidemiolog\u00eda, Jos\u00e9 Luis Alom\u00eda Zegarra.<\/p>\n<p>En conferencia detall\u00f3 que se trata de una menor de origen franc\u00e9s con signos y s\u00edntomas de enfermedad respiratoria, y, dado que el tripulante y primera persona que present\u00f3 signos de enfermedad aguda trabajaba en la cocina del crucero, est\u00e1 la probabilidad de que haya m\u00e1s personas contagiadas.<\/p>\n<p>Explic\u00f3 que hasta ahora no est\u00e1 confirmado que el primer caso registrado se trate de influenza A c\u00f3mo se hab\u00eda dicho, pues s\u00f3lo se le realiz\u00f3 una prueba r\u00e1pida a la persona en Jamaica y por lo tanto se necesita un diagn\u00f3stico m\u00e1s preciso.<\/p>\n<p>En este sentido se\u00f1al\u00f3 que desde una lancha, personal de sanidad internacional, con el respaldo y capacitaci\u00f3n del pa\u00eds, acudi\u00f3 al crucero para tomar muestras de los pasajeros y realizar pruebas confirmatorias PCR.<\/p>\n<p>\u201cSe est\u00e1 llevando a cabo el diagn\u00f3stico de laboratorio a las dos personas y, en funci\u00f3n de los resultados, sanidad internacional dar\u00e1 el documento correspondiente, el cual se espera sea durante esta tarde\u201d, coment\u00f3.<\/p>\n<p>Por su parte, el subsecretario de Prevenci\u00f3n y Promoci\u00f3n a la Salud, Hugo L\u00f3pez Gatell, indic\u00f3 que con base en los resultados que se obtengan, se decidir\u00eda si las personas desembarcaban o no.<\/p>\n<p>Explic\u00f3 que si los pasajeros a quienes se les tom\u00f3 las muestras resultaran negativos para influenza podr\u00edan descender del crucero junto con el resto de la tripulaci\u00f3n. En tanto que si resultaran positivo a coronavirus, que hay una baja probabilidad, se les brindar\u00eda atenci\u00f3n m\u00e9dica.<\/p>\n<p style=\"text-align: center;\"><strong>Hay nueve mexicanos a bordo<\/strong><\/p>\n<p>Por la ma\u00f1ana, Regina Videgaray, mexicana a bordo del crucero Meraviglia, inform\u00f3 a traves de sus redes sociales,que hay nueve mexicanos a bordo de la embarcaci\u00f3n y explic\u00f3 que se descartaron casos de coronavirus entre los pasajeros \u201cabordamos el crucero el domingo en Miami, pero informaci\u00f3n err\u00f3nea sobre un presunto caso de coronavirus, gener\u00f3 caos entre los pasajeros, navegamos por el Caribe debido a que no se pudo atracar en Jamaica ni en Islas\u201d.<\/p>\n<p>No obstante a lo anterior, asegur\u00f3 que el pasajero que se report\u00f3 enfermo fue diagnosticado con influenza, por lo que no tienen restricciones a bordo de la embarcaci\u00f3n.<\/p>\n<p>Regina, de Le\u00f3n, Guanajuato, a\u00f1adi\u00f3 que ella viaja con sus dos pap\u00e1s y su hermano, sin embargo, dentro del crucero se ha encontrado con 5 mexicanos m\u00e1s, entre ellos tres mujeres de la tercera edad provenientes de la Ciudad de M\u00e9xico.<\/p>\n","protected":false},"excerpt":{"rendered":"<p>Este jueves se confirm\u00f3 la existencia de otro pasajero con sintomatolog\u00eda respiratoria abordo del crucero Meraviglia, proveniente de Jamaica, que arrib\u00f3 a Cozumel, inform\u00f3 el titular de la Direcci\u00f3n General de Epidemiolog\u00eda, Jos\u00e9 Luis Alom\u00eda Zegarra.<\/p>\n","protected":false},"author":1,"featured_media":461840,"comment_status":"open","ping_status":"open","sticky":false,"template":"","format":"standard","meta":{"_monsterinsights_skip_tracking":false,"_monsterinsights_sitenote_active":false,"_monsterinsights_sitenote_note":"","_monsterinsights_sitenote_category":0,"footnotes":""},"categories":[3],"tags":[6460,90344,66390,90345,43673],"class_list":["post-461693","post","type-post","status-publish","format-standard","has-post-thumbnail","hentry","category-nacional","tag-cozumel","tag-crucero","tag-descartan","tag-enfermos","tag-nacional"],"_links":{"self":[{"href":"https:\/\/www.diarioimagen.net\/index.php?rest_route=\/wp\/v2\/posts\/461693","targetHints":{"allow":["GET"]}}],"collection":[{"href":"https:\/\/www.diarioimagen.net\/index.php?rest_route=\/wp\/v2\/posts"}],"about":[{"href":"https:\/\/www.diarioimagen.net\/index.php?rest_route=\/wp\/v2\/types\/post"}],"author":[{"embeddable":true,"href":"https:\/\/www.diarioimagen.net\/index.php?rest_route=\/wp\/v2\/users\/1"}],"replies":[{"embeddable":true,"href":"https:\/\/www.diarioimagen.net\/index.php?rest_route=%2Fwp%2Fv2%2Fcomments&post=461693"}],"version-history":[{"count":0,"href":"https:\/\/www.diarioimagen.net\/index.php?rest_route=\/wp\/v2\/posts\/461693\/revisions"}],"wp:featuredmedia":[{"embeddable":true,"href":"https:\/\/www.diarioimagen.net\/index.php?rest_route=\/wp\/v2\/media\/461840"}],"wp:attachment":[{"href":"https:\/\/www.diarioimagen.net\/index.php?rest_route=%2Fwp%2Fv2%2Fmedia&parent=461693"}],"wp:term":[{"taxonomy":"category","embeddable":true,"href":"https:\/\/www.diarioimagen.net\/index.php?rest_route=%2Fwp%2Fv2%2Fcategories&post=461693"},{"taxonomy":"post_tag","embeddable":true,"href":"https:\/\/www.diarioimagen.net\/index.php?rest_route=%2Fwp%2Fv2%2Ftags&post=461693"}],"curies":[{"name":"wp","href":"https:\/\/api.w.org\/{rel}","templated":true}]}}