{"id":461716,"date":"2020-02-28T00:05:35","date_gmt":"2020-02-28T06:05:35","guid":{"rendered":"https:\/\/www.diarioimagen.net\/?p=461716"},"modified":"2020-02-28T07:13:13","modified_gmt":"2020-02-28T13:13:13","slug":"no-se-debe-autorizar-tanto-dinero-a-partidos-lopez","status":"publish","type":"post","link":"https:\/\/www.diarioimagen.net\/?p=461716","title":{"rendered":"\u201cNo se debe autorizar tanto dinero a partidos\u201d: L\u00f3pez"},"content":{"rendered":"<p>&nbsp;<\/p>\n<p><a href=\"https:\/\/www.diarioimagen.net\/?attachment_id=461837\" rel=\"attachment wp-att-461837\"><img loading=\"lazy\" decoding=\"async\" class=\"aligncenter size-large wp-image-461837\" src=\"https:\/\/www.diarioimagen.net\/wp-content\/uploads\/2020\/02\/amlo-1-460x259.jpg\" alt=\"\" width=\"460\" height=\"259\" srcset=\"https:\/\/www.diarioimagen.net\/wp-content\/uploads\/2020\/02\/amlo-1-460x259.jpg 460w, https:\/\/www.diarioimagen.net\/wp-content\/uploads\/2020\/02\/amlo-1-240x135.jpg 240w, https:\/\/www.diarioimagen.net\/wp-content\/uploads\/2020\/02\/amlo-1-235x132.jpg 235w, https:\/\/www.diarioimagen.net\/wp-content\/uploads\/2020\/02\/amlo-1-202x114.jpg 202w, https:\/\/www.diarioimagen.net\/wp-content\/uploads\/2020\/02\/amlo-1-350x196.jpg 350w, https:\/\/www.diarioimagen.net\/wp-content\/uploads\/2020\/02\/amlo-1-220x123.jpg 220w, https:\/\/www.diarioimagen.net\/wp-content\/uploads\/2020\/02\/amlo-1-237x132.jpg 237w, https:\/\/www.diarioimagen.net\/wp-content\/uploads\/2020\/02\/amlo-1.jpg 480w\" sizes=\"auto, (max-width: 460px) 100vw, 460px\" \/><\/a><\/p>\n<p>&nbsp;<\/p>\n<p>Luego de que el Tribunal Electoral del Poder Judicial de la Federaci\u00f3n (TEPJF) revoc\u00f3 la donaci\u00f3n que hizo Morena de las prerrogativas que le fueron asignadas para 2020, el presidente Andr\u00e9s Manuel L\u00f3pez Obrador reafirm\u00f3 su opini\u00f3n de que los partidos pol\u00edticos no deben tener tanto presupuesto.<\/p>\n<p>En ese sentido, el mandatario federal lament\u00f3 que se les impida a los institutos pol\u00edticos regresar los recursos que se les asignan y que podr\u00edan ser utilizados para educaci\u00f3n o salud.<\/p>\n<p>\u201cTienen que reducir las prerrogativas y que ese dinero se utilice en beneficio de la gente. Yo creo que si un partido decide entregar parte de sus prerrogativas, \u00bfpor qu\u00e9 se le impide? Si es devolver dinero a la hacienda p\u00fablica para que se utilice en educaci\u00f3n, salud, lo que hace falta\u201d, coment\u00f3 en conferencia matutina. En conferencia de prensa, a L\u00f3pez Obrador se le pregunt\u00f3 su opini\u00f3n sobre la decisi\u00f3n del TEPJF y lanz\u00f3 una pregunta: \u201c\u00bfpor qu\u00e9 se le impide?\u201d, pues dijo que el dinero podr\u00eda usarse para atender diferentes demandas sociales.<\/p>\n<p>\u201cYo creo que, si un partido decide entregar parte de sus prerrogativas, \u00bfpor qu\u00e9 se le impide?, si es devolverle dinero a la hacienda p\u00fablica para que se utilice en educaci\u00f3n, en salud, en lo que hace falta\u201d, expres\u00f3.<\/p>\n<p>\u201cNo creo que deba de autorizarse tanto dinero a los partidos pol\u00edticos y considero tener autoridad moral para decirlo, porque cuando yo fui dirigente de un partido, del primero, fue cuando aumentaron las prerrogativas y nosotros decidimos utilizar s\u00f3lo la mitad\u201d, mencion\u00f3.<\/p>\n<p>L\u00f3pez Obrador dijo que cuando \u00e9l dirigi\u00f3 un partido pol\u00edtico usaron los recursos para dar apoyos a migrantes, becas a ni\u00f1os y ni\u00f1as \u2013hijos de l\u00edderes que hab\u00edan perdido la vida en la lucha por la democracia- y en la entrega gratuita de los libros de secundaria.<\/p>\n<p>Sobre el apoyo de entregar libros, el titular del Ejecutivo federal record\u00f3 que por ese motivo fueron sancionados, pero por esa misma acci\u00f3n la autoridad en turno decret\u00f3 que los libros de secundaria ser\u00edan gratuitos.<\/p>\n<p>El mi\u00e9rcoles, durante la sesi\u00f3n p\u00fablica del TEPJF, los magistrados determinaron que la Direcci\u00f3n de Prerrogativas del Instituto Nacional Electoral (INE) carece de facultades para determinar de manera directa la reducci\u00f3n de los recursos que recibe el partido y que se realiz\u00f3 desde el 9 de noviembre.<\/p>\n<p>Por ello, la Sala Superior determin\u00f3 que tiene que ser el Consejo General del INE el que lleve a cabo el estudio de la petici\u00f3n que realiz\u00f3 Yeidckol Polevnsky el 10 de diciembre y por ende definir su procedencia.<\/p>\n","protected":false},"excerpt":{"rendered":"<p>Luego de que el Tribunal Electoral del Poder Judicial de la Federaci\u00f3n (TEPJF) revoc\u00f3 la donaci\u00f3n que hizo Morena de las prerrogativas que le fueron asignadas para 2020, el presidente Andr\u00e9s Manuel L\u00f3pez Obrador reafirm\u00f3 su opini\u00f3n de que los partidos pol\u00edticos no deben tener tanto presupuesto.<\/p>\n","protected":false},"author":3,"featured_media":461837,"comment_status":"open","ping_status":"open","sticky":false,"template":"","format":"standard","meta":{"_monsterinsights_skip_tracking":false,"_monsterinsights_sitenote_active":false,"_monsterinsights_sitenote_note":"","_monsterinsights_sitenote_category":0,"footnotes":""},"categories":[3],"tags":[2545,14257,43673,18194],"class_list":["post-461716","post","type-post","status-publish","format-standard","has-post-thumbnail","hentry","category-nacional","tag-amlo","tag-dinero","tag-nacional","tag-partidos-politicos"],"_links":{"self":[{"href":"https:\/\/www.diarioimagen.net\/index.php?rest_route=\/wp\/v2\/posts\/461716","targetHints":{"allow":["GET"]}}],"collection":[{"href":"https:\/\/www.diarioimagen.net\/index.php?rest_route=\/wp\/v2\/posts"}],"about":[{"href":"https:\/\/www.diarioimagen.net\/index.php?rest_route=\/wp\/v2\/types\/post"}],"author":[{"embeddable":true,"href":"https:\/\/www.diarioimagen.net\/index.php?rest_route=\/wp\/v2\/users\/3"}],"replies":[{"embeddable":true,"href":"https:\/\/www.diarioimagen.net\/index.php?rest_route=%2Fwp%2Fv2%2Fcomments&post=461716"}],"version-history":[{"count":0,"href":"https:\/\/www.diarioimagen.net\/index.php?rest_route=\/wp\/v2\/posts\/461716\/revisions"}],"wp:featuredmedia":[{"embeddable":true,"href":"https:\/\/www.diarioimagen.net\/index.php?rest_route=\/wp\/v2\/media\/461837"}],"wp:attachment":[{"href":"https:\/\/www.diarioimagen.net\/index.php?rest_route=%2Fwp%2Fv2%2Fmedia&parent=461716"}],"wp:term":[{"taxonomy":"category","embeddable":true,"href":"https:\/\/www.diarioimagen.net\/index.php?rest_route=%2Fwp%2Fv2%2Fcategories&post=461716"},{"taxonomy":"post_tag","embeddable":true,"href":"https:\/\/www.diarioimagen.net\/index.php?rest_route=%2Fwp%2Fv2%2Ftags&post=461716"}],"curies":[{"name":"wp","href":"https:\/\/api.w.org\/{rel}","templated":true}]}}