{"id":461726,"date":"2020-02-28T00:05:59","date_gmt":"2020-02-28T06:05:59","guid":{"rendered":"https:\/\/www.diarioimagen.net\/?p=461726"},"modified":"2020-02-28T04:52:30","modified_gmt":"2020-02-28T10:52:30","slug":"estudiantes-de-la-uaem-rechazan-el-paro","status":"publish","type":"post","link":"https:\/\/www.diarioimagen.net\/?p=461726","title":{"rendered":"Estudiantes de la UAEM rechazan el paro"},"content":{"rendered":"<ul>\n<li><strong><em>Realizan asambleas generales<\/em><\/strong><\/li>\n<\/ul>\n<p>&nbsp;<\/p>\n<div id=\"attachment_461804\" style=\"width: 470px\" class=\"wp-caption aligncenter\"><a href=\"https:\/\/www.diarioimagen.net\/?attachment_id=461804\" rel=\"attachment wp-att-461804\"><img loading=\"lazy\" decoding=\"async\" aria-describedby=\"caption-attachment-461804\" class=\"size-large wp-image-461804\" src=\"https:\/\/www.diarioimagen.net\/wp-content\/uploads\/2020\/02\/UAEM-11-460x259.jpg\" alt=\"\" width=\"460\" height=\"259\" srcset=\"https:\/\/www.diarioimagen.net\/wp-content\/uploads\/2020\/02\/UAEM-11-460x259.jpg 460w, https:\/\/www.diarioimagen.net\/wp-content\/uploads\/2020\/02\/UAEM-11-240x135.jpg 240w, https:\/\/www.diarioimagen.net\/wp-content\/uploads\/2020\/02\/UAEM-11-235x132.jpg 235w, https:\/\/www.diarioimagen.net\/wp-content\/uploads\/2020\/02\/UAEM-11-202x114.jpg 202w, https:\/\/www.diarioimagen.net\/wp-content\/uploads\/2020\/02\/UAEM-11-350x196.jpg 350w, https:\/\/www.diarioimagen.net\/wp-content\/uploads\/2020\/02\/UAEM-11-220x123.jpg 220w, https:\/\/www.diarioimagen.net\/wp-content\/uploads\/2020\/02\/UAEM-11-237x132.jpg 237w, https:\/\/www.diarioimagen.net\/wp-content\/uploads\/2020\/02\/UAEM-11.jpg 480w\" sizes=\"auto, (max-width: 460px) 100vw, 460px\" \/><\/a><p id=\"caption-attachment-461804\" class=\"wp-caption-text\">En asambleas generales, las comunidades de las facultades de Geograf\u00eda, Econom\u00eda, Turismo y Gastronom\u00eda, Ingenier\u00eda, Derecho, Enfermer\u00eda y Obstetricia, Lenguas, Qu\u00edmica, Arquitectura y Dise\u00f1o, Antropolog\u00eda y Medicina, as\u00ed como la Unidad Acad\u00e9mica Profesional Tianguistenco, decidieron continuar con sus actividades.<\/p><\/div>\n<p>&nbsp;<\/p>\n<p><strong>Toluca, Estado de M\u00e9xico<\/strong>.\u2013 Luego de realizar asambleas generales, las comunidades de las facultades de Geograf\u00eda, Econom\u00eda, Turismo y Gastronom\u00eda, Ingenier\u00eda, Derecho, Enfermer\u00eda y Obstetricia, Lenguas, Qu\u00edmica, Arquitectura y Dise\u00f1o, Antropolog\u00eda y Medicina, as\u00ed como la Unidad Acad\u00e9mica Profesional Tianguistenco, de la Universidad Aut\u00f3noma del Estado de M\u00e9xico decidieron continuar de manera normal con sus actividades acad\u00e9micas, cient\u00edficas y culturales.<\/p>\n<p>Organizados de distintas formas para llevar a cabo procesos democr\u00e1ticos, estudiantes, acad\u00e9micos y trabajadores administrativos realizaron votaciones abiertas y transparentes, mediante las que definieron mantener con normalidad las actividades de docencia, investigaci\u00f3n y difusi\u00f3n de la cultura.<\/p>\n<p>Durante las asambleas, los directores de estos organismos acad\u00e9micos se comprometieron a canalizar las demandas de acoso y hostigamiento sexual a la Oficina del Abogado General, adem\u00e1s de impulsar actividades que fomenten la equidad de g\u00e9nero entre toda la comunidad universitaria.<\/p>\n<p>Las asambleas generales se realizaron a lo largo de este jueves, en un ambiente de tranquilidad y respeto, como una respuesta a las denuncias de acoso y hostigamiento sexual, a las que las autoridades universitarias se comprometieron a dar respuesta de manera puntual y apegada a la legalidad.<\/p>\n<p>Actualmente, las facultades de Ciencias de la Conducta, Humanidades, Ciencias Pol\u00edticas y Sociales y Artes se mantienen en paro de actividades.<\/p>\n","protected":false},"excerpt":{"rendered":"<p>Luego de realizar asambleas generales, las comunidades de las facultades de Geograf\u00eda, Econom\u00eda, Turismo y Gastronom\u00eda, Ingenier\u00eda, Derecho, Enfermer\u00eda y Obstetricia, Lenguas, Qu\u00edmica, Arquitectura y Dise\u00f1o, Antropolog\u00eda y Medicina, as\u00ed como la Unidad Acad\u00e9mica Profesional Tianguistenco, de la Universidad Aut\u00f3noma del Estado de M\u00e9xico decidieron continuar de manera normal con sus actividades acad\u00e9micas, cient\u00edficas y culturales.<\/p>\n","protected":false},"author":3,"featured_media":461804,"comment_status":"open","ping_status":"open","sticky":false,"template":"","format":"standard","meta":{"_monsterinsights_skip_tracking":false,"_monsterinsights_sitenote_active":false,"_monsterinsights_sitenote_note":"","_monsterinsights_sitenote_category":0,"footnotes":""},"categories":[5],"tags":[43675,16291,452,1491],"class_list":["post-461726","post","type-post","status-publish","format-standard","has-post-thumbnail","hentry","category-estado-de-mexico","tag-estado-de-mexico","tag-paro","tag-toluca","tag-uaem"],"_links":{"self":[{"href":"https:\/\/www.diarioimagen.net\/index.php?rest_route=\/wp\/v2\/posts\/461726","targetHints":{"allow":["GET"]}}],"collection":[{"href":"https:\/\/www.diarioimagen.net\/index.php?rest_route=\/wp\/v2\/posts"}],"about":[{"href":"https:\/\/www.diarioimagen.net\/index.php?rest_route=\/wp\/v2\/types\/post"}],"author":[{"embeddable":true,"href":"https:\/\/www.diarioimagen.net\/index.php?rest_route=\/wp\/v2\/users\/3"}],"replies":[{"embeddable":true,"href":"https:\/\/www.diarioimagen.net\/index.php?rest_route=%2Fwp%2Fv2%2Fcomments&post=461726"}],"version-history":[{"count":0,"href":"https:\/\/www.diarioimagen.net\/index.php?rest_route=\/wp\/v2\/posts\/461726\/revisions"}],"wp:featuredmedia":[{"embeddable":true,"href":"https:\/\/www.diarioimagen.net\/index.php?rest_route=\/wp\/v2\/media\/461804"}],"wp:attachment":[{"href":"https:\/\/www.diarioimagen.net\/index.php?rest_route=%2Fwp%2Fv2%2Fmedia&parent=461726"}],"wp:term":[{"taxonomy":"category","embeddable":true,"href":"https:\/\/www.diarioimagen.net\/index.php?rest_route=%2Fwp%2Fv2%2Fcategories&post=461726"},{"taxonomy":"post_tag","embeddable":true,"href":"https:\/\/www.diarioimagen.net\/index.php?rest_route=%2Fwp%2Fv2%2Ftags&post=461726"}],"curies":[{"name":"wp","href":"https:\/\/api.w.org\/{rel}","templated":true}]}}