{"id":461732,"date":"2020-02-28T00:01:04","date_gmt":"2020-02-28T06:01:04","guid":{"rendered":"https:\/\/www.diarioimagen.net\/?p=461732"},"modified":"2020-02-28T04:58:25","modified_gmt":"2020-02-28T10:58:25","slug":"el-45-tianguis-turistico-2020-en-merida-yucatan-se-sujetara-a-las-medidas-que-dictamine-la-secretaria-de-salud-ante-el-covid-19","status":"publish","type":"post","link":"https:\/\/www.diarioimagen.net\/?p=461732","title":{"rendered":"El 45 Tianguis Tur\u00edstico 2020 en M\u00e9rida, Yucat\u00e1n se sujetar\u00e1 a las medidas que dictamine la Secretaria de Salud ante el COVID-19"},"content":{"rendered":"<h2>De cinco estrellas<\/h2>\n<h5>Victoria Gonz\u00e1lez Prado<\/h5>\n<p>&nbsp;<\/p>\n<ul>\n<li><em><strong>Dominique Debay present\u00f3 algunos de los destinos y <\/strong><\/em><strong>DMC\u2019s<\/strong><em><strong> que forman parte de su exclusiva colecci\u00f3n<\/strong><\/em><\/li>\n<\/ul>\n<p>&nbsp;<\/p>\n<div id=\"attachment_461812\" style=\"width: 470px\" class=\"wp-caption aligncenter\"><a href=\"https:\/\/www.diarioimagen.net\/?attachment_id=461812\" rel=\"attachment wp-att-461812\"><img loading=\"lazy\" decoding=\"async\" aria-describedby=\"caption-attachment-461812\" class=\"size-large wp-image-461812\" src=\"https:\/\/www.diarioimagen.net\/wp-content\/uploads\/2020\/02\/turismo-11-460x259.jpg\" alt=\"\" width=\"460\" height=\"259\" srcset=\"https:\/\/www.diarioimagen.net\/wp-content\/uploads\/2020\/02\/turismo-11-460x259.jpg 460w, https:\/\/www.diarioimagen.net\/wp-content\/uploads\/2020\/02\/turismo-11-240x135.jpg 240w, https:\/\/www.diarioimagen.net\/wp-content\/uploads\/2020\/02\/turismo-11-235x132.jpg 235w, https:\/\/www.diarioimagen.net\/wp-content\/uploads\/2020\/02\/turismo-11-202x114.jpg 202w, https:\/\/www.diarioimagen.net\/wp-content\/uploads\/2020\/02\/turismo-11-350x196.jpg 350w, https:\/\/www.diarioimagen.net\/wp-content\/uploads\/2020\/02\/turismo-11-220x123.jpg 220w, https:\/\/www.diarioimagen.net\/wp-content\/uploads\/2020\/02\/turismo-11-237x132.jpg 237w, https:\/\/www.diarioimagen.net\/wp-content\/uploads\/2020\/02\/turismo-11.jpg 480w\" sizes=\"auto, (max-width: 460px) 100vw, 460px\" \/><\/a><p id=\"caption-attachment-461812\" class=\"wp-caption-text\">Michelle Fridman, Miguel Torruco y Mauricio Vila.<\/p><\/div>\n<p>&nbsp;<\/p>\n<p><strong>Miguel Torruco Marqu\u00e9s<\/strong>, secretario de turismo federal (Sectur), asegur\u00f3 que estar\u00e1n atentos al mensaje de la Secretaria de Salud respecto a las posibles medidas que se deban tomar ante el COVID-19, por lo que no quiso referirse al tema de impactos tur\u00edsticos por este tema de salud hasta no saber la informaci\u00f3n que se d\u00e9 a conocer.<\/p>\n<p>Durante el Tianguis Tur\u00edstico se ten\u00eda prevista la presencia de 50 empresarios chinos. Esta visita fue pospuesta inicialmente por los trabajos que se realizan en la pista del Aeropuerto Internacional de Tijuana, y por el momento, no hay vuelos directos de China a M\u00e9xico. Y la presencia de un operador chino inscrito depender\u00e1 de lo que digan las autoridades de salud.<\/p>\n<p>Respecto al Crucero que se encuentra en Cozumel, <strong>Torruco<\/strong> asegur\u00f3 que nadie ha bajado de este y ser\u00e1n, aclar\u00f3 una vez m\u00e1s, las autoridades sanitarias quienes definir\u00e1n lo que suceder\u00e1 en este caso.<\/p>\n<p>As\u00ed lo asegur\u00f3 durante la conferencia de prensa en Punto M\u00e9xico, para dar a conocer los avances en la realizaci\u00f3n de la versi\u00f3n 45 del Tianguis Tur\u00edstico 2020.<\/p>\n<p><strong>Mauricio Vila Dosal<\/strong>, gobernador de Yucar\u00e1n, al hacer uso de la palabra dijo que el Tianguis Tur\u00edstico M\u00e9xico tendr\u00e1 lugar en el Centro de Convenciones y Exposiciones Yucat\u00e1n Siglo XXI. \u201cLa ampliaci\u00f3n y remodelaci\u00f3n pasa de 10 mil metros cuadrados a 23 mil metros cuadrados de \u00e1reas de exposici\u00f3n y M\u00e9rida, se convierte en una de las pocas ciudades en M\u00e9xico -Guadalajara, Puebla, Acapulco y Le\u00f3n- que tiene recintos de este tama\u00f1o, con lo que se posiciona entre los m\u00e1s importantes para albergar eventos de gran envergadura.<\/p>\n<p>Con un rostro completamente renovado e instalaciones m\u00e1s c\u00f3modas y modernas, el Centro de Convenciones y Exposiciones Yucat\u00e1n Siglo XXI est\u00e1 listo para recibir al Tianguis Tur\u00edstico M\u00e9rida 2020 asegur\u00f3 el gobernador.<\/p>\n<p>En su intervenci\u00f3n la secretaria de Fomento Tur\u00edstico (Sefotur), <strong>Michelle Fridman Hirsch<\/strong> dijo que hay alrededor de 15 millones de pesos de inversi\u00f3n hotelera, lanzar\u00e1n 30 nuevos productos tur\u00edsticos en el interior del estado, y presentar\u00e1n diversos proyectos de turismo.<\/p>\n<p>El Tianguis Tur\u00edstico M\u00e9xico \u2014del 22 al 25 de marzo en M\u00e9rida\u2014, tendr\u00e1 como edici\u00f3n tem\u00e1tica el equinoccio de Primavera pues coincide con la fecha de la llegada de Kukulc\u00e1n al Castillo de Chich\u00e9n Itz\u00e1 y la entrada del Sol a la casa de las siete mu\u00f1ecas en Dzibilchalt\u00fan.<\/p>\n<p>Asegur\u00f3 que M\u00e9rida como \u201cYucat\u00e1n, para\u00edso tur\u00edstico, es de los estados con mayor diversidad y lleno de riquezas naturales, arquitect\u00f3nicas, culturales y gastron\u00f3micas.<\/p>\n<p>Por otra parte la secretaria de la Sefotur dio a conocer que Yucat\u00e1n crece por encima de la media nacional, no s\u00f3lo en el tema econ\u00f3mico sino tambi\u00e9n en su industria tur\u00edstica y asegur\u00f3 que las cifras finales de Datatur 2019 colocan al estado entre los tres primeros lugares en crecimiento global en turismo.<\/p>\n<p>\u2730\u2730\u2730\u2730\u2730 Con m\u00e1s de 30 a\u00f1os en la industria tur\u00edstica y gran conocimiento del segmento de lujo, <strong>Dominique Debay<\/strong> present\u00f3 algunos de los destinos y <em>DMC\u2019s<\/em> que forman parte de su exclusiva colecci\u00f3n <em>Dominique Debay Collection, <\/em>durante su visita a la Ciudad de M\u00e9xico para dar a conocer las novedades de propiedades \u00fanicas y servicios tur\u00edsticos de alto nivel que por su calidad, originalidad, atenci\u00f3n y otras virtudes son inigualables.<\/p>\n<p>La presentaci\u00f3n tuvo lugar en el Club de Industriales de la Ciudad de M\u00e9xico, donde se present\u00f3 a detalle lo que <em>Dominique Debay Collection<\/em> brinda: atenci\u00f3n personal y experiencias enfoc\u00e1ndose en desarrollar la visibilidad y la participaci\u00f3n de mercado de sus clientes.<\/p>\n<p><strong>Dominique<\/strong>, lleg\u00f3 acompa\u00f1ada por <strong>Natalia Fern\u00e1ndez<\/strong> de Costa Rica; <strong>Stephanie Beck<\/strong> de la isla privada <em>Song Saa<\/em> en Camboya; <strong>Seth Snider<\/strong>, <em>DMC Your Private Travel Italy; <\/em><strong>Eva Saringala<\/strong>, <em>Eclectic Greece<\/em> DMC experiencias de lujo en Grecia; <strong>Giorgio Surian<\/strong> de <em>Leonidas Travel, DMC en Croacia<strong>; <\/strong><\/em><strong>Juncal Elizazu<\/strong>, <em>Destination Spain and Portuga; <\/em><strong>Alexandre Mathieu<\/strong> de <em>We Plan Marruecos <\/em>y <strong>Anjali Devani<\/strong>, de <em>Travel Wild<\/em> DMC en el este de \u00c1frica.<\/p>\n<p><strong>Natalia Fern\u00e1ndez<\/strong> al referirse a Costa Rica \u2014pa\u00eds que est\u00e1 de moda por su oferta de naturaleza\u2014, asegur\u00f3 es ejemplo y el <em>Pecuare Lodge<\/em>, es hotel ecol\u00f3gico de lujo, escondido en el coraz\u00f3n de la selva tropical a orillas del r\u00edo Pacuare. Esta propiedad forma parte del <em>National Geographic Unique Lodges,<\/em> colecci\u00f3n que re\u00fane a los destinos que destacan por ser sostenibles, aut\u00e9nticos y con servicios de primera.<\/p>\n<p>De la isla privada <em>Song Saa<\/em> en Camboya, <strong>Stephanie Beck<\/strong> dijo que el paradisiaco lugar ofrece experiencia extraordinaria gracias al lujo, relajaci\u00f3n y contacto con la naturaleza. Se compone de 25 villas que brindan espacios modernos con comodidades ecol\u00f3gicas. Cuenta con playa de arena blanca, selva tropical y en su litoral hay arrecife de coral.<\/p>\n<p>Safaris exclusivos en \u00c1frica con la especialidad del <em>DMC Travel Wild<\/em> que brinda experiencias en Kenia, Tanzania, Uganda y Rwanda. <strong>Anjali Deva<\/strong>ni hizo la presentaci\u00f3n de sus programas y coment\u00f3 que los turistas buscan observar principalmente cinco especies en su medio ambiente: leones, elefantes, rinocerontes, b\u00fafalos y el veloz chita.<\/p>\n<p><strong>Seth Snider<\/strong> ofrece los servicios del <em>DMC Your Private Travel Italy<\/em> con su oferta enfocada en crear exclusivas excursiones, actividades y experiencias en Italia. Forma parte de la Asociaci\u00f3n Mediterr\u00e1nea de Corredores de Yates, cuenta con oficinas en diferentes lugares del pa\u00eds y es el \u00fanico <em>DMC<\/em> especializado en la regi\u00f3n de Campania que incluye las costas de Amalfi, Sorrento, N\u00e1poles y las paradisiacas islas de Ischia y Capri.<\/p>\n<p><em>Eclectic Greece<\/em>, DMC ofrece experiencias de lujo en 20 ciudades de Grecia con actividades muy diversas y excelencia. <strong>Eva Saringala<\/strong>, habl\u00f3 de los <em>tours<\/em> en velero, buceo, cata de vinos, vuelos en helic\u00f3ptero y globo aerost\u00e1tico sobre las islas griegas.<\/p>\n<p><strong>Giorgio Surian<\/strong> present\u00f3 sus viajes personalizados con experiencias \u00fanicas en Venecia, Eslovenia, Croacia, Montenegro, Bosnia y Serbia. Navegar en las costas del Adri\u00e1tico en yate privado para explorar algunas de sus mil 200 islas es de sus servicios emblem\u00e1ticos.<\/p>\n<p><strong>Juncal Elizazu<\/strong><em>, Destination Spain &amp; Portugal<\/em> con opciones de hospedaje, gastronom\u00eda, arte, cultura y aventura en siete ciudades de la Pen\u00ednsula Ib\u00e9rica. Sus productos se nutren de experiencias locales, lo que los hace \u00fanicos.<\/p>\n<p><strong>Alexandre Mathieu<\/strong> brinda viajes y experiencias de lujo en el norte de \u00c1frica. Cuenta con flota de veh\u00edculos de lujo en m\u00e1s de siete ciudades. Ofrece reservaciones preferentes en restaurantes y clubes, as\u00ed como ingreso VIP a sofisticados eventos.<\/p>\n<p>Antes de concluir la reuni\u00f3n <strong>Domique Debay<\/strong> asegur\u00f3: \u201cnuestros hoteles, <em>DMC\u2019s<\/em> y destinos comparten algo en com\u00fan: coraz\u00f3n y alma\u201d. Luego los ponentes visitaron a <em>tour<\/em> operadores y agentes de viajes para dar a conocer sus servicios.<\/p>\n<p>M\u00e1s informaci\u00f3n: www.dominiquedebay.com y www.dominiquedebaydmc.com<\/p>\n<p><em><span class=\"Apple-converted-space\"><a href=\"mailto:victoriagprado@gmail.com\" target=\"_blank\" rel=\"noopener noreferrer\">victoriagprado@gmail.com<\/a><br \/>\nTwitter: <a href=\"https:\/\/twitter.com\/victoriagprado\" target=\"_blank\" rel=\"noopener noreferrer\">@victoriagprado<\/a><\/span><\/em><\/p>\n","protected":false},"excerpt":{"rendered":"<p>Miguel Torruco Marqu\u00e9s, secretario de turismo federal (Sectur), asegur\u00f3 que estar\u00e1n atentos al mensaje de la Secretaria de Salud respecto a las posibles medidas que se deban tomar ante el COVID-19, por lo que no quiso referirse al tema de impactos tur\u00edsticos por este tema de salud hasta no saber la informaci\u00f3n que se d\u00e9 a conocer.<\/p>\n","protected":false},"author":3,"featured_media":461812,"comment_status":"open","ping_status":"open","sticky":false,"template":"","format":"standard","meta":{"_monsterinsights_skip_tracking":false,"_monsterinsights_sitenote_active":false,"_monsterinsights_sitenote_note":"","_monsterinsights_sitenote_category":0,"footnotes":""},"categories":[11],"tags":[107,43674,43681,106],"class_list":["post-461732","post","type-post","status-publish","format-standard","has-post-thumbnail","hentry","category-turismo","tag-de-cinco-estrellas","tag-opinion","tag-turismo","tag-victoria-gonzalez-prado"],"_links":{"self":[{"href":"https:\/\/www.diarioimagen.net\/index.php?rest_route=\/wp\/v2\/posts\/461732","targetHints":{"allow":["GET"]}}],"collection":[{"href":"https:\/\/www.diarioimagen.net\/index.php?rest_route=\/wp\/v2\/posts"}],"about":[{"href":"https:\/\/www.diarioimagen.net\/index.php?rest_route=\/wp\/v2\/types\/post"}],"author":[{"embeddable":true,"href":"https:\/\/www.diarioimagen.net\/index.php?rest_route=\/wp\/v2\/users\/3"}],"replies":[{"embeddable":true,"href":"https:\/\/www.diarioimagen.net\/index.php?rest_route=%2Fwp%2Fv2%2Fcomments&post=461732"}],"version-history":[{"count":0,"href":"https:\/\/www.diarioimagen.net\/index.php?rest_route=\/wp\/v2\/posts\/461732\/revisions"}],"wp:featuredmedia":[{"embeddable":true,"href":"https:\/\/www.diarioimagen.net\/index.php?rest_route=\/wp\/v2\/media\/461812"}],"wp:attachment":[{"href":"https:\/\/www.diarioimagen.net\/index.php?rest_route=%2Fwp%2Fv2%2Fmedia&parent=461732"}],"wp:term":[{"taxonomy":"category","embeddable":true,"href":"https:\/\/www.diarioimagen.net\/index.php?rest_route=%2Fwp%2Fv2%2Fcategories&post=461732"},{"taxonomy":"post_tag","embeddable":true,"href":"https:\/\/www.diarioimagen.net\/index.php?rest_route=%2Fwp%2Fv2%2Ftags&post=461732"}],"curies":[{"name":"wp","href":"https:\/\/api.w.org\/{rel}","templated":true}]}}