{"id":461740,"date":"2020-02-28T00:01:38","date_gmt":"2020-02-28T06:01:38","guid":{"rendered":"https:\/\/www.diarioimagen.net\/?p=461740"},"modified":"2020-02-28T05:04:24","modified_gmt":"2020-02-28T11:04:24","slug":"reciben-7-mil-500-adultos-mayores-credenciales-inapam-en-atizapan","status":"publish","type":"post","link":"https:\/\/www.diarioimagen.net\/?p=461740","title":{"rendered":"Reciben 7 mil 500 adultos mayores credenciales INAPAM, en Atizap\u00e1n"},"content":{"rendered":"<div id=\"attachment_461825\" style=\"width: 470px\" class=\"wp-caption aligncenter\"><a href=\"https:\/\/www.diarioimagen.net\/?attachment_id=461825\" rel=\"attachment wp-att-461825\"><img loading=\"lazy\" decoding=\"async\" aria-describedby=\"caption-attachment-461825\" class=\"size-large wp-image-461825\" src=\"https:\/\/www.diarioimagen.net\/wp-content\/uploads\/2020\/02\/ATIZAP\u00c1N-2-460x259.jpg\" alt=\"\" width=\"460\" height=\"259\" srcset=\"https:\/\/www.diarioimagen.net\/wp-content\/uploads\/2020\/02\/ATIZAP\u00c1N-2-460x259.jpg 460w, https:\/\/www.diarioimagen.net\/wp-content\/uploads\/2020\/02\/ATIZAP\u00c1N-2-240x135.jpg 240w, https:\/\/www.diarioimagen.net\/wp-content\/uploads\/2020\/02\/ATIZAP\u00c1N-2-235x132.jpg 235w, https:\/\/www.diarioimagen.net\/wp-content\/uploads\/2020\/02\/ATIZAP\u00c1N-2-202x114.jpg 202w, https:\/\/www.diarioimagen.net\/wp-content\/uploads\/2020\/02\/ATIZAP\u00c1N-2-350x196.jpg 350w, https:\/\/www.diarioimagen.net\/wp-content\/uploads\/2020\/02\/ATIZAP\u00c1N-2-220x123.jpg 220w, https:\/\/www.diarioimagen.net\/wp-content\/uploads\/2020\/02\/ATIZAP\u00c1N-2-237x132.jpg 237w, https:\/\/www.diarioimagen.net\/wp-content\/uploads\/2020\/02\/ATIZAP\u00c1N-2.jpg 480w\" sizes=\"auto, (max-width: 460px) 100vw, 460px\" \/><\/a><p id=\"caption-attachment-461825\" class=\"wp-caption-text\">El edil Armando Navarrete L\u00f3pez visit\u00f3 la escuela secundaria 680 \u201cJuana de Asbaje\u201d y recorri\u00f3 las calles de la colonia El Gavillero.<\/p><\/div>\n<p>&nbsp;<\/p>\n<p><strong>Atizap\u00e1n, Estado de M\u00e9xico<\/strong><strong>.-<\/strong> Mediante las gestiones realizadas por el gobierno de Atizap\u00e1n y DIF local, en lo que va de la administraci\u00f3n municipal han sido entregadas 7 mil 500 credenciales del INAPAM de manera directa a los beneficiarios e igual n\u00famero de atizapenses.<\/p>\n<p>As\u00ed lo se\u00f1al\u00f3 el director del DIF, Francisco Ledesma Llaca, al invitar a los ciudadanos mayores de 60 a\u00f1os tramitar su credencial de afiliaci\u00f3n del Instituto Nacional de las Personas Adultas Mayores (INAPAM), documento que, adem\u00e1s de servir como identificaci\u00f3n oficial, permite acceder a descuentos y beneficios en alimentaci\u00f3n, salud, transporte, vestido, cultura y m\u00e1s.<\/p>\n","protected":false},"excerpt":{"rendered":"<p>Mediante las gestiones realizadas por el gobierno de Atizap\u00e1n y DIF local, en lo que va de la administraci\u00f3n municipal han sido entregadas 7 mil 500 credenciales del INAPAM de manera directa a los beneficiarios e igual n\u00famero de atizapenses.<\/p>\n","protected":false},"author":3,"featured_media":461825,"comment_status":"open","ping_status":"open","sticky":false,"template":"","format":"standard","meta":{"_monsterinsights_skip_tracking":false,"_monsterinsights_sitenote_active":false,"_monsterinsights_sitenote_note":"","_monsterinsights_sitenote_category":0,"footnotes":""},"categories":[5],"tags":[969,90349,43675,3623,71082],"class_list":["post-461740","post","type-post","status-publish","format-standard","has-post-thumbnail","hentry","category-estado-de-mexico","tag-atizapan","tag-credenciales","tag-estado-de-mexico","tag-inapam","tag-mayores"],"_links":{"self":[{"href":"https:\/\/www.diarioimagen.net\/index.php?rest_route=\/wp\/v2\/posts\/461740","targetHints":{"allow":["GET"]}}],"collection":[{"href":"https:\/\/www.diarioimagen.net\/index.php?rest_route=\/wp\/v2\/posts"}],"about":[{"href":"https:\/\/www.diarioimagen.net\/index.php?rest_route=\/wp\/v2\/types\/post"}],"author":[{"embeddable":true,"href":"https:\/\/www.diarioimagen.net\/index.php?rest_route=\/wp\/v2\/users\/3"}],"replies":[{"embeddable":true,"href":"https:\/\/www.diarioimagen.net\/index.php?rest_route=%2Fwp%2Fv2%2Fcomments&post=461740"}],"version-history":[{"count":0,"href":"https:\/\/www.diarioimagen.net\/index.php?rest_route=\/wp\/v2\/posts\/461740\/revisions"}],"wp:featuredmedia":[{"embeddable":true,"href":"https:\/\/www.diarioimagen.net\/index.php?rest_route=\/wp\/v2\/media\/461825"}],"wp:attachment":[{"href":"https:\/\/www.diarioimagen.net\/index.php?rest_route=%2Fwp%2Fv2%2Fmedia&parent=461740"}],"wp:term":[{"taxonomy":"category","embeddable":true,"href":"https:\/\/www.diarioimagen.net\/index.php?rest_route=%2Fwp%2Fv2%2Fcategories&post=461740"},{"taxonomy":"post_tag","embeddable":true,"href":"https:\/\/www.diarioimagen.net\/index.php?rest_route=%2Fwp%2Fv2%2Ftags&post=461740"}],"curies":[{"name":"wp","href":"https:\/\/api.w.org\/{rel}","templated":true}]}}