{"id":461858,"date":"2020-03-02T00:05:40","date_gmt":"2020-03-02T06:05:40","guid":{"rendered":"https:\/\/www.diarioimagen.net\/?p=461858"},"modified":"2020-03-01T23:20:06","modified_gmt":"2020-03-02T05:20:06","slug":"acusan-ante-amlo-a-gobernador-y-a-alcalde-en-macuspana","status":"publish","type":"post","link":"https:\/\/www.diarioimagen.net\/?p=461858","title":{"rendered":"Reclamos y rechiflas en gira de AMLO por su tierra natal"},"content":{"rendered":"<ul>\n<li><em><strong>El Presidente contiene protesta en Macuspana<\/strong><\/em><\/li>\n<li><em><strong>El mandatario federal tuvo que confrontar a los asistentes<\/strong><\/em><\/li>\n<\/ul>\n<p>&nbsp;<\/p>\n<div id=\"attachment_461859\" style=\"width: 470px\" class=\"wp-caption aligncenter\"><img loading=\"lazy\" decoding=\"async\" aria-describedby=\"caption-attachment-461859\" class=\"wp-image-461859 size-large\" src=\"https:\/\/www.diarioimagen.net\/wp-content\/uploads\/2020\/03\/PROTESTA2a-porrtal-460x268.png\" alt=\"\" width=\"460\" height=\"268\" srcset=\"https:\/\/www.diarioimagen.net\/wp-content\/uploads\/2020\/03\/PROTESTA2a-porrtal-460x268.png 460w, https:\/\/www.diarioimagen.net\/wp-content\/uploads\/2020\/03\/PROTESTA2a-porrtal-240x140.png 240w, https:\/\/www.diarioimagen.net\/wp-content\/uploads\/2020\/03\/PROTESTA2a-porrtal.png 480w\" sizes=\"auto, (max-width: 460px) 100vw, 460px\" \/><p id=\"caption-attachment-461859\" class=\"wp-caption-text\">Andr\u00e9s Manuel L\u00f3pez Obrador amag\u00f3 con terminar discurso ante rechiflas contra el gobernador Ad\u00e1n Augusto L\u00f3pez, y el presidente municipal de Macuspana.<\/p><\/div>\n<p>&nbsp;<\/p>\n<p>Molesto, el presidente Andr\u00e9s Manuel L\u00f3pez Obrador emiti\u00f3 un rega\u00f1o a los pobladores del municipio que lo vio nacer ante los gritos que hac\u00edan contra Roberto Villapaldo, presidente municipal de Macuspana.<\/p>\n<p>Los macuspenses relataron que Villalpando se ha dedicado a robar y pocas son las acciones que su gobierno ha emprendido por el bien de la comunidad.<\/p>\n<p>\u201c\u00c9l es un ratero, no merece estar donde est\u00e1, est\u00e1 enga\u00f1ando a la gente\u201d, coment\u00f3 Celeste Rodr\u00edguez, una asistente al evento.<\/p>\n<p>El mandatario federal se confront\u00f3 en diversas ocasiones a los asistentes quienes le reprocharon que no haya bajado el precio de la luz ni se hayan condonado los adeudos que datan de la resistencia civil pac\u00edfica que \u00e9l encabez\u00f3 en los a\u00f1os 80.<\/p>\n<p>L\u00f3pez Obrador exigi\u00f3 a los macuspanenses dejar de lado la politiquer\u00eda y estar en unidad en torno a la cuarta transformaci\u00f3n del pa\u00eds.<\/p>\n<p>Sin embargo, las rechiflas contra el gobernador Ad\u00e1n Augusto L\u00f3pez, gobernador del Estado, y el presidente municipal se intensificaron ante lo que L\u00f3pez Obrador amag\u00f3 con terminar su intervenci\u00f3n ante lo que consider\u00f3 fueron los o\u00eddos sordos de sus paisanos.<\/p>\n<p>\u201cMe dio mucho gusto estar aqu\u00ed con ustedes, dijo el mandatario a poco m\u00e1s de 10 minutos de haber iniciado su discurso, \u201cNo voy a hablar, ya saben que soy terco\u201d, advirti\u00f3 ante la rechifla.<\/p>\n<p>\u201cA veces por la grilla y politiquer\u00eda parece que no estuvi\u00e9ramos haciendo nada.<\/p>\n<p>-\u201c\u00bfEs lo mismo que antes? \u00bfque no est\u00e1n recibiendo los apoyos?\u201d, cuestion\u00f3 el mandatario.<\/p>\n<p>-\u201c\u00a1No!\u201d, le reviraron sus paisanos.<\/p>\n<p>-\u201c\u00a1C\u00f3mo que no! La mentira es del demonio es reaccionaria y conservadora\u201c, les contest\u00f3 y volvi\u00f3 a preguntarles, sin embargo la multitud volvi\u00f3 a gritar.<\/p>\n<p>Entonces, el jefe del Ejecutivo pidi\u00f3 a mano alzada saber si los apoyos llegaban a todos los presentes; la respuesta fue mayoritaria por el s\u00ed.<\/p>\n<p>\u201cVamos entiendo que ya comenz\u00f3 la transformaci\u00f3n, falta todav\u00eda pero les aseguro que vamos a transformar a M\u00e9xico. \u201cEs amor al pr\u00f3jimo no hay que pensar en la politiquer\u00eda\u201c, volvi\u00f3 a insistirles.<\/p>\n<p>Con los \u00e1nimos m\u00e1s calmados, el mandatario federal les solicit\u00f3 pensar con la cabeza fr\u00eda aunque tuvieran el coraz\u00f3n caliente. Dijo que como tabasque\u00f1os y mexicanos corresponde a todos la transformaci\u00f3n del M\u00e9xico.<\/p>\n<p>Los exhort\u00f3 a no mezclar los tiempos pol\u00edticos con los de acci\u00f3n para el cambio ya que existen manipuladores que solo buscan llegar a los cargos p\u00fablicos para sacar provecho personal.<\/p>\n<p style=\"text-align: center;\"><strong>Abuchean a gobernador<\/strong><\/p>\n<p>Luego de guardar silencio por dos d\u00edas, el gobernador de Tabasco, Ad\u00e1n Augusto L\u00f3pez, habl\u00f3 por primera vez para darle la bienvenida al presidente Andr\u00e9s Manuel L\u00f3pez Obrador, sin embargo poco pudo transmitir ante los abucheos de los asistentes.<\/p>\n<p>La intervenci\u00f3n del mandatario local era simb\u00f3lica tanto como la visita del presidente al lugar donde naci\u00f3.<\/p>\n<p>\u201c\u00a1Fuera, fuera, fuera!\u201d, le gritaban los asistentes.<\/p>\n<p>No obstante, el ambiente estaba cargado de reclamos para Ad\u00e1n Augusto como para Roberto Villalpando, edil de Macuspana, lo que hizo que el mensaje de bienvenida se redujera a poco menos de tres minutos.<\/p>\n<p>El gobernador quiso ser conciliador, hizo un llamado a la unidad de los tabasque\u00f1os en torno al presidente L\u00f3pez Obrador, pero eso no calm\u00f3 los \u00e1nimos.<\/p>\n","protected":false},"excerpt":{"rendered":"<p>Molesto, el presidente Andr\u00e9s Manuel L\u00f3pez Obrador emiti\u00f3 un rega\u00f1o a los pobladores del municipio que lo vio nacer ante los gritos que hac\u00edan contra Roberto Villapaldo, presidente municipal de Macuspana.<\/p>\n","protected":false},"author":5,"featured_media":461859,"comment_status":"open","ping_status":"open","sticky":false,"template":"","format":"standard","meta":{"_monsterinsights_skip_tracking":false,"_monsterinsights_sitenote_active":false,"_monsterinsights_sitenote_note":"","_monsterinsights_sitenote_category":0,"footnotes":""},"categories":[3],"tags":[90384,2545,1352,6610,90358,84224],"class_list":["post-461858","post","type-post","status-publish","format-standard","has-post-thumbnail","hentry","category-nacional","tag-abuceho","tag-amlo","tag-andres-manuel-lopez-obrador","tag-gobernador","tag-macuspana","tag-repudio"],"_links":{"self":[{"href":"https:\/\/www.diarioimagen.net\/index.php?rest_route=\/wp\/v2\/posts\/461858","targetHints":{"allow":["GET"]}}],"collection":[{"href":"https:\/\/www.diarioimagen.net\/index.php?rest_route=\/wp\/v2\/posts"}],"about":[{"href":"https:\/\/www.diarioimagen.net\/index.php?rest_route=\/wp\/v2\/types\/post"}],"author":[{"embeddable":true,"href":"https:\/\/www.diarioimagen.net\/index.php?rest_route=\/wp\/v2\/users\/5"}],"replies":[{"embeddable":true,"href":"https:\/\/www.diarioimagen.net\/index.php?rest_route=%2Fwp%2Fv2%2Fcomments&post=461858"}],"version-history":[{"count":0,"href":"https:\/\/www.diarioimagen.net\/index.php?rest_route=\/wp\/v2\/posts\/461858\/revisions"}],"wp:featuredmedia":[{"embeddable":true,"href":"https:\/\/www.diarioimagen.net\/index.php?rest_route=\/wp\/v2\/media\/461859"}],"wp:attachment":[{"href":"https:\/\/www.diarioimagen.net\/index.php?rest_route=%2Fwp%2Fv2%2Fmedia&parent=461858"}],"wp:term":[{"taxonomy":"category","embeddable":true,"href":"https:\/\/www.diarioimagen.net\/index.php?rest_route=%2Fwp%2Fv2%2Fcategories&post=461858"},{"taxonomy":"post_tag","embeddable":true,"href":"https:\/\/www.diarioimagen.net\/index.php?rest_route=%2Fwp%2Fv2%2Ftags&post=461858"}],"curies":[{"name":"wp","href":"https:\/\/api.w.org\/{rel}","templated":true}]}}