{"id":461915,"date":"2020-03-02T00:05:35","date_gmt":"2020-03-02T06:05:35","guid":{"rendered":"https:\/\/www.diarioimagen.net\/?p=461915"},"modified":"2020-03-02T01:38:49","modified_gmt":"2020-03-02T07:38:49","slug":"entrego-alfredo-barrera-tercer-informe-al-h-consejo-universitario","status":"publish","type":"post","link":"https:\/\/www.diarioimagen.net\/?p=461915","title":{"rendered":"Entreg\u00f3 Alfredo Barrera tercer informe al H. Consejo Universitario"},"content":{"rendered":"<ul>\n<li><strong><em>El rector refrend\u00f3 su pol\u00edtica de apertura al di\u00e1logo<\/em><\/strong><\/li>\n<\/ul>\n<p>&nbsp;<\/p>\n<div id=\"attachment_461989\" style=\"width: 470px\" class=\"wp-caption aligncenter\"><a href=\"https:\/\/www.diarioimagen.net\/?attachment_id=461989\" rel=\"attachment wp-att-461989\"><img loading=\"lazy\" decoding=\"async\" aria-describedby=\"caption-attachment-461989\" class=\"size-large wp-image-461989\" src=\"https:\/\/www.diarioimagen.net\/wp-content\/uploads\/2020\/03\/UAEM-2-460x259.jpg\" alt=\"\" width=\"460\" height=\"259\" srcset=\"https:\/\/www.diarioimagen.net\/wp-content\/uploads\/2020\/03\/UAEM-2-460x259.jpg 460w, https:\/\/www.diarioimagen.net\/wp-content\/uploads\/2020\/03\/UAEM-2-240x135.jpg 240w, https:\/\/www.diarioimagen.net\/wp-content\/uploads\/2020\/03\/UAEM-2-235x132.jpg 235w, https:\/\/www.diarioimagen.net\/wp-content\/uploads\/2020\/03\/UAEM-2-202x114.jpg 202w, https:\/\/www.diarioimagen.net\/wp-content\/uploads\/2020\/03\/UAEM-2-350x196.jpg 350w, https:\/\/www.diarioimagen.net\/wp-content\/uploads\/2020\/03\/UAEM-2-220x123.jpg 220w, https:\/\/www.diarioimagen.net\/wp-content\/uploads\/2020\/03\/UAEM-2-237x132.jpg 237w, https:\/\/www.diarioimagen.net\/wp-content\/uploads\/2020\/03\/UAEM-2.jpg 480w\" sizes=\"auto, (max-width: 460px) 100vw, 460px\" \/><\/a><p id=\"caption-attachment-461989\" class=\"wp-caption-text\">El rector de la UAEM Alfredo Barrera Baca entreg\u00f3 el tercer informe anual de actividades de la Administraci\u00f3n 2017-2021 al presidente de la comisi\u00f3n especial para el estudio y evaluaci\u00f3n de dicho documento, el director de la Facultad de Contadur\u00eda y Administraci\u00f3n, Marcos Rafael Garc\u00eda.<\/p><\/div>\n<p>&nbsp;<\/p>\n<p><strong>Toluca, Estado de M\u00e9xico<\/strong>.\u2013 El H. Consejo Universitario de la Universidad Aut\u00f3noma del Estado de M\u00e9xico aprob\u00f3 que el rector Alfredo Barrera Baca entregara, el pasado viernes, el tercer informe anual de actividades de la Administraci\u00f3n 2017-2021 al presidente de la comisi\u00f3n especial para el estudio y evaluaci\u00f3n de dicho documento, el director de la Facultad de Contadur\u00eda y Administraci\u00f3n, Marcos Rafael Garc\u00eda P\u00e9rez.<\/p>\n<p>Derivado de las circunstancias excepcionales que vive la instituci\u00f3n y con fundamento en los art\u00edculos 21 y 24 de la Ley Universitaria, as\u00ed como los art\u00edculos 15 y 16 del Reglamento de Integraci\u00f3n y Funcionamiento del Consejo Universitario, y del art\u00edculo 99 del Estatuto Universitario, el m\u00e1ximo \u00f3rgano de gobierno de la instituci\u00f3n acord\u00f3 por unanimidad no observar lo previsto en el art\u00edculo 24 de la legislaci\u00f3n universitaria, relativo a la ceremonia tradicional del informe anual de actividades, sin perjuicio de que se presente el mensaje.<\/p>\n<p>Alfredo Barrera asever\u00f3 que la Administraci\u00f3n 2017-2021 escucha con atenci\u00f3n a los universitarios; refrend\u00f3 su pol\u00edtica de apertura al di\u00e1logo y el actuar con determinaci\u00f3n para atender cada una de las denuncias estudiantiles de acoso y hostigamiento sexual presentadas en d\u00edas recientes por integrantes de la comunidad auriverde.<\/p>\n<p>\u201cSeremos implacables con los delincuentes, pero seamos consecuentes con nuestra formaci\u00f3n c\u00edvica y humanista\u201d, sostuvo Alfredo Barrera, quien asegur\u00f3 que, sin duda, la libertad de expresi\u00f3n de las alumnas de la UAEM es y ser\u00e1 respetada. Inst\u00f3 a la comunidad universitaria a hacer un esfuerzo por apegarse a los cauces institucionales e invit\u00f3 a mantener la confianza y la estabilidad de la Aut\u00f3noma mexiquense.<\/p>\n<p>Minutos antes, el m\u00e1ximo \u00f3rgano colegiado de la instituci\u00f3n conform\u00f3 la comisi\u00f3n especial para el estudio y evaluaci\u00f3n del tercer informe anual de actividades de la Administraci\u00f3n 2017-2021, integrada por los directores del Plantel \u201cSor Juana In\u00e9s de la Cruz\u201d, Cristian Gonz\u00e1lez Flores; la Facultad de Odontolog\u00eda, Edith Lara Carrillo; la Facultad de Turismo y Gastronom\u00eda, Elva Esther Vargas Mart\u00ednez, y la Facultad de Contadur\u00eda y Administraci\u00f3n, Marcos Rafael Garc\u00eda P\u00e9rez.<\/p>\n<p>Asimismo, los consejeros profesores del Instituto de Ciencias Agropecuarias y Rurales (ICAR), Humberto Thom\u00e9 Ortiz; la Facultad de Odontolog\u00eda, Jos\u00e9 Fernando Pliego Ma\u00f1\u00f3n; la profesora de la Facultad de Ciencias, Cristina Burrola Aguilar, y la profesora representante de los planteles de la Escuela Preparatoria, Mar\u00eda Teresa Andrea Caballero Mart\u00ednez.<\/p>\n<p>De igual forma, los alumnos consejeros de las facultades de Derecho, Luis Roberto Mancilla Uriostegui; Ciencias Pol\u00edticas y Sociales, Natalia T\u00e9llez Col\u00edn; Lenguas, Eugenia Sof\u00eda Dur\u00e1n J\u00faarez; Ciencias de la Conducta, Raquel Solano Reyes; Ciencias Agr\u00edcolas, Mar\u00eda de los \u00c1ngeles Moreno Becerril, y el Instituto de Ciencias Agropecuarias y Rurales, Guillermo G\u00f3mez Espinoza, as\u00ed como la representante de los alumnos de planteles de la Escuela Preparatoria, Arely G\u00f3mez Reyes, y del Plantel \u201cIsidro Fabela Alfaro\u201d, Ariadna Itzel Zavala Vel\u00e1zquez.<\/p>\n<p style=\"text-align: center;\"><strong>UAEM act\u00faa contra<\/strong><strong>\u00a0acoso y hostigamiento sexual<\/strong><\/p>\n<p>Luego de que el pasado 20 de febrero se dio a conocer la difusi\u00f3n, por parte de un alumno, de fotograf\u00edas privadas de estudiantes de la Facultad de Ciencias de la Conducta, lo cual origin\u00f3 denuncias por acoso y hostigamiento sexual en diversos espacios universitarios, la Universidad Aut\u00f3noma del Estado de M\u00e9xico ha despedido a un total de seis profesores: tres de la Facultad de Ciencias Pol\u00edticas y Sociales, uno de la Facultad de Lenguas, uno de la Escuela de Artes Esc\u00e9nicas y uno del Plantel \u201cLic. Adolfo L\u00f3pez Mateos\u201d de la Escuela Preparatoria.<\/p>\n<p>El rector\u00a0 Barrera Baca inform\u00f3 que tambi\u00e9n se ha ejercido la suspensi\u00f3n como medida de protecci\u00f3n, de seis profesores de la Facultad de Odontolog\u00eda y un alumno de la Facultad de Ciencias de la Conducta.<\/p>\n<p>A ello, precis\u00f3, se suma la destituci\u00f3n por procedimiento de responsabilidad universitaria, entre 2018 y 2019, de 16 profesores, as\u00ed como la separaci\u00f3n por renuncia\/despido de cuatro m\u00e1s, de diversos organismos universitarios en todo el Estado de M\u00e9xico, haciendo un total de 20.<\/p>\n<p>El servidor universitario explic\u00f3 que en el caso particular del estudiante de Ciencias de la Conducta, tambi\u00e9n se apoy\u00f3 a cuatro estudiantes de la Facultad que quisieron formalizar sus denuncias ante el Ministerio P\u00fablico.<\/p>\n<p>Adem\u00e1s, se\u00f1al\u00f3 Alfredo Barrera Baca, con tal de dar seguimiento a la presunta participaci\u00f3n de dicho joven en una red de pornograf\u00eda en la capital mexiquense, sostuvimos una reuni\u00f3n con expertos de la polic\u00eda cibern\u00e9tica de la entidad.<\/p>\n","protected":false},"excerpt":{"rendered":"<p>El H. Consejo Universitario de la Universidad Aut\u00f3noma del Estado de M\u00e9xico aprob\u00f3 que el rector Alfredo Barrera Baca entregara, el pasado viernes, el tercer informe anual de actividades de la Administraci\u00f3n 2017-2021 al presidente de la comisi\u00f3n especial para el estudio y evaluaci\u00f3n de dicho documento, el director de la Facultad de Contadur\u00eda y Administraci\u00f3n, Marcos Rafael Garc\u00eda P\u00e9rez.<\/p>\n","protected":false},"author":3,"featured_media":461989,"comment_status":"open","ping_status":"open","sticky":false,"template":"","format":"standard","meta":{"_monsterinsights_skip_tracking":false,"_monsterinsights_sitenote_active":false,"_monsterinsights_sitenote_note":"","_monsterinsights_sitenote_category":0,"footnotes":""},"categories":[5],"tags":[58572,43675,15637,452],"class_list":["post-461915","post","type-post","status-publish","format-standard","has-post-thumbnail","hentry","category-estado-de-mexico","tag-alfredo-barrera-baca","tag-estado-de-mexico","tag-informe","tag-toluca"],"_links":{"self":[{"href":"https:\/\/www.diarioimagen.net\/index.php?rest_route=\/wp\/v2\/posts\/461915","targetHints":{"allow":["GET"]}}],"collection":[{"href":"https:\/\/www.diarioimagen.net\/index.php?rest_route=\/wp\/v2\/posts"}],"about":[{"href":"https:\/\/www.diarioimagen.net\/index.php?rest_route=\/wp\/v2\/types\/post"}],"author":[{"embeddable":true,"href":"https:\/\/www.diarioimagen.net\/index.php?rest_route=\/wp\/v2\/users\/3"}],"replies":[{"embeddable":true,"href":"https:\/\/www.diarioimagen.net\/index.php?rest_route=%2Fwp%2Fv2%2Fcomments&post=461915"}],"version-history":[{"count":0,"href":"https:\/\/www.diarioimagen.net\/index.php?rest_route=\/wp\/v2\/posts\/461915\/revisions"}],"wp:featuredmedia":[{"embeddable":true,"href":"https:\/\/www.diarioimagen.net\/index.php?rest_route=\/wp\/v2\/media\/461989"}],"wp:attachment":[{"href":"https:\/\/www.diarioimagen.net\/index.php?rest_route=%2Fwp%2Fv2%2Fmedia&parent=461915"}],"wp:term":[{"taxonomy":"category","embeddable":true,"href":"https:\/\/www.diarioimagen.net\/index.php?rest_route=%2Fwp%2Fv2%2Fcategories&post=461915"},{"taxonomy":"post_tag","embeddable":true,"href":"https:\/\/www.diarioimagen.net\/index.php?rest_route=%2Fwp%2Fv2%2Ftags&post=461915"}],"curies":[{"name":"wp","href":"https:\/\/api.w.org\/{rel}","templated":true}]}}