{"id":461934,"date":"2020-03-02T00:01:38","date_gmt":"2020-03-02T06:01:38","guid":{"rendered":"https:\/\/www.diarioimagen.net\/?p=461934"},"modified":"2020-03-03T22:55:04","modified_gmt":"2020-03-04T04:55:04","slug":"carnaval-de-cozumel-2020-vuelve-a-hacer-historia-%e2%80%a2-i","status":"publish","type":"post","link":"https:\/\/www.diarioimagen.net\/?p=461934","title":{"rendered":"Carnaval de Cozumel 2020 vuelve a hacer historia \u2022 I"},"content":{"rendered":"<h2>De cinco estrellas<\/h2>\n<h5>Nadia Hern\u00e1ndez Soto<\/h5>\n<p>&nbsp;<\/p>\n<ul>\n<li><strong><em>M\u00fasica, alegr\u00eda y color; culmin\u00f3 con majestuoso concierto de Chayanne<\/em><\/strong><\/li>\n<\/ul>\n<p style=\"text-align: right;\"><strong>\u00a0<\/strong><em><strong>(1 de 2 partes)<\/strong><\/em><\/p>\n<p>&nbsp;<\/p>\n<div id=\"attachment_461995\" style=\"width: 470px\" class=\"wp-caption aligncenter\"><a href=\"https:\/\/www.diarioimagen.net\/?attachment_id=461995\" rel=\"attachment wp-att-461995\"><img loading=\"lazy\" decoding=\"async\" aria-describedby=\"caption-attachment-461995\" class=\"size-large wp-image-461995\" src=\"https:\/\/www.diarioimagen.net\/wp-content\/uploads\/2020\/03\/turismo-460x259.jpg\" alt=\"\" width=\"460\" height=\"259\" srcset=\"https:\/\/www.diarioimagen.net\/wp-content\/uploads\/2020\/03\/turismo-460x259.jpg 460w, https:\/\/www.diarioimagen.net\/wp-content\/uploads\/2020\/03\/turismo-240x135.jpg 240w, https:\/\/www.diarioimagen.net\/wp-content\/uploads\/2020\/03\/turismo-235x132.jpg 235w, https:\/\/www.diarioimagen.net\/wp-content\/uploads\/2020\/03\/turismo-202x114.jpg 202w, https:\/\/www.diarioimagen.net\/wp-content\/uploads\/2020\/03\/turismo-350x196.jpg 350w, https:\/\/www.diarioimagen.net\/wp-content\/uploads\/2020\/03\/turismo-220x123.jpg 220w, https:\/\/www.diarioimagen.net\/wp-content\/uploads\/2020\/03\/turismo-237x132.jpg 237w, https:\/\/www.diarioimagen.net\/wp-content\/uploads\/2020\/03\/turismo.jpg 480w\" sizes=\"auto, (max-width: 460px) 100vw, 460px\" \/><\/a><p id=\"caption-attachment-461995\" class=\"wp-caption-text\">Pedro Hermosillo L\u00f3pez, director de Turismo y Desarrollo Econ\u00f3mico de Cozumel.<\/p><\/div>\n<p>&nbsp;<\/p>\n<p><strong>Cozumel, Quintana Roo.- <\/strong>Una vez m\u00e1s, cada rinc\u00f3n de la isla se ilumin\u00f3 con la gran fiesta caribe\u00f1a de Carnaval en la que locales y extranjeros se contagiaron del folclor, alegr\u00eda y diversi\u00f3n que caracteriza esta tradici\u00f3n que se vive con orgullo desde hace m\u00e1s de 145 a\u00f1os.<\/p>\n<p>El Carnaval Cozumel 2020 volvi\u00f3 a enamorar con sus atractivos tur\u00edsticos a los visitantes y locales que disfrutaron noches de algarab\u00eda en desfiles que se abrieron paso por las principales avenidas, plazas p\u00fablicas y por el malec\u00f3n que se visti\u00f3 de luces y adornos coloridos.<\/p>\n<p>Durante un mes, con tres semanas de pre-carnaval, se realizaron las presentaciones de candidatos a reyes, votaciones y la elecci\u00f3n de los mejores, para despu\u00e9s deleitar con su participaci\u00f3n una vez coronados; adem\u00e1s de los concursos de disfraces, comparsas y la mejor propuesta musical para este Carnaval, el m\u00e1s antiguo de Quintana Roo.<\/p>\n<p>La semana de Carnaval, -el m\u00e1s esperado de la regi\u00f3n- se engalan\u00f3 con las actuaciones musicales de bandas y grupos como Reik, S\u00faper Lamas, La Sonora Tropicana y el m\u00fasico Chico Che Chico, hijo de Chico Che; \u00eddolo de la fiesta choca, y para cerrar con broche de oro en el Parque Quintana Roo, se present\u00f3 el cantante, compositor, bailar\u00edn y actor puertorrique\u00f1o, Chayanne; uno de los artistas latinos con mayores ventas a nivel internacional.<\/p>\n<p>Con el magno concierto del aclamado cantante, Chayanne, congreg\u00f3 m\u00e1s de 20 mil personas en la explanada del Palacio Municipal. As\u00ed, el Carnaval se consolida como el mejor del Caribe mexicano y hace historia al superar cifras de asistencia, afirm\u00f3 <strong>Pedro Hermosillo L\u00f3pez<\/strong>, director de Turismo y Desarrollo Econ\u00f3mico de la isla.<\/p>\n<p><strong>Hermosillo L\u00f3pez<\/strong> dijo a <strong>Diario Imagen<\/strong>: \u201cla edici\u00f3n 146 del Carnaval registr\u00f3 incremento del 6 por ciento en cuanto a visitantes, con derrama econ\u00f3mica de 450 millones de pesos superados y un acumulado superior a los 50 mil hu\u00e9spedes que ocuparon hoteles de diferentes categor\u00edas, lo cual es para nosotros un dato sumamente positivo\u201d.<\/p>\n<p>Dijo que en hoteles, de norte a sur, se registr\u00f3 ocupaci\u00f3n de 100 por ciento, lo cual indica fue del gusto de los asistentes, la ocupaci\u00f3n general promedio durante todo el Carnaval del 19 al 27 de febrero super\u00f3 85 puntos porcentuales. Dichas coment\u00f3 son datos preliminares y tambi\u00e9n estim\u00f3 que de los visitantes al Carnaval 65 por ciento fueron de nacionalidad estadounidense y canadiense, 35 por ciento nacionales y locales; lo cual se debi\u00f3 a la conectividad que han brindado diversas aerol\u00edneas a la isla.<\/p>\n<p>El d\u00eda de cierre del Carnaval, el director de Turismo de Cozumel destac\u00f3 que gracias a la suma de esfuerzos con los otros \u00f3rdenes de gobierno, se emprendieron acciones concretas para mejorar la calidad de vida de los cozumele\u00f1os. Por eso, este Carnaval tuvo excelente respuesta de la sociedad y destac\u00f3 que en el desarrollo de estas fiestas se confirm\u00f3 que Cozumel es el municipio m\u00e1s seguro de Quintana Roo, pues concluyeron con saldo blanco y gran \u00e9xito, ocupaci\u00f3n del 100 por ciento en los hoteles, importante derrama econ\u00f3mica que se traduce en beneficios para las familias cozumele\u00f1as, detall\u00f3 <strong>Hermosillo L\u00f3pez<\/strong>. Este 2020 con la tem\u00e1tica \u00a1Herencia de nuestra gente!, se estim\u00f3 la llegada de 130 mil personas.<\/p>\n<p>El director de Turismo coment\u00f3 a <strong>DIARIOIMAGEN<\/strong> que el \u00faltimo d\u00eda de Carnaval con la \u201cQuema de Carnaval y Lectura de Testamento\u201d; y la entrega de premios, \u201cAntifaces de Oro\u201d, ya se inician los preparativos para el pr\u00f3ximo a\u00f1o con las primeras gestiones, se revisan las convocatorias y se planean las reuniones previas para iniciar con el desarrollo de la log\u00edstica de lo que ser\u00e1 el Carnaval de Cozumel 2021 programado del 10 al 16 de febrero, explic\u00f3.<\/p>\n<p>Por lo pronto, este a\u00f1o el malec\u00f3n de Cozumel luci\u00f3 atiborrado de millares de carnavaleros, as\u00ed como turistas nacionales y extranjeros, testigos de los desfiles de carros aleg\u00f3ricos y comparsas que llenaron de alegr\u00eda, sabor y derroche la principal avenida Rafael E. Melgar.<\/p>\n<p>Para quien quiere una mejor vista del desfile de carros aleg\u00f3ricos el restaurante \u201cLa Casa del Habano Cozumel\u201d \u2014rinc\u00f3n cubano de la isla\u2014, en la avenida Rafael E. Melgar, ofrece un balc\u00f3n desde donde se pueden capturar las mejores fotograf\u00edas y apreciar la festiva algarab\u00eda; mientras se degusta una selecci\u00f3n \u00fanica de rones y cocina tradicional cubana que se sirve en el lugar.<\/p>\n<p>\u201cLa Casa del Habano Cozumel\u201d, con la mejor vista al mar Caribe, incluye tambi\u00e9n un maestro cubano Torcedor, con m\u00e1s de 25 a\u00f1os de experiencia en la fabricaci\u00f3n artesanal de cigarros de clase mundial en la f\u00e1brica de Partagas en La Habana, Cuba; que aconseja la selecci\u00f3n del mejor cigarro para su gusto y para acompa\u00f1ar su bebida y plato.<\/p>\n<p>Como cada a\u00f1o, cozumele\u00f1os y visitantes, se deleitaron con el sensual ballet de estas fiestas, los desfiles carnestolendos, el ballet oficial del Carnaval 2020, pasarela de embajadores que en esta ocasi\u00f3n fueron Alondra de la Rocha y Jorge Mart\u00edn. El Carnaval de Cozumel \u00a1se tiene que vivir!<\/p>\n<p><em><span class=\"Apple-converted-space\"><a href=\"mailto:victoriagprado@gmail.com\" target=\"_blank\" rel=\"noopener noreferrer\">victoriagprado@gmail.com<\/a><br \/>\nTwitter: <a href=\"https:\/\/twitter.com\/victoriagprado\" target=\"_blank\" rel=\"noopener noreferrer\">@victoriagprado<\/a><\/span><\/em><\/p>\n","protected":false},"excerpt":{"rendered":"<p>Una vez m\u00e1s, cada rinc\u00f3n de la isla se ilumin\u00f3 con la gran fiesta caribe\u00f1a de Carnaval en la que locales y extranjeros se contagiaron del folclor, alegr\u00eda y diversi\u00f3n que caracteriza esta tradici\u00f3n que se vive con orgullo desde hace m\u00e1s de 145 a\u00f1os.<\/p>\n","protected":false},"author":3,"featured_media":461995,"comment_status":"open","ping_status":"open","sticky":false,"template":"","format":"standard","meta":{"_monsterinsights_skip_tracking":false,"_monsterinsights_sitenote_active":false,"_monsterinsights_sitenote_note":"","_monsterinsights_sitenote_category":0,"footnotes":""},"categories":[11],"tags":[107,43674,43681,106],"class_list":["post-461934","post","type-post","status-publish","format-standard","has-post-thumbnail","hentry","category-turismo","tag-de-cinco-estrellas","tag-opinion","tag-turismo","tag-victoria-gonzalez-prado"],"_links":{"self":[{"href":"https:\/\/www.diarioimagen.net\/index.php?rest_route=\/wp\/v2\/posts\/461934","targetHints":{"allow":["GET"]}}],"collection":[{"href":"https:\/\/www.diarioimagen.net\/index.php?rest_route=\/wp\/v2\/posts"}],"about":[{"href":"https:\/\/www.diarioimagen.net\/index.php?rest_route=\/wp\/v2\/types\/post"}],"author":[{"embeddable":true,"href":"https:\/\/www.diarioimagen.net\/index.php?rest_route=\/wp\/v2\/users\/3"}],"replies":[{"embeddable":true,"href":"https:\/\/www.diarioimagen.net\/index.php?rest_route=%2Fwp%2Fv2%2Fcomments&post=461934"}],"version-history":[{"count":0,"href":"https:\/\/www.diarioimagen.net\/index.php?rest_route=\/wp\/v2\/posts\/461934\/revisions"}],"wp:featuredmedia":[{"embeddable":true,"href":"https:\/\/www.diarioimagen.net\/index.php?rest_route=\/wp\/v2\/media\/461995"}],"wp:attachment":[{"href":"https:\/\/www.diarioimagen.net\/index.php?rest_route=%2Fwp%2Fv2%2Fmedia&parent=461934"}],"wp:term":[{"taxonomy":"category","embeddable":true,"href":"https:\/\/www.diarioimagen.net\/index.php?rest_route=%2Fwp%2Fv2%2Fcategories&post=461934"},{"taxonomy":"post_tag","embeddable":true,"href":"https:\/\/www.diarioimagen.net\/index.php?rest_route=%2Fwp%2Fv2%2Ftags&post=461934"}],"curies":[{"name":"wp","href":"https:\/\/api.w.org\/{rel}","templated":true}]}}