{"id":461940,"date":"2020-03-02T00:04:31","date_gmt":"2020-03-02T06:04:31","guid":{"rendered":"https:\/\/www.diarioimagen.net\/?p=461940"},"modified":"2020-03-02T01:47:09","modified_gmt":"2020-03-02T07:47:09","slug":"suteym-naucalpan-una-palanca-de-desarollo-para-el-gobierno-duran","status":"publish","type":"post","link":"https:\/\/www.diarioimagen.net\/?p=461940","title":{"rendered":"SUTEyM-Naucalpan una palanca de desarollo para el gobierno: Dur\u00e1n"},"content":{"rendered":"<ul>\n<li><strong><em>Inauguran el foro \u201cEl Nuevo Modelo Laboral\u201d<\/em><\/strong><\/li>\n<\/ul>\n<p>&nbsp;<\/p>\n<div id=\"attachment_462002\" style=\"width: 470px\" class=\"wp-caption aligncenter\"><a href=\"https:\/\/www.diarioimagen.net\/?attachment_id=462002\" rel=\"attachment wp-att-462002\"><img loading=\"lazy\" decoding=\"async\" aria-describedby=\"caption-attachment-462002\" class=\"size-large wp-image-462002\" src=\"https:\/\/www.diarioimagen.net\/wp-content\/uploads\/2020\/03\/NAUCALPAN-460x259.jpg\" alt=\"\" width=\"460\" height=\"259\" srcset=\"https:\/\/www.diarioimagen.net\/wp-content\/uploads\/2020\/03\/NAUCALPAN-460x259.jpg 460w, https:\/\/www.diarioimagen.net\/wp-content\/uploads\/2020\/03\/NAUCALPAN-240x135.jpg 240w, https:\/\/www.diarioimagen.net\/wp-content\/uploads\/2020\/03\/NAUCALPAN-235x132.jpg 235w, https:\/\/www.diarioimagen.net\/wp-content\/uploads\/2020\/03\/NAUCALPAN-202x114.jpg 202w, https:\/\/www.diarioimagen.net\/wp-content\/uploads\/2020\/03\/NAUCALPAN-350x196.jpg 350w, https:\/\/www.diarioimagen.net\/wp-content\/uploads\/2020\/03\/NAUCALPAN-220x123.jpg 220w, https:\/\/www.diarioimagen.net\/wp-content\/uploads\/2020\/03\/NAUCALPAN-237x132.jpg 237w, https:\/\/www.diarioimagen.net\/wp-content\/uploads\/2020\/03\/NAUCALPAN.jpg 480w\" sizes=\"auto, (max-width: 460px) 100vw, 460px\" \/><\/a><p id=\"caption-attachment-462002\" class=\"wp-caption-text\">La titular de la STPS, Luisa Mar\u00eda Alcalde, el gobernador Alfredo del Mazo Maza, y la Presidenta Municipal Patricia Dur\u00e1n Reveles inauguraron el foro \u201cEl Nuevo Modelo Laboral\u201d.<\/p><\/div>\n<p>&nbsp;<\/p>\n<p><strong>Naucalpan, Estado de M\u00e9xico<\/strong>.- La titular de la Secretar\u00eda del Trabajo del gobierno federal, Luisa Mar\u00eda Alcalde, el gobernador del Estado de M\u00e9xico, Alfredo del Mazo Maza, y la Presidenta Municipal de esta localidad, Patricia Dur\u00e1n Reveles, inauguraron el foro \u201cEl Nuevo Modelo Laboral\u201d, con el que inicia la capacitaci\u00f3n sobre las reformas en materia de trabajo emprendidas en el a\u00f1o 2019.<\/p>\n<p>En el Teatro Bicentenario, Patricia Dur\u00e1n manifest\u00f3 su compromiso con los distintos niveles de gobierno para la implementaci\u00f3n del nuevo proyecto nacional, que sin duda equilibrar\u00e1 las relaciones laborales en los tres ordnes de Gobierno. Celebr\u00f3 la instauraci\u00f3n del sistema que se enmarca en los preceptos de justicia y paz del Presidente de M\u00e9xico, Andr\u00e9s Manuel L\u00f3pez Obrador.<\/p>\n<p>\u201cEs una propuesta coyuntural para un sexenio, pero no es un anhelo de un partido pol\u00edtico o de una temporada pol\u00edtica, es un proyecto de Naci\u00f3n para beneficio de todos los mexicanos\u201d, asegur\u00f3 .<\/p>\n<p>En ese sentido, la Secretar\u00eda del Trabajo y Previsi\u00f3n Social, Luisa Mar\u00eda Alcalde Luj\u00e1n, se congratul\u00f3 de que el Estado de M\u00e9xico sea una de las primeras 10 entidades federativas en integrarse al modelo federal durante esta primera etapa que iniciar\u00e1 en el mes de octubre.<\/p>\n<p>Por su parte, el Gobernador Alfredo del Mazo Maza manifest\u00f3 que existe una gran responsabilidad, luego de que el Estado de M\u00e9xico haya asumido el compromiso de ser uno de los primeros en modernizar su sistema laboral, adem\u00e1s de que se refiri\u00f3 a Naucalpan como punta de lanza en materia de trabajo en la entidad.<\/p>\n<p>Durante su intervenci\u00f3n y ante decenas de asistentes, la presidenta municipal Patricia Dur\u00e1n hizo un amplio reconocimiento al Sindicato \u00danco de Trabajadores del Estado y sus Municipios (SUTEyM) luego de asegurar que \u201cme da mucho orgullo poderles compartir que contamos con una base sindical importante no s\u00f3lo en n\u00famero, la mitad de los colaboradores y empleados del Gobierno Municipal son del SUTEyM. Son una fortaleza para mi gobierno y no un impedimento para reportarle a la sociedad los mejores resultados. Aqu\u00ed hemos hecho del sindicato una palanca de desarrollo, no un instrumento de control. Somos un s\u00f3lo equipo\u201d.<\/p>\n<p>Dur\u00e1n Reveles, destac\u00f3 que \u201cnuestros servidores p\u00fablicos del Sindicato \u00danico de Trabajadores del Estado y sus Municipios (SUTEyM), son un gran apoyo para mi gobierno y agradezco siempre su acompa\u00f1amiento permanente. Felicito a quienes hacen posible este ambiciosos trabajo al que todas y todos nos tenemos que sumar en beneficio de nuestro M\u00e9xico. En Naucalpan estamos construyendo confianza con trabajo y resultados en distintos \u00e1mbitos que comprende la Seguridad Humana\u201d, dijo.<\/p>\n<p>En entrevista aparte, el dirigente sindical, Tom\u00e1s Palomares Parra, agradeci\u00f3 el reconocimiento al sindicato que \u00e9l encabeza y se comprometi\u00f3 a seguir trabajando de la mano del Gobierno siempre en beneficio de la ciudadan\u00eda naucalpense.<\/p>\n<p>\u201cLa unidad que se percibe en el SUTEyM nos permite enarbolar las causas m\u00e1s justas que dirige nuestro dirigente estatal Herminio Cahue Calder\u00f3n. Nosotros somos quienes servimos a la sociedad y quienes damos la cara de los Gobiernos ante la sociedad.<\/p>\n<p>Este reconocimiento que hace la presidenta municipal es para todos y cada uno de los compa\u00f1eros agremiados, que trabajan sin cansancio para darle a los ciudadanos lo que merecen, que son servicios p\u00fablicos de calidad y calidez\u201d, dijio.<\/p>\n<p>En el evento tambi\u00e9n estuvieron presentes el presidente del Tribunal Superior de Justicia del Estado de M\u00e9xico y del Consejo de la Judicatura, Ricardo Sodi Cuellar; el diputado local de la XV Legislatura local , Antonio Guadarrama S\u00e1nchez; la Secretaria de Trabajo del Estado de M\u00e9xico, Martha Hilda Gonz\u00e1lez Calder\u00f3n; el presidente del Congreso del Trabajo Delegaci\u00f3n Estado de M\u00e9xico, Jos\u00e9 Luis Cachola Arroyo; el presidente del Congreso Labor.<\/p>\n","protected":false},"excerpt":{"rendered":"<p>La titular de la Secretar\u00eda del Trabajo del gobierno federal, Luisa Mar\u00eda Alcalde, el Gobernador del Estado de M\u00e9xico, Alfredo del Mazo Maza, y la Presidenta Municipal de esta localidad, Patricia Dur\u00e1n Reveles, inauguraron el foro \u201cEl Nuevo Modelo Laboral\u201d, con el que inicia la capacitaci\u00f3n sobre las reformas en materia de trabajo emprendidas en el a\u00f1o 2019.<\/p>\n","protected":false},"author":3,"featured_media":462002,"comment_status":"open","ping_status":"open","sticky":false,"template":"","format":"standard","meta":{"_monsterinsights_skip_tracking":false,"_monsterinsights_sitenote_active":false,"_monsterinsights_sitenote_note":"","_monsterinsights_sitenote_category":0,"footnotes":""},"categories":[5],"tags":[31416,43675,970,2572],"class_list":["post-461940","post","type-post","status-publish","format-standard","has-post-thumbnail","hentry","category-estado-de-mexico","tag-desarrollo","tag-estado-de-mexico","tag-naucalpan","tag-suteym"],"_links":{"self":[{"href":"https:\/\/www.diarioimagen.net\/index.php?rest_route=\/wp\/v2\/posts\/461940","targetHints":{"allow":["GET"]}}],"collection":[{"href":"https:\/\/www.diarioimagen.net\/index.php?rest_route=\/wp\/v2\/posts"}],"about":[{"href":"https:\/\/www.diarioimagen.net\/index.php?rest_route=\/wp\/v2\/types\/post"}],"author":[{"embeddable":true,"href":"https:\/\/www.diarioimagen.net\/index.php?rest_route=\/wp\/v2\/users\/3"}],"replies":[{"embeddable":true,"href":"https:\/\/www.diarioimagen.net\/index.php?rest_route=%2Fwp%2Fv2%2Fcomments&post=461940"}],"version-history":[{"count":0,"href":"https:\/\/www.diarioimagen.net\/index.php?rest_route=\/wp\/v2\/posts\/461940\/revisions"}],"wp:featuredmedia":[{"embeddable":true,"href":"https:\/\/www.diarioimagen.net\/index.php?rest_route=\/wp\/v2\/media\/462002"}],"wp:attachment":[{"href":"https:\/\/www.diarioimagen.net\/index.php?rest_route=%2Fwp%2Fv2%2Fmedia&parent=461940"}],"wp:term":[{"taxonomy":"category","embeddable":true,"href":"https:\/\/www.diarioimagen.net\/index.php?rest_route=%2Fwp%2Fv2%2Fcategories&post=461940"},{"taxonomy":"post_tag","embeddable":true,"href":"https:\/\/www.diarioimagen.net\/index.php?rest_route=%2Fwp%2Fv2%2Ftags&post=461940"}],"curies":[{"name":"wp","href":"https:\/\/api.w.org\/{rel}","templated":true}]}}