{"id":461944,"date":"2020-03-02T00:02:26","date_gmt":"2020-03-02T06:02:26","guid":{"rendered":"https:\/\/www.diarioimagen.net\/?p=461944"},"modified":"2020-03-02T01:53:20","modified_gmt":"2020-03-02T07:53:20","slug":"inicio-en-cuautitlan-campana-de-supervision-de-productos-de-temporada-de-cuaresma","status":"publish","type":"post","link":"https:\/\/www.diarioimagen.net\/?p=461944","title":{"rendered":"Inici\u00f3 en Cuautitl\u00e1n campa\u00f1a de supervisi\u00f3n de productos de temporada de cuaresma"},"content":{"rendered":"<p><a href=\"https:\/\/www.diarioimagen.net\/?attachment_id=462019\" rel=\"attachment wp-att-462019\"><img loading=\"lazy\" decoding=\"async\" class=\"aligncenter size-large wp-image-462019\" src=\"https:\/\/www.diarioimagen.net\/wp-content\/uploads\/2020\/03\/CUAUTITL\u00c1N-460x259.jpg\" alt=\"\" width=\"460\" height=\"259\" srcset=\"https:\/\/www.diarioimagen.net\/wp-content\/uploads\/2020\/03\/CUAUTITL\u00c1N-460x259.jpg 460w, https:\/\/www.diarioimagen.net\/wp-content\/uploads\/2020\/03\/CUAUTITL\u00c1N-240x135.jpg 240w, https:\/\/www.diarioimagen.net\/wp-content\/uploads\/2020\/03\/CUAUTITL\u00c1N-235x132.jpg 235w, https:\/\/www.diarioimagen.net\/wp-content\/uploads\/2020\/03\/CUAUTITL\u00c1N-202x114.jpg 202w, https:\/\/www.diarioimagen.net\/wp-content\/uploads\/2020\/03\/CUAUTITL\u00c1N-350x196.jpg 350w, https:\/\/www.diarioimagen.net\/wp-content\/uploads\/2020\/03\/CUAUTITL\u00c1N-220x123.jpg 220w, https:\/\/www.diarioimagen.net\/wp-content\/uploads\/2020\/03\/CUAUTITL\u00c1N-237x132.jpg 237w, https:\/\/www.diarioimagen.net\/wp-content\/uploads\/2020\/03\/CUAUTITL\u00c1N.jpg 480w\" sizes=\"auto, (max-width: 460px) 100vw, 460px\" \/><\/a><\/p>\n<p>&nbsp;<\/p>\n<p><strong>Cuautitl\u00e1n, Estado de M\u00e9xico.- <\/strong>En esta temporada de cuaresma se dio arranque a la Campa\u00f1a de Fomento Sanitario al Consumo de Productos Pesqueros de Temporada de Cuaresma 2020, que se llevar\u00e1 a cabo de forma coordinada con la supervisi\u00f3n de comercios que expenden diversos productos alimenticios, como parte de las acciones que en materia de salud se llevan a trav\u00e9s de las diversas instancias gubernamentales.<\/p>\n<p>La Direcci\u00f3n de Desarrollo Econ\u00f3mico, la oficina de la Jurisdicci\u00f3n de Regulaci\u00f3n Sanitaria No. 6, locatarios del Mercado Municipal y el Instituto de Salud municipal est\u00e1n coordinando estos esfuerzos en beneficio de la poblaci\u00f3n que de manera tradicional consume diversos productos de origen marino.<\/p>\n","protected":false},"excerpt":{"rendered":"<p>En esta temporada de cuaresma se dio arranque a la Campa\u00f1a de Fomento Sanitario al Consumo de Productos Pesqueros de Temporada de Cuaresma 2020, que se llevar\u00e1 a cabo de forma coordinada con la supervisi\u00f3n de comercios que expenden diversos productos alimenticios, como parte de las acciones que en materia de salud se llevan a trav\u00e9s de las diversas instancias gubernamentales.<\/p>\n","protected":false},"author":3,"featured_media":462019,"comment_status":"open","ping_status":"open","sticky":false,"template":"","format":"standard","meta":{"_monsterinsights_skip_tracking":false,"_monsterinsights_sitenote_active":false,"_monsterinsights_sitenote_note":"","_monsterinsights_sitenote_category":0,"footnotes":""},"categories":[5],"tags":[90387,681,43675,20824],"class_list":["post-461944","post","type-post","status-publish","format-standard","has-post-thumbnail","hentry","category-estado-de-mexico","tag-cuarema","tag-cuautitlan","tag-estado-de-mexico","tag-productores"],"_links":{"self":[{"href":"https:\/\/www.diarioimagen.net\/index.php?rest_route=\/wp\/v2\/posts\/461944","targetHints":{"allow":["GET"]}}],"collection":[{"href":"https:\/\/www.diarioimagen.net\/index.php?rest_route=\/wp\/v2\/posts"}],"about":[{"href":"https:\/\/www.diarioimagen.net\/index.php?rest_route=\/wp\/v2\/types\/post"}],"author":[{"embeddable":true,"href":"https:\/\/www.diarioimagen.net\/index.php?rest_route=\/wp\/v2\/users\/3"}],"replies":[{"embeddable":true,"href":"https:\/\/www.diarioimagen.net\/index.php?rest_route=%2Fwp%2Fv2%2Fcomments&post=461944"}],"version-history":[{"count":0,"href":"https:\/\/www.diarioimagen.net\/index.php?rest_route=\/wp\/v2\/posts\/461944\/revisions"}],"wp:featuredmedia":[{"embeddable":true,"href":"https:\/\/www.diarioimagen.net\/index.php?rest_route=\/wp\/v2\/media\/462019"}],"wp:attachment":[{"href":"https:\/\/www.diarioimagen.net\/index.php?rest_route=%2Fwp%2Fv2%2Fmedia&parent=461944"}],"wp:term":[{"taxonomy":"category","embeddable":true,"href":"https:\/\/www.diarioimagen.net\/index.php?rest_route=%2Fwp%2Fv2%2Fcategories&post=461944"},{"taxonomy":"post_tag","embeddable":true,"href":"https:\/\/www.diarioimagen.net\/index.php?rest_route=%2Fwp%2Fv2%2Ftags&post=461944"}],"curies":[{"name":"wp","href":"https:\/\/api.w.org\/{rel}","templated":true}]}}