{"id":461946,"date":"2020-03-02T00:01:27","date_gmt":"2020-03-02T06:01:27","guid":{"rendered":"https:\/\/www.diarioimagen.net\/?p=461946"},"modified":"2020-03-02T01:51:04","modified_gmt":"2020-03-02T07:51:04","slug":"huixquilucan-llama-a-reforzar-medidas-de-prevencion-por-el-nuevo-coronavirus","status":"publish","type":"post","link":"https:\/\/www.diarioimagen.net\/?p=461946","title":{"rendered":"Huixquilucan llama a reforzar medidas de prevenci\u00f3n por el nuevo coronavirus"},"content":{"rendered":"<ul>\n<li><strong><em>Para disminuir el riesgo de contagio<\/em><\/strong><\/li>\n<\/ul>\n<p>&nbsp;<\/p>\n<p><a href=\"https:\/\/www.diarioimagen.net\/?attachment_id=462014\" rel=\"attachment wp-att-462014\"><img loading=\"lazy\" decoding=\"async\" class=\"aligncenter size-large wp-image-462014\" src=\"https:\/\/www.diarioimagen.net\/wp-content\/uploads\/2020\/03\/HUIXQUILUCAN-460x259.jpg\" alt=\"\" width=\"460\" height=\"259\" srcset=\"https:\/\/www.diarioimagen.net\/wp-content\/uploads\/2020\/03\/HUIXQUILUCAN-460x259.jpg 460w, https:\/\/www.diarioimagen.net\/wp-content\/uploads\/2020\/03\/HUIXQUILUCAN-240x135.jpg 240w, https:\/\/www.diarioimagen.net\/wp-content\/uploads\/2020\/03\/HUIXQUILUCAN-235x132.jpg 235w, https:\/\/www.diarioimagen.net\/wp-content\/uploads\/2020\/03\/HUIXQUILUCAN-202x114.jpg 202w, https:\/\/www.diarioimagen.net\/wp-content\/uploads\/2020\/03\/HUIXQUILUCAN-350x196.jpg 350w, https:\/\/www.diarioimagen.net\/wp-content\/uploads\/2020\/03\/HUIXQUILUCAN-220x123.jpg 220w, https:\/\/www.diarioimagen.net\/wp-content\/uploads\/2020\/03\/HUIXQUILUCAN-237x132.jpg 237w, https:\/\/www.diarioimagen.net\/wp-content\/uploads\/2020\/03\/HUIXQUILUCAN.jpg 480w\" sizes=\"auto, (max-width: 460px) 100vw, 460px\" \/><\/a><\/p>\n<p>&nbsp;<\/p>\n<p><strong>Huixquilucan, Estado de M\u00e9xico<\/strong>.- El gobierno municipal de Huixquilucan, hizo un llamado a la poblaci\u00f3n para reforzar las medidas de prevenci\u00f3n ante el coronavirus Covid-19 y con ello disminuir el riesgo de contagio.<\/p>\n<p>Las medidas recomendadas y adoptadas en distintas partes del mundo son: Lavarse las manos a fondo y con frecuencia usando un desinfectante a base de alcohol o con agua y jab\u00f3n; mantener distancia de por lo menos un metro con personas que tosan o estornuden; evitar tocarse ojos, nariz y boca.<\/p>\n<p>Al toser o estornudar, cubrir la nariz y boca con el \u00e1ngulo interno del brazo; permanecer en casa ante alguna infecci\u00f3n respiratoria y seguir las indicaciones del m\u00e9dico, en caso de presentar fiebre, tos y dificultad para respirar buscar atenci\u00f3n m\u00e9dica.<\/p>\n<p>Ante los s\u00edntomas de fiebre, cansancio, tos seca, dolor de garganta, congesti\u00f3n nasal, rinorrea o diarrea, los pacientes podr\u00e1n acudir a los Hospitales San P\u00edo, para la poblaci\u00f3n en general y a Mater Dei, en caso de las mujeres embarazadas.<\/p>\n<p>De igual forma, se pide a los huixquiluquenses a mantenerse informados sobre las \u00faltimas noticias relacionadas con el COVID-19, as\u00ed como seguir los consejos de su m\u00e9dico, autoridades sanitarias pertinentes a nivel nacional y local o del empleador sobre la forma de protegerse a s\u00ed mismo y a los dem\u00e1s.<\/p>\n","protected":false},"excerpt":{"rendered":"<p>El gobierno municipal de Huixquilucan, hizo un llamado a la poblaci\u00f3n para reforzar las medidas de prevenci\u00f3n ante el coronavirus Covid-19 y con ello disminuir el riesgo de contagio.<\/p>\n","protected":false},"author":3,"featured_media":462014,"comment_status":"open","ping_status":"open","sticky":false,"template":"","format":"standard","meta":{"_monsterinsights_skip_tracking":false,"_monsterinsights_sitenote_active":false,"_monsterinsights_sitenote_note":"","_monsterinsights_sitenote_category":0,"footnotes":""},"categories":[5],"tags":[89658,90021,43675,1097],"class_list":["post-461946","post","type-post","status-publish","format-standard","has-post-thumbnail","hentry","category-estado-de-mexico","tag-coronavirus","tag-covid-19","tag-estado-de-mexico","tag-huixquilucan"],"_links":{"self":[{"href":"https:\/\/www.diarioimagen.net\/index.php?rest_route=\/wp\/v2\/posts\/461946","targetHints":{"allow":["GET"]}}],"collection":[{"href":"https:\/\/www.diarioimagen.net\/index.php?rest_route=\/wp\/v2\/posts"}],"about":[{"href":"https:\/\/www.diarioimagen.net\/index.php?rest_route=\/wp\/v2\/types\/post"}],"author":[{"embeddable":true,"href":"https:\/\/www.diarioimagen.net\/index.php?rest_route=\/wp\/v2\/users\/3"}],"replies":[{"embeddable":true,"href":"https:\/\/www.diarioimagen.net\/index.php?rest_route=%2Fwp%2Fv2%2Fcomments&post=461946"}],"version-history":[{"count":0,"href":"https:\/\/www.diarioimagen.net\/index.php?rest_route=\/wp\/v2\/posts\/461946\/revisions"}],"wp:featuredmedia":[{"embeddable":true,"href":"https:\/\/www.diarioimagen.net\/index.php?rest_route=\/wp\/v2\/media\/462014"}],"wp:attachment":[{"href":"https:\/\/www.diarioimagen.net\/index.php?rest_route=%2Fwp%2Fv2%2Fmedia&parent=461946"}],"wp:term":[{"taxonomy":"category","embeddable":true,"href":"https:\/\/www.diarioimagen.net\/index.php?rest_route=%2Fwp%2Fv2%2Fcategories&post=461946"},{"taxonomy":"post_tag","embeddable":true,"href":"https:\/\/www.diarioimagen.net\/index.php?rest_route=%2Fwp%2Fv2%2Ftags&post=461946"}],"curies":[{"name":"wp","href":"https:\/\/api.w.org\/{rel}","templated":true}]}}