{"id":462046,"date":"2020-03-03T00:05:23","date_gmt":"2020-03-03T06:05:23","guid":{"rendered":"https:\/\/www.diarioimagen.net\/?p=462046"},"modified":"2020-03-09T00:42:00","modified_gmt":"2020-03-09T06:42:00","slug":"reconoce-lopez-obrador-desgaste-en-su-gobierno-y-caida-en-popularidad","status":"publish","type":"post","link":"https:\/\/www.diarioimagen.net\/?p=462046","title":{"rendered":"Reconoce AMLO desgaste en su gobierno; cae en popularidad"},"content":{"rendered":"<ul>\n<li><strong><em>Culpa al embate de \u201cconservadores corruptos\u201d<\/em><\/strong><\/li>\n<li><strong><em>Afirma que cuando ya no tenga el respaldo se ir\u00e1 a su finca, en Palenque<\/em><\/strong><\/li>\n<\/ul>\n<p>&nbsp;<\/p>\n<div id=\"attachment_462048\" style=\"width: 470px\" class=\"wp-caption aligncenter\"><img loading=\"lazy\" decoding=\"async\" aria-describedby=\"caption-attachment-462048\" class=\"size-large wp-image-462048\" src=\"https:\/\/www.diarioimagen.net\/wp-content\/uploads\/2020\/03\/DESGASTE3-portal-460x268.png\" alt=\"\" width=\"460\" height=\"268\" srcset=\"https:\/\/www.diarioimagen.net\/wp-content\/uploads\/2020\/03\/DESGASTE3-portal-460x268.png 460w, https:\/\/www.diarioimagen.net\/wp-content\/uploads\/2020\/03\/DESGASTE3-portal-240x140.png 240w, https:\/\/www.diarioimagen.net\/wp-content\/uploads\/2020\/03\/DESGASTE3-portal.png 480w\" sizes=\"auto, (max-width: 460px) 100vw, 460px\" \/><p id=\"caption-attachment-462048\" class=\"wp-caption-text\">La popularidad de Andr\u00e9s Manuel L\u00f3pez Obradir baj\u00f3 del 78 por ciento al 59 por ciento en un a\u00f1o, seg\u00fan encuesta del Reforma.<\/p><\/div>\n<p>&nbsp;<\/p>\n<p>El presidente Andr\u00e9s Manuel L\u00f3pez Obrador reconoci\u00f3 que enfrentar a los conservadores corruptos le han generado un desgaste que se puede traducir en una baja de popularidad, pero afirm\u00f3 que la mayor\u00eda del pueblo respalda su gobierno.<\/p>\n<p>El mandatario federal advirti\u00f3 que este grupo de reacci\u00f3n no est\u00e1 contento ante el combate frontal que su administraci\u00f3n est\u00e1 haciendo para terminar con la corrupci\u00f3n.<\/p>\n<p>Se\u00f1al\u00f3 que su gobierno est\u00e1 aguantando los embates de la corrupci\u00f3n sin pagar publicidad para informar sobre los avances que se est\u00e1n teniendo en el combate a la corrupci\u00f3n y la eliminaci\u00f3n de los lujos en el gobierno.<\/p>\n<p>\u201cAcerca de mi popularidad estoy bien, tenemos mayor\u00eda, la gente nos est\u00e1 apoyando y tambi\u00e9n sufrimos desgastes porque imag\u00ednense enfrentar a los conservadores corruptos que no quieren dejar de robar est\u00e1n molest\u00edsimos\u201d, asever\u00f3 L\u00f3pez Obrador en conferencia de prensa.<\/p>\n<p>Este lunes, el peri\u00f3dico Reforma public\u00f3 una encuesta donde registra que la popularidad del presidente de la Rep\u00fablica bajo del 78 por ciento al 59 por ciento en un a\u00f1o.<\/p>\n<p>\u201cNo los calienta ni el sol y est\u00e1n desquiciados, no les gusta que se haya terminado con la condonaci\u00f3n de impuestos, no les gusta que se considere delito grave la facturaci\u00f3n falsa, que se haya aprobado lo de la extinci\u00f3n de dominio porque robaban y pueden entrar a la c\u00e1rcel, pero luego sal\u00edan y les devolv\u00edan todos sus bienes, no les gusta el instituto para devolverle el pueblo lo robado, no les gusta que la corrupci\u00f3n sea delito grave, entonces si hay una reacci\u00f3n, pero nada que sea significativo preocupante\u201d, apunt\u00f3. El jefe del Ejecutivo asever\u00f3 que parte de los cambios que propuso y que ya son aplicables es la revocaci\u00f3n del mandato a la que se someter\u00e1 en 2022.<\/p>\n<p>\u201cQue le digo a los conservadores, \u00e9chenle ganas, ap\u00farense\u201d, dijo L\u00f3pez Obrador en conferencia de prensa.<\/p>\n<p>Por lo que, afirm\u00f3, no descansar\u00e1 para informar al pueblo de M\u00e9xico en informar sobre los avances en materia social que est\u00e1 impulsando.<\/p>\n<p>El Presidente de la Rep\u00fablica confes\u00f3 que el d\u00eda en que no tenga el respaldo de los ciudadanos \u00e9l mismo se retirar\u00e1 de su cargo y se ir\u00e1 a su finca en Palenque, ya \u201cque no se puede gobernar sin la confianza de la gente\u201d.<\/p>\n","protected":false},"excerpt":{"rendered":"<p>El presidente Andr\u00e9s Manuel L\u00f3pez Obrador reconoci\u00f3 que enfrentar a los conservadores corruptos le han generado un desgaste que se puede traducir en una baja de popularidad, pero afirm\u00f3 que la mayor\u00eda del pueblo respalda su gobierno.<\/p>\n","protected":false},"author":5,"featured_media":462048,"comment_status":"open","ping_status":"open","sticky":false,"template":"","format":"standard","meta":{"_monsterinsights_skip_tracking":false,"_monsterinsights_sitenote_active":false,"_monsterinsights_sitenote_note":"","_monsterinsights_sitenote_category":0,"footnotes":""},"categories":[3],"tags":[2545,90388,90390,90389,7196,90402,81020,43673,83491],"class_list":["post-462046","post","type-post","status-publish","format-standard","has-post-thumbnail","hentry","category-nacional","tag-amlo","tag-caida-en-popularidad","tag-conservadores-corruptos","tag-desgaste","tag-gobierno","tag-k-desgaste","tag-lopez-obrador","tag-nacional","tag-popularidad"],"_links":{"self":[{"href":"https:\/\/www.diarioimagen.net\/index.php?rest_route=\/wp\/v2\/posts\/462046","targetHints":{"allow":["GET"]}}],"collection":[{"href":"https:\/\/www.diarioimagen.net\/index.php?rest_route=\/wp\/v2\/posts"}],"about":[{"href":"https:\/\/www.diarioimagen.net\/index.php?rest_route=\/wp\/v2\/types\/post"}],"author":[{"embeddable":true,"href":"https:\/\/www.diarioimagen.net\/index.php?rest_route=\/wp\/v2\/users\/5"}],"replies":[{"embeddable":true,"href":"https:\/\/www.diarioimagen.net\/index.php?rest_route=%2Fwp%2Fv2%2Fcomments&post=462046"}],"version-history":[{"count":0,"href":"https:\/\/www.diarioimagen.net\/index.php?rest_route=\/wp\/v2\/posts\/462046\/revisions"}],"wp:featuredmedia":[{"embeddable":true,"href":"https:\/\/www.diarioimagen.net\/index.php?rest_route=\/wp\/v2\/media\/462048"}],"wp:attachment":[{"href":"https:\/\/www.diarioimagen.net\/index.php?rest_route=%2Fwp%2Fv2%2Fmedia&parent=462046"}],"wp:term":[{"taxonomy":"category","embeddable":true,"href":"https:\/\/www.diarioimagen.net\/index.php?rest_route=%2Fwp%2Fv2%2Fcategories&post=462046"},{"taxonomy":"post_tag","embeddable":true,"href":"https:\/\/www.diarioimagen.net\/index.php?rest_route=%2Fwp%2Fv2%2Ftags&post=462046"}],"curies":[{"name":"wp","href":"https:\/\/api.w.org\/{rel}","templated":true}]}}