{"id":462050,"date":"2020-03-03T00:13:08","date_gmt":"2020-03-03T06:13:08","guid":{"rendered":"https:\/\/www.diarioimagen.net\/?p=462050"},"modified":"2020-03-03T22:01:29","modified_gmt":"2020-03-04T04:01:29","slug":"coronavirus-no-representa-una-emergencia-en-mexico-lopez-gatell","status":"publish","type":"post","link":"https:\/\/www.diarioimagen.net\/?p=462050","title":{"rendered":"Son 5, los casos confirmados de coronavirus, hasta ayer: Ssa"},"content":{"rendered":"<p>&nbsp;<\/p>\n<h4 style=\"text-align: center;\">Hay 21 sospechosos<\/h4>\n<p>&nbsp;<\/p>\n<ul>\n<li><strong><em>Dan de alta a la primera persona que dio como positivo la semana pasada<\/em><\/strong><\/li>\n<\/ul>\n<h6>Jos\u00e9 Luis Monta\u00f1ez<\/h6>\n<p>&nbsp;<\/p>\n<div id=\"attachment_462051\" style=\"width: 470px\" class=\"wp-caption aligncenter\"><img loading=\"lazy\" decoding=\"async\" aria-describedby=\"caption-attachment-462051\" class=\"size-large wp-image-462051\" src=\"https:\/\/www.diarioimagen.net\/wp-content\/uploads\/2020\/03\/CORONAVIRUS3-portal-460x268.png\" alt=\"\" width=\"460\" height=\"268\" srcset=\"https:\/\/www.diarioimagen.net\/wp-content\/uploads\/2020\/03\/CORONAVIRUS3-portal-460x268.png 460w, https:\/\/www.diarioimagen.net\/wp-content\/uploads\/2020\/03\/CORONAVIRUS3-portal-240x140.png 240w, https:\/\/www.diarioimagen.net\/wp-content\/uploads\/2020\/03\/CORONAVIRUS3-portal.png 480w\" sizes=\"auto, (max-width: 460px) 100vw, 460px\" \/><p id=\"caption-attachment-462051\" class=\"wp-caption-text\">El coronavirus no representa una emergencia econ\u00f3mica o social en M\u00e9xico, hasta el momento, afirman autoridades de Salud.<\/p><\/div>\n<p>&nbsp;<\/p>\n<p>Autoridades de la Secretar\u00eda de Salud federal (Ssa) informaron la noche del lunes que son 5 los casos confirmados de coronavirus y 21 sospechosos, hasta ayer.<\/p>\n<p>En conferencia de prensa, aclararon que el n\u00famero de contagios de la nueva cepa se mantiene en cinco, de los cuales 3 son hombres y dos son mujeres.<\/p>\n<p>Sobre el caso de un residente del Estado de M\u00e9xico, con resultado positivo a Sars-Cov-2, contin\u00faa consider\u00e1ndose como portador, al mantenerse sin presencia de signos y s\u00edntomas de la enfermedad\u201d, apuntaron.<\/p>\n<p>Informaron que el primer caso positivo por coronavirus, detectado la semana pasada en M\u00e9xico, ha sido dado de alta.<\/p>\n<p>Se trata del hombre de 35 a\u00f1os de edad que contrajo el Covid-19 tras un viaje a Italia y fue internado en el INER a su llegada a M\u00e9xico.<\/p>\n<p>En conferencia de prensa vespertina, el doctor Gustavo Reyes explic\u00f3 que se le hizo un estudio en la garganta del que sali\u00f3 pr\u00e1cticamente negativo, aunque el hombre sigue aislado en su domicilio.<\/p>\n<p style=\"text-align: center;\"><strong>Coronavirus no representa a\u00fan una emergencia en M\u00e9xico: L\u00f3pez-Gatell<\/strong><\/p>\n<p>Hasta el momento, el Covid-19 no representa una emergencia econ\u00f3mica o social en M\u00e9xico, afirm\u00f3 Hugo L\u00f3pez-Gatell, subsecretario de Prevenci\u00f3n y Promoci\u00f3n de la Salud.<\/p>\n<p>El funcionario federal dijo que de acuerdo con un an\u00e1lisis cient\u00edfico, la propagaci\u00f3n del coronavirus no cumple con los criterios, ya que no hay casos de infecciones graves, de mortalidad alta o que afecte a sectores funcionales para M\u00e9xico.<\/p>\n<p>\u201cDeterminamos que no hay evidencia que sugiera que esto es una emergencia nacional, no deja de ser una epidemia, como lo es, como hay otras epidemias, pero no representa una amenaza en t\u00e9rminos sanitarios ni t\u00e9rminos sociales o econ\u00f3micos\u201d, sostuvo L\u00f3pez-Gatell en conferencia de prensa.<\/p>\n<p>El subsecretario tambi\u00e9n puntualiz\u00f3 que el coronavirus no naci\u00f3 en un laboratorio para ser usada como un arma biol\u00f3gica, como se ha referido en diversos sitios en internet.<\/p>\n<p>Detall\u00f3 que la mayor\u00eda de las ocasiones, cuando surge una epidemia, los prejuicios sobre poblaciones migrantes suele acentuarse motivadas por el miedo y la ignorancia.<\/p>\n<p>Enfatiz\u00f3 que el origen etnico o gen\u00e9tico de las personas no tiene nada que ver con la propagaci\u00f3n de la nueva enfermedad.<\/p>\n<p>Se\u00f1al\u00f3 que las autoridades sanitarias mundiales a\u00fan siguen en la b\u00fasqueda de cu\u00e1l es el origen natural de la enfermedad, pero descart\u00f3 que se deba a una manipulaci\u00f3n del hombre.<\/p>\n<p style=\"text-align: center;\"><strong>Mantienen vigilancia por casos importados de Covid-19<\/strong><\/p>\n<p>El subsecretario de Prevenci\u00f3n y Promoci\u00f3n de la Salud explic\u00f3 qu\u00e9 hay un paciente asintom\u00e1tico y que la mayor\u00eda de los casos confirmados presentan s\u00edntomas leves. Explic\u00f3 que estas personas se encuentran en aislamiento voluntario y que su forma de contagio ocurri\u00f3 fuera del pa\u00eds.<\/p>\n<p>En ese sentido, descart\u00f3 que de momento se tengan reportes de que el coronavirus se est\u00e9 transmitiendo de forma directa en el territorio nacional.<\/p>\n<p>\u201cEs detectar los casos, que est\u00e9n en aislamiento voluntario asistido por la autoridad sanitaria y hacer los estudios de contacto para ver si hay infecciones derivadas de los casos\u201d, abund\u00f3 L\u00f3pez-Gatell en conferencia de prensa.<\/p>\n<p>Enfatiz\u00f3 que entre m\u00e1s oportuna sea la atenci\u00f3n mayor control sobre la propagaci\u00f3n se puede tener. \u201cSeguiremos en el escenario uno calculamos que por varias semanas en donde en tanto en el mundo entero haya casos podemos tener este tipo de importaciones. Hasta el momento todos estos casos son importados, pero no se ha detectado un fen\u00f3meno de contagio en el territorio nacional\u201d, abund\u00f3.<\/p>\n<p style=\"text-align: center;\"><strong>Cubrebocas no sirven para evitar contagio, afirma Salud<\/strong><\/p>\n<p>L\u00f3pez-Gatell, reiter\u00f3 que los cubrebocas no representan un mecanismo efectivo de protecci\u00f3n contra la propagaci\u00f3n del Covid-19.<\/p>\n<p>De igual forma, enfatiz\u00f3 que la compra desproporcionada de agentes de limpieza es innecesaria ya que la propagaci\u00f3n del virus no disminuye por tener una higiene extrema.<\/p>\n<p>\u201cSepan ustedes que no hay evidencia cient\u00edfica que muestre que realmente sirvan, lo que s\u00ed sirve es que quien est\u00e9 enfermo, quien tenga tos, fiebre, estornudos, ayuda a los dem\u00e1s, a la familia si se pone uno de esos cubrebocas porque cuando le venga el estornudo va a ser f\u00e1cil que ese estornudo se tape\u201d, se\u00f1al\u00f3.<\/p>\n<p>\u201cHay que tener higiene en general, es bueno, pero no por el coronavirus, hay que tener higiene, la higiene ayuda a disminuir la carga de virus, bacterias par\u00e1sitos, etc\u00e9tera, en las superficies de contacto de uso com\u00fan pero no hay que tener medidas extraordinarias en comprar toda una reserva de este tipo de desinfectantes en aerosol o toneladas de cloro, no existe tampoco una utilidad\u201d, asever\u00f3 L\u00f3pez-Gatell.<\/p>\n<p>Desde que se confirmaron los primeros casos de coronavirus en M\u00e9xico, en farmacias y tiendas de autoservicio se registra carencia de cubrebocas y compras de p\u00e1nico de art\u00edculos de limpieza.<\/p>\n<p>\u201cHemos dicho que hoy, el riesgo de transmisi\u00f3n del coronavirus, es considerado considerablemente bajo\u201d, manifest\u00f3.<\/p>\n","protected":false},"excerpt":{"rendered":"<p><span style=\"color: #005497;\"><strong>Jos\u00e9 Luis Monta\u00f1ez<\/strong><\/span><br \/>\n<br \/>\nAutoridades de la Secretar\u00eda de Salud federal (Ssa) informaron la noche del lunes que son 5 los casos confirmados de coronavirus y 21 sospechosos, hasta ayer.<\/p>\n","protected":false},"author":5,"featured_media":462051,"comment_status":"open","ping_status":"open","sticky":false,"template":"","format":"standard","meta":{"_monsterinsights_skip_tracking":false,"_monsterinsights_sitenote_active":false,"_monsterinsights_sitenote_note":"","_monsterinsights_sitenote_category":0,"footnotes":""},"categories":[877],"tags":[90410,89658,90021,90391,89755,2135,43673,29516,43692,383],"class_list":["post-462050","post","type-post","status-publish","format-standard","has-post-thumbnail","hentry","category-salud","tag-confirmado","tag-coronavirus","tag-covid-19","tag-emergencia-en-mexico","tag-lopez-gatell","tag-muertos","tag-nacional","tag-pandemia","tag-salud","tag-ssa"],"_links":{"self":[{"href":"https:\/\/www.diarioimagen.net\/index.php?rest_route=\/wp\/v2\/posts\/462050","targetHints":{"allow":["GET"]}}],"collection":[{"href":"https:\/\/www.diarioimagen.net\/index.php?rest_route=\/wp\/v2\/posts"}],"about":[{"href":"https:\/\/www.diarioimagen.net\/index.php?rest_route=\/wp\/v2\/types\/post"}],"author":[{"embeddable":true,"href":"https:\/\/www.diarioimagen.net\/index.php?rest_route=\/wp\/v2\/users\/5"}],"replies":[{"embeddable":true,"href":"https:\/\/www.diarioimagen.net\/index.php?rest_route=%2Fwp%2Fv2%2Fcomments&post=462050"}],"version-history":[{"count":0,"href":"https:\/\/www.diarioimagen.net\/index.php?rest_route=\/wp\/v2\/posts\/462050\/revisions"}],"wp:featuredmedia":[{"embeddable":true,"href":"https:\/\/www.diarioimagen.net\/index.php?rest_route=\/wp\/v2\/media\/462051"}],"wp:attachment":[{"href":"https:\/\/www.diarioimagen.net\/index.php?rest_route=%2Fwp%2Fv2%2Fmedia&parent=462050"}],"wp:term":[{"taxonomy":"category","embeddable":true,"href":"https:\/\/www.diarioimagen.net\/index.php?rest_route=%2Fwp%2Fv2%2Fcategories&post=462050"},{"taxonomy":"post_tag","embeddable":true,"href":"https:\/\/www.diarioimagen.net\/index.php?rest_route=%2Fwp%2Fv2%2Ftags&post=462050"}],"curies":[{"name":"wp","href":"https:\/\/api.w.org\/{rel}","templated":true}]}}