{"id":462053,"date":"2020-03-03T00:05:11","date_gmt":"2020-03-03T06:05:11","guid":{"rendered":"https:\/\/www.diarioimagen.net\/?p=462053"},"modified":"2020-03-02T21:28:56","modified_gmt":"2020-03-03T03:28:56","slug":"ingresan-a-lozoya-austin-a-penal-del-sur-de-madrid","status":"publish","type":"post","link":"https:\/\/www.diarioimagen.net\/?p=462053","title":{"rendered":"Ingresan a Lozoya Austin a penal del sur de Madrid"},"content":{"rendered":"<ul>\n<li><em><strong>Estar\u00e1 en la c\u00e1rcel de Navalcarnero<\/strong><\/em><\/li>\n<\/ul>\n<p>&nbsp;<\/p>\n<div id=\"attachment_462054\" style=\"width: 470px\" class=\"wp-caption aligncenter\"><img loading=\"lazy\" decoding=\"async\" aria-describedby=\"caption-attachment-462054\" class=\"size-large wp-image-462054\" src=\"https:\/\/www.diarioimagen.net\/wp-content\/uploads\/2020\/03\/LOZOYA3-portal-460x268.png\" alt=\"\" width=\"460\" height=\"268\" srcset=\"https:\/\/www.diarioimagen.net\/wp-content\/uploads\/2020\/03\/LOZOYA3-portal-460x268.png 460w, https:\/\/www.diarioimagen.net\/wp-content\/uploads\/2020\/03\/LOZOYA3-portal-240x140.png 240w, https:\/\/www.diarioimagen.net\/wp-content\/uploads\/2020\/03\/LOZOYA3-portal.png 480w\" sizes=\"auto, (max-width: 460px) 100vw, 460px\" \/><p id=\"caption-attachment-462054\" class=\"wp-caption-text\">El ex director de Pemex, Emilio Lozoya Austin, fue trasladado del penal de M\u00e1laga a la c\u00e1rcel de Madrid IV, en Navalcarnero.<\/p><\/div>\n<p>&nbsp;<\/p>\n<p>Autoridades penitenciarias espa\u00f1olas trasladaron este lunes al ex director de Petr\u00f3leos Mexicanos (Pemex), Emilio Lozoya Austin, del penal de M\u00e1laga a la c\u00e1rcel de Madrid IV, en Navalcarnero, donde se analizar\u00e1 el caso de extradici\u00f3n que se le sigue por petici\u00f3n del gobierno mexicano.<\/p>\n<p>De acuerdo con fuentes penitenciarias citadas por Europa Press, en las \u00faltimas horas se realiz\u00f3 el traslado de Lozoya por la cercan\u00eda de esa c\u00e1rcel con la Audiencia Nacional de Espa\u00f1a, \u00f3rgano competente para decidir sobre la detenci\u00f3n y extradici\u00f3n en su contra.<\/p>\n<p>Al ex funcionario, del gobierno de Enrique Pe\u00f1a Nieto, detenido desde el 12 de febrero de este a\u00f1o, se le investiga por el delito de operaciones con recursos de procedencia il\u00edcita, delincuencia organizada y cohecho.<\/p>\n<p>La c\u00e1rcel de Navalcarnero se encuentra al sur de Madrid y cuenta con m\u00e1s de 750 celdas, donde se encuentra desde este lunes el ex directivo de la petrolera estatal mexicana, a quien un juez le neg\u00f3 salir bajo fianza por el riesgo de fuga.<\/p>\n<p>El ex funcionario mexicano ya desahog\u00f3 su primera diligencia judicial, lo cual ocurri\u00f3 el jueves 13 de febrero, mediante el procedimiento de videoconferencia, donde el juez Ismael Moreno orden\u00f3 su ingreso provisional en prisi\u00f3n incondicional.<\/p>\n<p>Entre las investigaciones, una refiere que Lozoya presuntamente recibi\u00f3 10 millones de d\u00f3lares de Odebrecth, constructora que ha reconocido varios casos de corrupci\u00f3n en diversos pa\u00edses de Am\u00e9rica, entre otros.<\/p>\n","protected":false},"excerpt":{"rendered":"<p>Autoridades penitenciarias espa\u00f1olas trasladaron este lunes al ex director de Petr\u00f3leos Mexicanos (Pemex), Emilio Lozoya Austin, del penal de M\u00e1laga a la c\u00e1rcel de Madrid IV, en Navalcarnero, donde se analizar\u00e1 el caso de extradici\u00f3n que se le sigue por petici\u00f3n del gobierno mexicano.<\/p>\n","protected":false},"author":5,"featured_media":462054,"comment_status":"open","ping_status":"open","sticky":false,"template":"","format":"standard","meta":{"_monsterinsights_skip_tracking":false,"_monsterinsights_sitenote_active":false,"_monsterinsights_sitenote_note":"","_monsterinsights_sitenote_category":0,"footnotes":""},"categories":[7],"tags":[7071,85655,2659,43679,90392,43677],"class_list":["post-462053","post","type-post","status-publish","format-standard","has-post-thumbnail","hentry","category-seguridad","tag-emilio-lozoya-austin","tag-lozoya-austin","tag-madrid","tag-mundo","tag-navalcarnero","tag-seguridad"],"_links":{"self":[{"href":"https:\/\/www.diarioimagen.net\/index.php?rest_route=\/wp\/v2\/posts\/462053","targetHints":{"allow":["GET"]}}],"collection":[{"href":"https:\/\/www.diarioimagen.net\/index.php?rest_route=\/wp\/v2\/posts"}],"about":[{"href":"https:\/\/www.diarioimagen.net\/index.php?rest_route=\/wp\/v2\/types\/post"}],"author":[{"embeddable":true,"href":"https:\/\/www.diarioimagen.net\/index.php?rest_route=\/wp\/v2\/users\/5"}],"replies":[{"embeddable":true,"href":"https:\/\/www.diarioimagen.net\/index.php?rest_route=%2Fwp%2Fv2%2Fcomments&post=462053"}],"version-history":[{"count":0,"href":"https:\/\/www.diarioimagen.net\/index.php?rest_route=\/wp\/v2\/posts\/462053\/revisions"}],"wp:featuredmedia":[{"embeddable":true,"href":"https:\/\/www.diarioimagen.net\/index.php?rest_route=\/wp\/v2\/media\/462054"}],"wp:attachment":[{"href":"https:\/\/www.diarioimagen.net\/index.php?rest_route=%2Fwp%2Fv2%2Fmedia&parent=462053"}],"wp:term":[{"taxonomy":"category","embeddable":true,"href":"https:\/\/www.diarioimagen.net\/index.php?rest_route=%2Fwp%2Fv2%2Fcategories&post=462053"},{"taxonomy":"post_tag","embeddable":true,"href":"https:\/\/www.diarioimagen.net\/index.php?rest_route=%2Fwp%2Fv2%2Ftags&post=462053"}],"curies":[{"name":"wp","href":"https:\/\/api.w.org\/{rel}","templated":true}]}}