{"id":462088,"date":"2020-03-03T00:03:35","date_gmt":"2020-03-03T06:03:35","guid":{"rendered":"https:\/\/www.diarioimagen.net\/?p=462088"},"modified":"2020-03-03T04:18:30","modified_gmt":"2020-03-03T10:18:30","slug":"si-se-subira-lopez-obrador-al-avion-presidencial","status":"publish","type":"post","link":"https:\/\/www.diarioimagen.net\/?p=462088","title":{"rendered":"S\u00ed se subir\u00e1 L\u00f3pez Obrador al avi\u00f3n presidencial"},"content":{"rendered":"<p>&nbsp;<\/p>\n<p><a href=\"https:\/\/www.diarioimagen.net\/?attachment_id=462202\" rel=\"attachment wp-att-462202\"><img loading=\"lazy\" decoding=\"async\" class=\"aligncenter size-large wp-image-462202\" src=\"https:\/\/www.diarioimagen.net\/wp-content\/uploads\/2020\/03\/AVION3-460x259.jpg\" alt=\"\" width=\"460\" height=\"259\" srcset=\"https:\/\/www.diarioimagen.net\/wp-content\/uploads\/2020\/03\/AVION3-460x259.jpg 460w, https:\/\/www.diarioimagen.net\/wp-content\/uploads\/2020\/03\/AVION3-240x135.jpg 240w, https:\/\/www.diarioimagen.net\/wp-content\/uploads\/2020\/03\/AVION3-235x132.jpg 235w, https:\/\/www.diarioimagen.net\/wp-content\/uploads\/2020\/03\/AVION3-202x114.jpg 202w, https:\/\/www.diarioimagen.net\/wp-content\/uploads\/2020\/03\/AVION3-350x196.jpg 350w, https:\/\/www.diarioimagen.net\/wp-content\/uploads\/2020\/03\/AVION3-220x123.jpg 220w, https:\/\/www.diarioimagen.net\/wp-content\/uploads\/2020\/03\/AVION3-237x132.jpg 237w, https:\/\/www.diarioimagen.net\/wp-content\/uploads\/2020\/03\/AVION3.jpg 480w\" sizes=\"auto, (max-width: 460px) 100vw, 460px\" \/><\/a><\/p>\n<p>&nbsp;<\/p>\n<p>El presidente Andr\u00e9s Manuel L\u00f3pez Obrador asegur\u00f3 que s\u00ed se subir\u00e1 al avi\u00f3n presidencial, pero solo a un recorrido, incluso plante\u00f3 que ah\u00ed se pueda dar una conferencia matutina.<\/p>\n<p>Durante su intervenci\u00f3n de este lunes, el titular del Ejecutivo Federal afirm\u00f3 que se mantiene en la propuesta de vender el avi\u00f3n y realizar la rifa, que ser\u00e1 equivalente al valor de la aeronave, y cuya recaudaci\u00f3n -reiter\u00f3-, se destinar\u00e1 para la compra de equipos m\u00e9dicos y veh\u00edculos como ambulancias.<\/p>\n<p>\u201cPara abril o para mayo vamos a empezar a visitarlo (el avi\u00f3n) vamos a ir, a lo mejor hacemos una \u00b4ma\u00f1anera\u00b4 all\u00e1. S\u00ed me voy a subir, no en el aire, en tierra\u201d, afirm\u00f3 el presidente.<\/p>\n<p>Dijo que a finales de marzo llegar\u00e1 la aeronave que se encuentra en Estados Unidos, y se prev\u00e9 que se estacione en lo que fuera el Hangar Presidencial, ahora llamado Sexto Grupo A\u00e9reo de la Fuerza A\u00e9rea Mexicana.<\/p>\n<p>Adem\u00e1s afirm\u00f3 que la venta de boletos para la rifa se calcula inicie el pr\u00f3ximo 15 de marzo.<\/p>\n<p style=\"text-align: center;\"><strong>Descarta AMLO v\u00ednculos de Garc\u00eda Luna con funcionarios actuales<\/strong><\/p>\n<p>Despu\u00e9s de que medios de comunicaci\u00f3n internacionales dieran a conocer que existen funcionarios y empresarios que siguen operando en favor de Genaro Garc\u00eda Luna, detenido en Estados Unidos, el Presidente pidi\u00f3 esperar a que concluyan las indagatorias y descart\u00f3 v\u00ednculos del investigado con funcionarios actuales.<\/p>\n<p>Durante su conferencia de prensa el mandatario se refiri\u00f3 sobre el caso y dijo: \u201cen el caso nuestro no creo que haya funcionarios vinculados a Garc\u00eda Luna, me refiero a los negocios que se hicieron o que presuntamente se llevaron a cabo, esto por el juicio que est\u00e1 enfrentando en Estados Unidos\u201d.<\/p>\n<p>\u201c\u00c9l fue secretario de Seguridad P\u00fablica en el sexenio de Felipe Calder\u00f3n, en ese sentido se le est\u00e1n se\u00f1alando los v\u00ednculos con una de las bandas del crimen organizado, y posteriormente, mantuvo relaci\u00f3n con algunos funcionarios de la administraci\u00f3n pasada, incluso hubo pago de servicios a una de sus empresas en la administraci\u00f3n pasada\u201d, refiri\u00f3 L\u00f3pez Obrador.<\/p>\n<p>Indic\u00f3 que en Estados Unidos le rechazaron la solicitud de seguir su proceso en libertad, pero las autoridades estadounidenses consideraron que se podr\u00eda fugar; adem\u00e1s pidi\u00f3 esperar al resultado de las investigaciones y no hacer juicios sumarios ni hacer cuestionamientos anticipados.<\/p>\n<p>Refiri\u00f3 que de acuerdo a medios internacionales, Genaro Garc\u00eda Luna tiene socios en el sector privado, pero indic\u00f3 que se va a esperar el resultado de las indagatorias.<\/p>\n","protected":false},"excerpt":{"rendered":"<p>El presidente Andr\u00e9s Manuel L\u00f3pez Obrador asegur\u00f3 que s\u00ed se subir\u00e1 al avi\u00f3n presidencial, pero solo a un recorrido, incluso plante\u00f3 que ah\u00ed se pueda dar una conferencia matutina.<\/p>\n","protected":false},"author":3,"featured_media":462202,"comment_status":"open","ping_status":"open","sticky":false,"template":"","format":"standard","meta":{"_monsterinsights_skip_tracking":false,"_monsterinsights_sitenote_active":false,"_monsterinsights_sitenote_note":"","_monsterinsights_sitenote_category":0,"footnotes":""},"categories":[3],"tags":[2545,72899,43673,90403],"class_list":["post-462088","post","type-post","status-publish","format-standard","has-post-thumbnail","hentry","category-nacional","tag-amlo","tag-avion-presidencial","tag-nacional","tag-viajar"],"_links":{"self":[{"href":"https:\/\/www.diarioimagen.net\/index.php?rest_route=\/wp\/v2\/posts\/462088","targetHints":{"allow":["GET"]}}],"collection":[{"href":"https:\/\/www.diarioimagen.net\/index.php?rest_route=\/wp\/v2\/posts"}],"about":[{"href":"https:\/\/www.diarioimagen.net\/index.php?rest_route=\/wp\/v2\/types\/post"}],"author":[{"embeddable":true,"href":"https:\/\/www.diarioimagen.net\/index.php?rest_route=\/wp\/v2\/users\/3"}],"replies":[{"embeddable":true,"href":"https:\/\/www.diarioimagen.net\/index.php?rest_route=%2Fwp%2Fv2%2Fcomments&post=462088"}],"version-history":[{"count":0,"href":"https:\/\/www.diarioimagen.net\/index.php?rest_route=\/wp\/v2\/posts\/462088\/revisions"}],"wp:featuredmedia":[{"embeddable":true,"href":"https:\/\/www.diarioimagen.net\/index.php?rest_route=\/wp\/v2\/media\/462202"}],"wp:attachment":[{"href":"https:\/\/www.diarioimagen.net\/index.php?rest_route=%2Fwp%2Fv2%2Fmedia&parent=462088"}],"wp:term":[{"taxonomy":"category","embeddable":true,"href":"https:\/\/www.diarioimagen.net\/index.php?rest_route=%2Fwp%2Fv2%2Fcategories&post=462088"},{"taxonomy":"post_tag","embeddable":true,"href":"https:\/\/www.diarioimagen.net\/index.php?rest_route=%2Fwp%2Fv2%2Ftags&post=462088"}],"curies":[{"name":"wp","href":"https:\/\/api.w.org\/{rel}","templated":true}]}}