{"id":462109,"date":"2020-03-03T00:01:39","date_gmt":"2020-03-03T06:01:39","guid":{"rendered":"https:\/\/www.diarioimagen.net\/?p=462109"},"modified":"2020-03-03T04:16:20","modified_gmt":"2020-03-03T10:16:20","slug":"inicia-en-huixquilucan-el-censo-de-poblacion-y-vivienda","status":"publish","type":"post","link":"https:\/\/www.diarioimagen.net\/?p=462109","title":{"rendered":"Inicia en Huixquilucan el censo de poblaci\u00f3n y vivienda"},"content":{"rendered":"<p><a href=\"https:\/\/www.diarioimagen.net\/?attachment_id=462212\" rel=\"attachment wp-att-462212\"><img loading=\"lazy\" decoding=\"async\" class=\"aligncenter size-large wp-image-462212\" src=\"https:\/\/www.diarioimagen.net\/wp-content\/uploads\/2020\/03\/HUIXQUILUCAN-1-460x259.jpg\" alt=\"\" width=\"460\" height=\"259\" srcset=\"https:\/\/www.diarioimagen.net\/wp-content\/uploads\/2020\/03\/HUIXQUILUCAN-1-460x259.jpg 460w, https:\/\/www.diarioimagen.net\/wp-content\/uploads\/2020\/03\/HUIXQUILUCAN-1-240x135.jpg 240w, https:\/\/www.diarioimagen.net\/wp-content\/uploads\/2020\/03\/HUIXQUILUCAN-1-235x132.jpg 235w, https:\/\/www.diarioimagen.net\/wp-content\/uploads\/2020\/03\/HUIXQUILUCAN-1-202x114.jpg 202w, https:\/\/www.diarioimagen.net\/wp-content\/uploads\/2020\/03\/HUIXQUILUCAN-1-350x196.jpg 350w, https:\/\/www.diarioimagen.net\/wp-content\/uploads\/2020\/03\/HUIXQUILUCAN-1-220x123.jpg 220w, https:\/\/www.diarioimagen.net\/wp-content\/uploads\/2020\/03\/HUIXQUILUCAN-1-237x132.jpg 237w, https:\/\/www.diarioimagen.net\/wp-content\/uploads\/2020\/03\/HUIXQUILUCAN-1.jpg 480w\" sizes=\"auto, (max-width: 460px) 100vw, 460px\" \/><\/a><\/p>\n<p>&nbsp;<\/p>\n<p><strong>Huixquilucan, Estado de M\u00e9xico<\/strong><strong>.-<\/strong> El presidente municipal Enrique Vargas del Villar, dio el banderazo de salida al inicio del Censo Nacional de Poblaci\u00f3n y Vivienda 2020, en donde 350 de los encuestadores son residentes de Huixquilucan. El alcalde reiter\u00f3 al personal del Inegi, su absoluto apoyo para que su trabajo lo realicen en completa seguridad.<\/p>\n<p>\u201cVoy a estar muy atento a cualquier situaci\u00f3n que necesiten\u201d, resalt\u00f3. \u201cLleg\u00f3 el d\u00eda de estar 25 d\u00edas en la calle, platicando con la ciudadan\u00eda, recabando informaci\u00f3n que tanto se necesita para el municipio y saber cu\u00e1ntos somos y d\u00f3nde estamos\u201d, dijo Vargas del Villar, quien abund\u00f3 que el censo permitir\u00e1 tratar el tema del presupuesto, ya que en los \u00faltimos 10 a\u00f1os, Huixquilucan se ha desarrollado mucho.<\/p>\n","protected":false},"excerpt":{"rendered":"<p>El presidente municipal Enrique Vargas del Villar, dio el banderazo de salida al inicio del Censo Nacional de Poblaci\u00f3n y Vivienda 2020, en donde 350 de los encuestadores son residentes de Huixquilucan.<\/p>\n","protected":false},"author":3,"featured_media":462212,"comment_status":"open","ping_status":"open","sticky":false,"template":"","format":"standard","meta":{"_monsterinsights_skip_tracking":false,"_monsterinsights_sitenote_active":false,"_monsterinsights_sitenote_note":"","_monsterinsights_sitenote_category":0,"footnotes":""},"categories":[5],"tags":[65771,43675,1097,7017],"class_list":["post-462109","post","type-post","status-publish","format-standard","has-post-thumbnail","hentry","category-estado-de-mexico","tag-censo","tag-estado-de-mexico","tag-huixquilucan","tag-poblacion"],"_links":{"self":[{"href":"https:\/\/www.diarioimagen.net\/index.php?rest_route=\/wp\/v2\/posts\/462109","targetHints":{"allow":["GET"]}}],"collection":[{"href":"https:\/\/www.diarioimagen.net\/index.php?rest_route=\/wp\/v2\/posts"}],"about":[{"href":"https:\/\/www.diarioimagen.net\/index.php?rest_route=\/wp\/v2\/types\/post"}],"author":[{"embeddable":true,"href":"https:\/\/www.diarioimagen.net\/index.php?rest_route=\/wp\/v2\/users\/3"}],"replies":[{"embeddable":true,"href":"https:\/\/www.diarioimagen.net\/index.php?rest_route=%2Fwp%2Fv2%2Fcomments&post=462109"}],"version-history":[{"count":0,"href":"https:\/\/www.diarioimagen.net\/index.php?rest_route=\/wp\/v2\/posts\/462109\/revisions"}],"wp:featuredmedia":[{"embeddable":true,"href":"https:\/\/www.diarioimagen.net\/index.php?rest_route=\/wp\/v2\/media\/462212"}],"wp:attachment":[{"href":"https:\/\/www.diarioimagen.net\/index.php?rest_route=%2Fwp%2Fv2%2Fmedia&parent=462109"}],"wp:term":[{"taxonomy":"category","embeddable":true,"href":"https:\/\/www.diarioimagen.net\/index.php?rest_route=%2Fwp%2Fv2%2Fcategories&post=462109"},{"taxonomy":"post_tag","embeddable":true,"href":"https:\/\/www.diarioimagen.net\/index.php?rest_route=%2Fwp%2Fv2%2Ftags&post=462109"}],"curies":[{"name":"wp","href":"https:\/\/api.w.org\/{rel}","templated":true}]}}