{"id":462112,"date":"2020-03-03T00:02:57","date_gmt":"2020-03-03T06:02:57","guid":{"rendered":"https:\/\/www.diarioimagen.net\/?p=462112"},"modified":"2020-03-03T04:21:05","modified_gmt":"2020-03-03T10:21:05","slug":"todas-las-facilidades-a-encuestadores-de-inegi-garantiza-edil-de-cuautitlan","status":"publish","type":"post","link":"https:\/\/www.diarioimagen.net\/?p=462112","title":{"rendered":"Todas las facilidades a encuestadores de Inegi, garantiza edil de Cuautitl\u00e1n"},"content":{"rendered":"<ul>\n<li><strong><em>Arranca el censo de poblaci\u00f3n y vivienda<\/em><\/strong><\/li>\n<\/ul>\n<p>&nbsp;<\/p>\n<div id=\"attachment_462216\" style=\"width: 470px\" class=\"wp-caption aligncenter\"><a href=\"https:\/\/www.diarioimagen.net\/?attachment_id=462216\" rel=\"attachment wp-att-462216\"><img loading=\"lazy\" decoding=\"async\" aria-describedby=\"caption-attachment-462216\" class=\"wp-image-462216 size-large\" src=\"https:\/\/www.diarioimagen.net\/wp-content\/uploads\/2020\/03\/CUAUTITL\u00c1N-1-460x214.jpg\" alt=\"\" width=\"460\" height=\"214\" srcset=\"https:\/\/www.diarioimagen.net\/wp-content\/uploads\/2020\/03\/CUAUTITL\u00c1N-1-460x214.jpg 460w, https:\/\/www.diarioimagen.net\/wp-content\/uploads\/2020\/03\/CUAUTITL\u00c1N-1-240x111.jpg 240w, https:\/\/www.diarioimagen.net\/wp-content\/uploads\/2020\/03\/CUAUTITL\u00c1N-1.jpg 700w\" sizes=\"auto, (max-width: 460px) 100vw, 460px\" \/><\/a><p id=\"caption-attachment-462216\" class=\"wp-caption-text\">El presidente municipal Ariel Ju\u00e1rez Rodr\u00edguez dio banderazo de salida a la campa\u00f1a del Inegi.<\/p><\/div>\n<p>&nbsp;<\/p>\n<p><strong>Cuautitl\u00e1n, Estado de M\u00e9xico<\/strong>.- En Cuautitl\u00e1n nos contamos todos, por lo que daremos las facilidades a los encuestadores del Censo de Poblaci\u00f3n y Vivienda 2020 que el Instituto Nacional de Estad\u00edstica y Geograf\u00eda Inegi llevar\u00e1 a cabo del 2 al 27 de marzo en el municipio y en todo al pa\u00eds, as\u00ed lo se\u00f1al\u00f3 el presidente municipal Ariel Ju\u00e1rez Rodr\u00edguez, al dar el banderazo de salida de este programa a nivel nacional.<\/p>\n<p>Acompa\u00f1ado de Miguel \u00c1ngel Torres Mu\u00f1oz, coordinador de zona del INEGI, el presidente municipal se\u00f1al\u00f3 que el 98 por ciento de los encuestadores que recorrer\u00e1n el municipio son de Cuautitl\u00e1n y gracias a su trabajo \u201csabremos cuantos somos y que podamos ajustar los presupuestos acordes a las necesidades de la localidad, ya que en el \u00faltimo censo se ten\u00eda una cifra de 140 mil habitantes\u201d, reconoci\u00f3 Ju\u00e1rez Rodr\u00edguez.<\/p>\n<p>\u201cLos nuevos conjuntos habitacionales, la actual demanda de vivienda, la ocupaci\u00f3n de \u00e1reas que eran de cultivo, as\u00ed como otros desarrollos, han modificado desde hace 10 a\u00f1os esta cifra, por lo que estimamos que tenemos m\u00e1s de 100 mil habitantes que no han sido contabilizados\u201d, destac\u00f3 el presidente municipal.<\/p>\n<p>Se tiene un padr\u00f3n catastral de 60 mil viviendas que representa el 70 por ciento de los predios registrados, por lo que se hace necesario a estar acorde a los servicios que se demandan, de ah\u00ed la importancia de este censo, recalc\u00f3 el alcalde ante los encuestadores, servidores p\u00fablicos, vecinos y representantes sociales que asistieron al banderazo de salida.<\/p>\n<p>Al desearle el mejor de los \u00e9xitos en este levantamiento de datos el coordinador de zona del INEGI inform\u00f3 que en Cuautitl\u00e1n se trabajar\u00e1 con tres coordinadores municipales y cerca de 400 encuestadores que recorrer\u00e1n fraccionamientos, colonias, unidades habitacionales, ejidos, fracciones ejidales, ranchos y granjas, hasta el 27 de marzo.<\/p>\n","protected":false},"excerpt":{"rendered":"<p>En Cuautitl\u00e1n nos contamos todos, por lo que daremos las facilidades a los encuestadores del Censo de Poblaci\u00f3n y Vivienda 2020 que el Instituto Nacional de Estad\u00edstica y Geograf\u00eda Inegi llevar\u00e1 a cabo del 2 al 27 de marzo en el municipio y en todo al pa\u00eds, as\u00ed lo se\u00f1al\u00f3 el presidente municipal Ariel Ju\u00e1rez Rodr\u00edguez, al dar el banderazo de salida de este programa a nivel nacional.<\/p>\n","protected":false},"author":3,"featured_media":462216,"comment_status":"open","ping_status":"open","sticky":false,"template":"","format":"standard","meta":{"_monsterinsights_skip_tracking":false,"_monsterinsights_sitenote_active":false,"_monsterinsights_sitenote_note":"","_monsterinsights_sitenote_category":0,"footnotes":""},"categories":[5],"tags":[681,90409,43675,193],"class_list":["post-462112","post","type-post","status-publish","format-standard","has-post-thumbnail","hentry","category-estado-de-mexico","tag-cuautitlan","tag-encuestadores","tag-estado-de-mexico","tag-inegi"],"_links":{"self":[{"href":"https:\/\/www.diarioimagen.net\/index.php?rest_route=\/wp\/v2\/posts\/462112","targetHints":{"allow":["GET"]}}],"collection":[{"href":"https:\/\/www.diarioimagen.net\/index.php?rest_route=\/wp\/v2\/posts"}],"about":[{"href":"https:\/\/www.diarioimagen.net\/index.php?rest_route=\/wp\/v2\/types\/post"}],"author":[{"embeddable":true,"href":"https:\/\/www.diarioimagen.net\/index.php?rest_route=\/wp\/v2\/users\/3"}],"replies":[{"embeddable":true,"href":"https:\/\/www.diarioimagen.net\/index.php?rest_route=%2Fwp%2Fv2%2Fcomments&post=462112"}],"version-history":[{"count":0,"href":"https:\/\/www.diarioimagen.net\/index.php?rest_route=\/wp\/v2\/posts\/462112\/revisions"}],"wp:featuredmedia":[{"embeddable":true,"href":"https:\/\/www.diarioimagen.net\/index.php?rest_route=\/wp\/v2\/media\/462216"}],"wp:attachment":[{"href":"https:\/\/www.diarioimagen.net\/index.php?rest_route=%2Fwp%2Fv2%2Fmedia&parent=462112"}],"wp:term":[{"taxonomy":"category","embeddable":true,"href":"https:\/\/www.diarioimagen.net\/index.php?rest_route=%2Fwp%2Fv2%2Fcategories&post=462112"},{"taxonomy":"post_tag","embeddable":true,"href":"https:\/\/www.diarioimagen.net\/index.php?rest_route=%2Fwp%2Fv2%2Ftags&post=462112"}],"curies":[{"name":"wp","href":"https:\/\/api.w.org\/{rel}","templated":true}]}}