{"id":462125,"date":"2020-03-03T00:05:59","date_gmt":"2020-03-03T06:05:59","guid":{"rendered":"https:\/\/www.diarioimagen.net\/?p=462125"},"modified":"2020-03-02T21:56:10","modified_gmt":"2020-03-03T03:56:10","slug":"desviacion-de-recursos-de-salud","status":"publish","type":"post","link":"https:\/\/www.diarioimagen.net\/?p=462125","title":{"rendered":"Desviaci\u00f3n de recursos de Salud"},"content":{"rendered":"<h2>Desde el portal<\/h2>\n<h5>\u00c1ngel Soriano<\/h5>\n<p>&nbsp;<\/p>\n<p>En plena epidemia de Covid-19, donde los seis casos registrados en el pa\u00eds son m\u00ednimos en comparaci\u00f3n con la densidad de poblaci\u00f3n, surgen nuevas acusaciones sobre presuntos desv\u00edos del sector salud el sexenio pasado, cuesti\u00f3n que ya no sorprende a nadie, pero en una etapa como la actual se requiere de infraestructura m\u00e9dica adecuad a para hacer frente a la contingencia.<\/p>\n<p>Tampoco sorprende que China tenga la capacidad suficiente \u2013econ\u00f3mica, tecnol\u00f3gica y recursos humanos- para construir en cuesti\u00f3n de horas un hospital con 100 camas y atender a los afectados por el virus, como tampoco que en los pa\u00edses desarrollados los estragos sean mayores que los en v\u00edas de desarrollo, sobre todo por el notable tr\u00e1nsito de pasajeros de uno y otro pa\u00eds.<\/p>\n<p>Lo que interesa en M\u00e9xico es terminar ya con la impunidad y la especulaci\u00f3n. Se documenta un saqueo por 4,000 mdp a trav\u00e9s de un millar de empresas fantasma y no pasa nada. Los autores del desfalco al erario p\u00fablico contin\u00faan gozando de cabal salud en completa libertad , bajo la sospecha de que hay complicidad, omisi\u00f3n o pacto pol\u00edtico, de lo contrario nadie se explica el por qu\u00e9 no se procede en contra de ellos.<\/p>\n<p>De situaciones de emergencia como las que vive el mundo hoy, nadie escapa y s\u00f3lo saldr\u00e1n adelante quienes cuenten con la fortaleza econ\u00f3mica, adelantos tecnol\u00f3gicos e infraestructura m\u00e9dica capaz de hacer frente a una situaci\u00f3n como la presente, de lo contrario, seremos v\u00edctimas de los mismos avances tecnol\u00f3gicos y del mismo atraso que se vive en algunas regiones del mundo. Hace falta ver a futuro y acabar con el pesado lastre de la corrupci\u00f3n que acaba con todo.<\/p>\n<p style=\"text-align: center;\"><strong>TURBULENCIAS<br \/>\nReforma fiscal para ambiciosa pol\u00edtica social<\/strong><\/p>\n<p>Al inaugurar el parlamento abierto \u201cAn\u00e1lisis sobre incorporaci\u00f3n constitucional de garant\u00edas y derechos en materia de bienestar\u201d, organizado por las comisiones unidas de Puntos Constitucionales, y la de Salud, asegur\u00f3\u00a0 \u201cS\u00ed se tiene que hacer una reforma fiscal para tener m\u00e1s recursos en el futuro, ya no va a ser para financiar burocracias doradas o para el despilfarro de la corrupci\u00f3n, sino para financiar los nuevos derechos sociales que se aprobar\u00e1n en esta Constituci\u00f3n\u201d, y explic\u00f3 que la visi\u00f3n de esta reforma es convertir en un derecho social la pensi\u00f3n no contributiva para todos los adultos mayores de este pa\u00eds.\u00a0 \u201cEs la pol\u00edtica social m\u00e1s ambiciosa desde la construcci\u00f3n de las instituciones de seguridad social a principios de los a\u00f1os cuarenta, porque es una pensi\u00f3n universal, para todos en un pa\u00eds que m\u00e1s de la mitad de la poblaci\u00f3n no tiene acceso a la seguridad social\u201d, indic\u00f3\u2026 El l\u00edder interino de Morena, Alfonso Ram\u00edrez Cu\u00e9llar, anunci\u00f3 que auditar\u00e1 los recursos ejercidos durante la administraci\u00f3n de Yeidckol Polevnsky para saber en qu\u00e9 se gast\u00f3 el recurso y har\u00e1 lo mismo con los gastos de los candidatos a puestos de elecci\u00f3n popular en los estados donde habr\u00e1 elecciones en el 202q, con el objeto de que el dinero no sean quien determine qui\u00e9n gana o quien pierde una elecci\u00f3n y sean los mismos simpatizantes de Morena quienes decidan, no factores externos\u2026En el primer libro sobre la econom\u00eda moral que ha trazado el Presidente Andr\u00e9s Manuel, L\u00f3pez Obrador, esto es, una econom\u00eda que no est\u00e1 determinada por los mercados, sino por el sentido que \u00e9sta tiene para construir, precisamente, sentido de vida, sentido comunitario, bienestar social, tiene que ver en una lucha frontal contra la corrupci\u00f3n, pero esa lucha frontal contra la corrupci\u00f3n s\u00f3lo es posible con otra organizaci\u00f3n social dijo ayer en San L\u00e1zaro el subsecretario de Educaci\u00f3n Superior de la SEP, Luciano Concheiro, al participar en el 1 Seminario Internacional de la Econom\u00eda Social, Solidaria y Popular\u2026<\/p>\n<p><a href=\"mailto:asorianocarrasco@yahoo.com\" target=\"_blank\" rel=\"noopener noreferrer\"><em>asorianocarrasco@yahoo.com<\/em><\/a><br \/>\n<em><a href=\"https:\/\/twitter.com\/brecharevista\" target=\"_blank\" rel=\"noopener noreferrer\">@BrechaRevista<\/a><a href=\"mailto:asorianocarrasco@yahoo.com\" target=\"_blank\" rel=\"noopener noreferrer\"><br \/>\n<\/a><a href=\"https:\/\/revistabrecha.com\" target=\"_blank\" rel=\"noopener noreferrer\">www.revistabrecha.com<\/a><\/em><\/p>\n","protected":false},"excerpt":{"rendered":"<p><span style=\"color: #005497;\"><strong>\u00c1ngel Soriano<\/strong><\/span><\/p>\n","protected":false},"author":3,"featured_media":0,"comment_status":"open","ping_status":"open","sticky":false,"template":"","format":"standard","meta":{"_monsterinsights_skip_tracking":false,"_monsterinsights_sitenote_active":false,"_monsterinsights_sitenote_note":"","_monsterinsights_sitenote_category":0,"footnotes":""},"categories":[135],"tags":[85,86,43674],"class_list":["post-462125","post","type-post","status-publish","format-standard","hentry","category-angel-soriano-opinion","tag-angel-soriano","tag-desde-el-portal","tag-opinion"],"_links":{"self":[{"href":"https:\/\/www.diarioimagen.net\/index.php?rest_route=\/wp\/v2\/posts\/462125","targetHints":{"allow":["GET"]}}],"collection":[{"href":"https:\/\/www.diarioimagen.net\/index.php?rest_route=\/wp\/v2\/posts"}],"about":[{"href":"https:\/\/www.diarioimagen.net\/index.php?rest_route=\/wp\/v2\/types\/post"}],"author":[{"embeddable":true,"href":"https:\/\/www.diarioimagen.net\/index.php?rest_route=\/wp\/v2\/users\/3"}],"replies":[{"embeddable":true,"href":"https:\/\/www.diarioimagen.net\/index.php?rest_route=%2Fwp%2Fv2%2Fcomments&post=462125"}],"version-history":[{"count":0,"href":"https:\/\/www.diarioimagen.net\/index.php?rest_route=\/wp\/v2\/posts\/462125\/revisions"}],"wp:attachment":[{"href":"https:\/\/www.diarioimagen.net\/index.php?rest_route=%2Fwp%2Fv2%2Fmedia&parent=462125"}],"wp:term":[{"taxonomy":"category","embeddable":true,"href":"https:\/\/www.diarioimagen.net\/index.php?rest_route=%2Fwp%2Fv2%2Fcategories&post=462125"},{"taxonomy":"post_tag","embeddable":true,"href":"https:\/\/www.diarioimagen.net\/index.php?rest_route=%2Fwp%2Fv2%2Ftags&post=462125"}],"curies":[{"name":"wp","href":"https:\/\/api.w.org\/{rel}","templated":true}]}}