{"id":462172,"date":"2020-03-03T00:12:35","date_gmt":"2020-03-03T06:12:35","guid":{"rendered":"https:\/\/www.diarioimagen.net\/?p=462172"},"modified":"2020-03-03T04:09:42","modified_gmt":"2020-03-03T10:09:42","slug":"hoy-la-recaudacion-no-alcanza-programas-sociales-de-amlo-urgen-de-una-reforma-fiscal-delgado","status":"publish","type":"post","link":"https:\/\/www.diarioimagen.net\/?p=462172","title":{"rendered":"Hoy la recaudaci\u00f3n no alcanza; programas sociales de AMLO urgen de una reforma fiscal: Delgado"},"content":{"rendered":"<h2>Tras la puerta del poder<\/h2>\n<h5>Roberto Vizca\u00edno<\/h5>\n<p>&nbsp;<\/p>\n<div id=\"attachment_462193\" style=\"width: 470px\" class=\"wp-caption aligncenter\"><a href=\"https:\/\/www.diarioimagen.net\/?attachment_id=462193\" rel=\"attachment wp-att-462193\"><img loading=\"lazy\" decoding=\"async\" aria-describedby=\"caption-attachment-462193\" class=\"size-large wp-image-462193\" src=\"https:\/\/www.diarioimagen.net\/wp-content\/uploads\/2020\/03\/caida-de-bolsas-LUIS-XAVIER-460x348.jpg\" alt=\"\" width=\"460\" height=\"348\" srcset=\"https:\/\/www.diarioimagen.net\/wp-content\/uploads\/2020\/03\/caida-de-bolsas-LUIS-XAVIER-460x348.jpg 460w, https:\/\/www.diarioimagen.net\/wp-content\/uploads\/2020\/03\/caida-de-bolsas-LUIS-XAVIER-240x181.jpg 240w, https:\/\/www.diarioimagen.net\/wp-content\/uploads\/2020\/03\/caida-de-bolsas-LUIS-XAVIER-768x580.jpg 768w, https:\/\/www.diarioimagen.net\/wp-content\/uploads\/2020\/03\/caida-de-bolsas-LUIS-XAVIER.jpg 1200w\" sizes=\"auto, (max-width: 460px) 100vw, 460px\" \/><\/a><p id=\"caption-attachment-462193\" class=\"wp-caption-text\">Ca\u00edda de bol$a$&#8230; | Luis Xavier<\/p><\/div>\n<p>&nbsp;<\/p>\n<p>Sean incluidos o no en la Constituci\u00f3n General de la Rep\u00fablica, los programas sociales del presidente <strong>Andr\u00e9s Manuel L\u00f3pez Obrador<\/strong> requerir\u00e1n de una nueva reforma fiscal orientada a aumentar la recaudaci\u00f3n, afirm\u00f3 <strong>Mario Delgado<\/strong>.<\/p>\n<p>El presidente de la Junta de Coordinaci\u00f3n Pol\u00edtica de San L\u00e1zaro y l\u00edder de la mayor\u00eda de diputados federales de Morena indic\u00f3 que los programas sociales de <strong>AMLO<\/strong> no surgen del capricho, sino de que la mitad de la poblaci\u00f3n no tiene acceso a estos beneficios.<\/p>\n<p>A s\u00ed, al arrancar el parlamento abierto \u201cAn\u00e1lisis sobre incorporaci\u00f3n constitucional de garant\u00edas y derechos en materia de bienestar\u201d, organizado por las comisiones unidas de Puntos Constitucionales, y la de Salud, <strong>Delgado<\/strong> advirti\u00f3 que sin una reforma fiscal que aumente la recaudaci\u00f3n fiscal en M\u00e9xico, los apoyos a estos sectores de la poblaci\u00f3n no tendr\u00e1n futuro.<\/p>\n<p>\u201cSe tiene que hacer una reforma fiscal para aumentar la recaudaci\u00f3n, no para financiar burocracias doradas, o el despilfarro de la corrupci\u00f3n, sino para financiar los nuevos derechos sociales que se plasmar\u00e1n en esta Constituci\u00f3n\u201d, explic\u00f3.<\/p>\n<p>La de AMLO, agreg\u00f3:<\/p>\n<p>\u201cEs la pol\u00edtica social m\u00e1s ambiciosa desde la construcci\u00f3n de las instituciones de seguridad social a principios de los a\u00f1os cuarenta, porque es una pensi\u00f3n universal, para todos en un pa\u00eds que m\u00e1s de la mitad de la poblaci\u00f3n no tiene acceso a la seguridad social\u201d, insisti\u00f3.<\/p>\n<p><strong>Delgado<\/strong> asegur\u00f3 que hoy a 13 meses de iniciado este gobierno, existen ya 4 millones de estudiantes becados.<\/p>\n<p>\u201cTenemos al a\u00f1o un mill\u00f3n de j\u00f3venes que abandonan la primaria y la secundaria principalmente por razones econ\u00f3micas\u201d.<\/p>\n<p>Durante este ejercicio de Parlamento abierto participaron los diputados: <strong>Aleida Alavez, Miroslava S\u00e1nchez Galv\u00e1n, Dolores Padierna<\/strong>, <strong>Irma Juan Carlos<\/strong>, <strong>\u00c9ctor Jaime Ram\u00edrez, Dulce Mar\u00eda Sauri, Martha Hortencia Garay,<\/strong> <strong>Reginaldo Sandoval,<\/strong> <strong>Martha Tagle Mart\u00ednez<\/strong>, <strong>Iv\u00e1n Arturo P\u00e9rez <\/strong>y<strong> Ver\u00f3nica Ju\u00e1rez Pi\u00f1a<\/strong>.<\/p>\n<p style=\"text-align: center;\"><strong>390 aspirantes a 4 cargos del INE<\/strong><\/p>\n<p>\u00a1Vaya tarea la que tienen los diputados federales!<\/p>\n<p>Y es que en apenas una semana se registraron en San L\u00e1zaro 390 aspirantes a las cuatro sillas de consejeros electorales que dejar\u00e1n vacantes a inicios de abril los consejeros<strong> Enrique Andrade, Marco Antonio Ba\u00f1os, Benito Nacif <\/strong>y<strong> Pamela San Mart\u00edn.<\/strong><\/p>\n<p>Los cuatro concluyen en estos d\u00edas sus encargos dentro del INE, y la C\u00e1mara de Diputados les tiene que encontrar r\u00e1pido sustitutos porque ya est\u00e1 en puerta el inicio del proceso electoral m\u00e1s grande que haya habido nunca antes en M\u00e9xico.<\/p>\n<p>En el proceso electoral del domingo 6 de junio de 2021 se renovar\u00e1n un total de 3 mil 300 cargos: 15 gobernadores, 300 diputados federales de mayor\u00eda, 200 federales plurinominales, 642 diputados locales y 2,344 cargos en alcald\u00edas. Por lo pronto en San L\u00e1zaro el 28 de febrero se cerr\u00f3 el registro de aspirantes a esas 4 sillas con un total de 390 aspirantes, de los cuales 135 son mujeres y 255 hombres. La cantidad es in\u00e9dita, un registro r\u00e9cord.<\/p>\n<p>Ahora corresponde al Comit\u00e9 T\u00e9cnico de Evaluaci\u00f3n revisar los 390 expedientes y decidir cuales pasan a la siguiente etapa.<\/p>\n<p style=\"text-align: center;\"><strong>Mientras en el Senado avanza lo de la marihuana<\/strong><\/p>\n<p>Y como todo en la vida no hay plazo que no se cumpla, ma\u00f1ana mi\u00e9rcoles las Comisiones unidas de Seguridad, Justicia y Estudios Legislativos del Senado discutir\u00e1n si hay condiciones o no de sacar pronto el dictamen sobre el uso y producci\u00f3n de marihuana. Term\u00f3metro y gran negociador de todos los acuerdos parlamentarios en la c\u00e1mara alta, el zacatecano <strong>Ricardo Monreal<\/strong>, coloc\u00f3 un tweet dando luz verde al debate en comisiones.<\/p>\n<p>Para el presidente de la Junta de Coordinaci\u00f3n Pol\u00edtica, la intenci\u00f3n es continuar con la consulta de todas las voces, y todas las opiniones&#8230; En este contexto trascendi\u00f3 que el punto \u00e1lgido del predictamen, que causa desencuentros, es, por supuesto, el uso l\u00fadico de la marihuana.<\/p>\n<p>De ser aprobado su uso amplio entonces se tendr\u00eda que aumentar el gramaje que podr\u00edan portar los consumidores de 5 a 28 gramos, lo que podr\u00eda derivar en un mercado negro de amplia sobreventa.<\/p>\n<p>Otro tema que causa encontronazos es que el predictamen prev\u00e9 que la comercializaci\u00f3n de la marihuana se realice por un Instituto Mexicano de Regulaci\u00f3n y Control del Cannabis, descentralizado del Estado.<\/p>\n<p>Y ese Instituto tendr\u00eda:<\/p>\n<p>Una Direcci\u00f3n General; un Consejo Consultivo; un representante de la Secretaria de Salud; otro de la Secretaria de Agricultura; uno m\u00e1s de la SEP; uno de Gobernaci\u00f3n; otro de Hacienda; uno de Medio Ambiente y Recursos Naturales y un final de Relaciones Exteriores. Todo un equipo con intereses muy distintos entre s\u00ed.<\/p>\n<p>Y por si no fuese todo un presagio de roces y conflictos, se propone adem\u00e1s crear un Consejo Ciudadano, que vigilar\u00eda a todos los anteriores. Todo un margallate o foll\u00f3n de previsibles consecuencias.<\/p>\n<p style=\"text-align: center;\"><strong>Por encima de la prohibici\u00f3n de AMLO<\/strong><\/p>\n<p>Y mientras todo lo anterior ocurre en el Congreso, en Canc\u00fan se estrena el Casino Macao contra la voluntad de <strong>Andr\u00e9s Manuel L\u00f3pez Obrador<\/strong>, l\u00edder de la Cuarta Transformaci\u00f3n.<\/p>\n<p>Y es que el tabasque\u00f1o hab\u00eda prometido durante la conferencia ma\u00f1anera del 7 de enero de este a\u00f1o que nadie abrir\u00eda un nuevo casino bajo su mandato lo que fue ratificado por la exministra <strong>Olga S\u00e1nchez Cordero<\/strong>, titular de Gobernaci\u00f3n.<\/p>\n<p>Pero qu\u00e9 cree usted, pues que el viernes 28 de febrero se autoriz\u00f3 la apertura del Casino Macao, en la plaza La Isla, en Canc\u00fan, Quintana Roo. Un tr\u00e1mite r\u00e1pido de menos de dos meses para que la empresa El Palacio de los N\u00fameros S.A. de C.V., abriera su casino en este importante destino tur\u00edstico.<\/p>\n<p>Llama la atenci\u00f3n que el subsecretario de Gobernaci\u00f3n, <strong>Ricardo Peralta<\/strong>; el director de Juegos y Sorteos de la Segob, <strong>Luis Calvo Reyes<\/strong>, y <strong>Mara Lezama<\/strong>, alcaldesa del Municipio de Benito Ju\u00e1rez, de Morena, hayan contravenido la promesa de <strong>AMLO<\/strong>, quien en aquella ma\u00f1anera dijo:<\/p>\n<p>\u201cSi es facultad del gobierno federal nosotros no autorizamos casinos, tenemos muy presente como se empezaron a autorizarse estos casinos en la \u00e9poca del que se llam\u00f3 Gobierno del Cambio y no vamos a caer en lo mismo, ser\u00eda lamentable hacer lo mismo\u201d.<\/p>\n<p><strong>L\u00f3pez Obrador<\/strong> fue incluso m\u00e1s contundente, pues dijo que si los gobiernos locales legislan y afectan una facultad del gobierno federal acudir\u00e1n a la autoridad competente, es decir la Suprema Corte, para impedir se autoricen nuevos casinos.<\/p>\n<p>\u201cNada de casinos en todo el pa\u00eds\u2026 no somos lo mismo, la gente vot\u00f3 por un cambio\u201d, indic\u00f3 entonces.<\/p>\n<p><strong>S\u00e1nchez Cordero<\/strong>, dijo por su parte que la Ley federal de Juegos y Sorteos establece que es facultad de la secretar\u00eda a su cargo la reglamentaci\u00f3n, autorizaci\u00f3n, control y vigilancia de los juegos<\/p>\n<p>\u201cEso significa que solo a nivel federal se pueden dar esas autorizaciones y en este sexenio no ha habido ninguna autorizaci\u00f3n para abrir un solo casino\u201d.<\/p>\n<p>Peeero siempre hay un pero. Y hoy el subsecretario <strong>Ricardo Peralta<\/strong> junto con <strong>Luis Calvo Reyes<\/strong>, y la alcaldesa de Canc\u00fan <strong>Mara Lezama<\/strong> se los pasaron -a <strong>AMLO<\/strong> y a do\u00f1a <strong>Olga<\/strong>&#8211; por sus respectivos arcos de su triunfo.<\/p>\n<p><em><a href=\"mailto:rvizcainoa@gmail.com\" target=\"_blank\" rel=\"noopener noreferrer\">rvizcainoa@gmail.com<\/a><br \/>\n<u><a href=\"http:\/\/endirecto.mx\" target=\"_blank\" rel=\"noopener noreferrer\">www.endirecto.mx<\/a><br \/>\n<a href=\"https:\/\/twitter.com\/_rvizcaino\" target=\"_blank\" rel=\"noopener noreferrer\">@_RVizcaino<\/a><br \/>\n<a href=\"https:\/\/www.facebook.com\/rvizcainoa\" target=\"_blank\" rel=\"noopener noreferrer\">facebook.com\/rvizcainoa<\/a><\/u><\/em><\/p>\n","protected":false},"excerpt":{"rendered":"<p><span style=\"color: #005497;\"><strong>Roberto Vizca\u00edno<\/strong><\/span><br \/>\n<br \/>\nSean incluidos o no en la Constituci\u00f3n General de la Rep\u00fablica, los programas sociales del presidente <strong>Andr\u00e9s Manuel L\u00f3pez Obrador<\/strong> requerir\u00e1n de una nueva reforma fiscal orientada a aumentar la recaudaci\u00f3n, afirm\u00f3 <strong>Mario Delgado<\/strong>.<\/p>\n","protected":false},"author":3,"featured_media":462193,"comment_status":"open","ping_status":"open","sticky":false,"template":"","format":"standard","meta":{"_monsterinsights_skip_tracking":false,"_monsterinsights_sitenote_active":false,"_monsterinsights_sitenote_note":"","_monsterinsights_sitenote_category":0,"footnotes":""},"categories":[136],"tags":[43674,93,94],"class_list":["post-462172","post","type-post","status-publish","format-standard","has-post-thumbnail","hentry","category-roberto-vizcaino-opinion","tag-opinion","tag-roberto-vizcaino","tag-tras-la-puerta-del-poder"],"_links":{"self":[{"href":"https:\/\/www.diarioimagen.net\/index.php?rest_route=\/wp\/v2\/posts\/462172","targetHints":{"allow":["GET"]}}],"collection":[{"href":"https:\/\/www.diarioimagen.net\/index.php?rest_route=\/wp\/v2\/posts"}],"about":[{"href":"https:\/\/www.diarioimagen.net\/index.php?rest_route=\/wp\/v2\/types\/post"}],"author":[{"embeddable":true,"href":"https:\/\/www.diarioimagen.net\/index.php?rest_route=\/wp\/v2\/users\/3"}],"replies":[{"embeddable":true,"href":"https:\/\/www.diarioimagen.net\/index.php?rest_route=%2Fwp%2Fv2%2Fcomments&post=462172"}],"version-history":[{"count":0,"href":"https:\/\/www.diarioimagen.net\/index.php?rest_route=\/wp\/v2\/posts\/462172\/revisions"}],"wp:featuredmedia":[{"embeddable":true,"href":"https:\/\/www.diarioimagen.net\/index.php?rest_route=\/wp\/v2\/media\/462193"}],"wp:attachment":[{"href":"https:\/\/www.diarioimagen.net\/index.php?rest_route=%2Fwp%2Fv2%2Fmedia&parent=462172"}],"wp:term":[{"taxonomy":"category","embeddable":true,"href":"https:\/\/www.diarioimagen.net\/index.php?rest_route=%2Fwp%2Fv2%2Fcategories&post=462172"},{"taxonomy":"post_tag","embeddable":true,"href":"https:\/\/www.diarioimagen.net\/index.php?rest_route=%2Fwp%2Fv2%2Ftags&post=462172"}],"curies":[{"name":"wp","href":"https:\/\/api.w.org\/{rel}","templated":true}]}}