{"id":462241,"date":"2020-03-04T00:05:24","date_gmt":"2020-03-04T06:05:24","guid":{"rendered":"https:\/\/www.diarioimagen.net\/?p=462241"},"modified":"2020-03-03T22:32:34","modified_gmt":"2020-03-04T04:32:34","slug":"hubo-impunidad-en-el-caso-abc-afirma-lopez-obrador","status":"publish","type":"post","link":"https:\/\/www.diarioimagen.net\/?p=462241","title":{"rendered":"Caso ABC, el saldo m\u00e1s doloroso de privatizar salud: L\u00f3pez Obrador"},"content":{"rendered":"<ul>\n<li><strong><em>Tragedia del 5 de junio de 2009<\/em><\/strong><\/li>\n<li><strong><em>Hubo impunidad de funcionarios en este accidente, afirma el Presidente<\/em><\/strong><\/li>\n<\/ul>\n<p>&nbsp;<\/p>\n<div id=\"attachment_462242\" style=\"width: 470px\" class=\"wp-caption aligncenter\"><img loading=\"lazy\" decoding=\"async\" aria-describedby=\"caption-attachment-462242\" class=\"size-large wp-image-462242\" src=\"https:\/\/www.diarioimagen.net\/wp-content\/uploads\/2020\/03\/IMPUNIDAD4-PORTAL-460x268.png\" alt=\"\" width=\"460\" height=\"268\" srcset=\"https:\/\/www.diarioimagen.net\/wp-content\/uploads\/2020\/03\/IMPUNIDAD4-PORTAL-460x268.png 460w, https:\/\/www.diarioimagen.net\/wp-content\/uploads\/2020\/03\/IMPUNIDAD4-PORTAL-240x140.png 240w, https:\/\/www.diarioimagen.net\/wp-content\/uploads\/2020\/03\/IMPUNIDAD4-PORTAL.png 480w\" sizes=\"auto, (max-width: 460px) 100vw, 460px\" \/><p id=\"caption-attachment-462242\" class=\"wp-caption-text\">Andr\u00e9s Manuel L\u00f3pez Obrador record\u00f3 el caso de la guarder\u00eda ABC y critic\u00f3 la impunidad que existi\u00f3 para los responsables.<\/p><\/div>\n<p>&nbsp;<\/p>\n<p>Andr\u00e9s Manuel L\u00f3pez Obrador calific\u00f3 la tragedia de la Guarder\u00eda ABC del 5 de junio de 2009\u00a0 como el saldo m\u00e1s doloroso de la pol\u00edtica de privatizaci\u00f3n de los servicios de salud y dijo que \u201cno puede haber nada m\u00e1s triste que eso\u201d.<\/p>\n<p>El Presidente reiter\u00f3 que uno de los objetivos de su administraci\u00f3n es eliminar la subrogaci\u00f3n de los servicios de salud porque afectaron a muchas familias y resalt\u00f3 que en ocasiones se olvida la tragedia.<\/p>\n<p>\u201cNos olvidamos y la amnesia es de lo peor, se dice a veces ni perd\u00f3n ni olvido, perd\u00f3n s\u00ed, olvido no. Y resulta que nos olvidamos pronto. Saben cu\u00e1l es el saldo m\u00e1s doloroso de la pol\u00edtica de privatizaci\u00f3n de los servicios de salud: la Guarder\u00eda ABC, no puede haber nada m\u00e1s triste que eso, por subrogar los servicios\u201d, dijo.<\/p>\n<p>\u201cCuando nosotros llegamos ya ten\u00edan subrogados tambi\u00e9n servicios de las estancias infantiles. \u00bfNo se acuerdan cu\u00e1nta oposici\u00f3n porque hab\u00edan creado un sistema de estancias infantiles en donde se entregaba dinero a los encargados de estancias infantiles en donde en casas particulares, en lugares no aptos se ten\u00eda a los ni\u00f1os y hubo toda una oposici\u00f3n en contra?\u201d, afirm\u00f3 el presidente.<\/p>\n<p>El presidente Andr\u00e9s Manuel L\u00f3pez Obrador record\u00f3 el caso de la muerte de 49 menores de edad, sucedido el 5 de junio de 2009 en la guarder\u00eda ABC, y critic\u00f3 la impunidad que existi\u00f3 para los responsables, que fueron vinculados a la entonces primera dama, Margarita Zavala, esposa del ex presidente Felipe Calder\u00f3n Hinojosa.<\/p>\n<p>Fue en la guarder\u00eda ABC de Hermosillo, Sonora donde adem\u00e1s de los 49 infantes fallecidos, 106 m\u00e1s resultaron heridos; sin embargo, ninguna autoridad de alto nivel enfrent\u00f3 un proceso judicial como el que pidieron los padres y madres de las v\u00edctimas, al exigir que se castigara a Daniel Karam y Juan Manuel Horcasitas, ex directores del Instituto Mexicano de Seguridad Social (IMSS), bajo cuyo mando se dieron las subrogaciones del servicio.<\/p>\n<p>El caso del que habl\u00f3 el mandatario es sobre la guarder\u00eda de la que eran due\u00f1os Marcia G\u00f3mez del Campo; prima de Margarita Zavala; adem\u00e1s de Sandra T\u00e9llez Nieves, Mar\u00eda Camou Guillot, Antonio Salido y Gildardo Urquides.<\/p>\n<p>Sin embarg\u00f3, los \u00fanicos castigados fueron: Carla Roch\u00edn, quien ese entonces se desempe\u00f1aba como coordinadora nacional de Guarder\u00edas y funcionarios menores del IMSS.<\/p>\n<p>El titular del Ejecutivo federal afirm\u00f3 que ahora el apoyo a las madres y padres que necesitan tener a sus hijos en guarder\u00edas, se entrega de manera directa para que sean ellos y ellas quienes decidan qu\u00e9 hacer con el recurso.<\/p>\n<p>Sin embargo, insisti\u00f3: \u201cdespu\u00e9s de ABC, en vez de decir, \u2018esto nunca m\u00e1s, nunca m\u00e1s\u2019, pas\u00f3 el tiempo, no s\u00f3lo no hubo justicia, sino que le siguieron con lo mismo, porque todo era negocio y era negocio arriba, desde luego los grandes negocios, pero tambi\u00e9n embarraban a sectores medios, familiares de funcionarios, nepotismo, concesiones, pervirtieron el gobierno, era un instrumento al servicio de la corrupci\u00f3n\u201d.<\/p>\n","protected":false},"excerpt":{"rendered":"<p>Andr\u00e9s Manuel L\u00f3pez Obrador calific\u00f3 la tragedia de la Guarder\u00eda ABC del 5 de junio de 2009\u00a0 como el saldo m\u00e1s doloroso de la pol\u00edtica de privatizaci\u00f3n de los servicios de salud y dijo que \u201cno puede haber nada m\u00e1s triste que eso\u201d.<\/p>\n","protected":false},"author":5,"featured_media":462242,"comment_status":"open","ping_status":"open","sticky":false,"template":"","format":"standard","meta":{"_monsterinsights_skip_tracking":false,"_monsterinsights_sitenote_active":false,"_monsterinsights_sitenote_note":"","_monsterinsights_sitenote_category":0,"footnotes":""},"categories":[3],"tags":[85879,2545,90416,90417,15268,81020,72216,68059,17520],"class_list":["post-462241","post","type-post","status-publish","format-standard","has-post-thumbnail","hentry","category-nacional","tag-abc","tag-amlo","tag-caso-abc","tag-elipe-calderon-hinojosa","tag-impunidad","tag-lopez-obrador","tag-margarita-zavala","tag-saldo","tag-tragedia"],"_links":{"self":[{"href":"https:\/\/www.diarioimagen.net\/index.php?rest_route=\/wp\/v2\/posts\/462241","targetHints":{"allow":["GET"]}}],"collection":[{"href":"https:\/\/www.diarioimagen.net\/index.php?rest_route=\/wp\/v2\/posts"}],"about":[{"href":"https:\/\/www.diarioimagen.net\/index.php?rest_route=\/wp\/v2\/types\/post"}],"author":[{"embeddable":true,"href":"https:\/\/www.diarioimagen.net\/index.php?rest_route=\/wp\/v2\/users\/5"}],"replies":[{"embeddable":true,"href":"https:\/\/www.diarioimagen.net\/index.php?rest_route=%2Fwp%2Fv2%2Fcomments&post=462241"}],"version-history":[{"count":0,"href":"https:\/\/www.diarioimagen.net\/index.php?rest_route=\/wp\/v2\/posts\/462241\/revisions"}],"wp:featuredmedia":[{"embeddable":true,"href":"https:\/\/www.diarioimagen.net\/index.php?rest_route=\/wp\/v2\/media\/462242"}],"wp:attachment":[{"href":"https:\/\/www.diarioimagen.net\/index.php?rest_route=%2Fwp%2Fv2%2Fmedia&parent=462241"}],"wp:term":[{"taxonomy":"category","embeddable":true,"href":"https:\/\/www.diarioimagen.net\/index.php?rest_route=%2Fwp%2Fv2%2Fcategories&post=462241"},{"taxonomy":"post_tag","embeddable":true,"href":"https:\/\/www.diarioimagen.net\/index.php?rest_route=%2Fwp%2Fv2%2Ftags&post=462241"}],"curies":[{"name":"wp","href":"https:\/\/api.w.org\/{rel}","templated":true}]}}