{"id":462279,"date":"2020-03-04T00:05:57","date_gmt":"2020-03-04T06:05:57","guid":{"rendered":"https:\/\/www.diarioimagen.net\/?p=462279"},"modified":"2020-03-04T01:04:36","modified_gmt":"2020-03-04T07:04:36","slug":"la-uaem-no-es-mudo-testigo-de-la-violencia-de-genero-alfredo-barrera","status":"publish","type":"post","link":"https:\/\/www.diarioimagen.net\/?p=462279","title":{"rendered":"La UAEM no es mudo testigo de la violencia de g\u00e9nero: Alfredo Barrera"},"content":{"rendered":"<ul>\n<li><strong><em>Convoca a la unidad, el di\u00e1logo razonable y la denuncia formal<\/em><\/strong><\/li>\n<\/ul>\n<p>&nbsp;<\/p>\n<p>&nbsp;<\/p>\n<p><strong>Toluca, Estado de M\u00e9xico<\/strong>.\u2013 La Universidad Aut\u00f3noma del Estado de M\u00e9xico no es mudo testigo de la violencia de g\u00e9nero; respalda todas y cada una de las denuncias formales y trabaja en estrategias de reforma de su normatividad, de reforma en el trato, lenguaje y din\u00e1mica de relaci\u00f3n comunitaria, lo cual solo puede hacerse desde la unidad, sostuvo el rector Alfredo Barrera Baca.<\/p>\n<p>Durante su mensaje a la comunidad universitaria con motivo del tercer informe de actividades de la administraci\u00f3n 2017-2021 de la UAEM, el rector asever\u00f3 que \u201clos comportamientos que lastiman y da\u00f1an la dignidad y la vida deben ser erradicados y dejar su lugar a nuevas comprensiones y formas de relacionarnos: m\u00e1s justas, amorosas y responsables; para ello, necesitamos un cambio profundo, necesitamos reeducarnos todos y todas\u201d.<\/p>\n<p>Llam\u00f3 a los universitarios a escucharse y militar en la causa de la tolerancia. \u201cEsto no quiere decir que debamos olvidar los delitos o las conductas indebidas, simplemente debemos recordar que las leyes y nuestra normatividad est\u00e1n hechas precisamente para evitar la violencia y garantizar un clima de respeto y justicia\u201d.<\/p>\n<p>Por ello, subray\u00f3 Barrera Baca, desde 2018 separamos de su cargo a 16 maestros involucrados en denuncias graves y cuatro m\u00e1s renunciaron por la verg\u00fcenza de su p\u00e9sima conducta.<\/p>\n<p>Inform\u00f3 que ante la oleada de reclamos contra la violencia de g\u00e9nero detonados por loocurrido en la Facultad de Ciencias de la Conducta, \u201chemos respondido como los universitarios lo sabemos hacer, escuchando con atenci\u00f3n, abriendo canales de di\u00e1logo, atendiendo las leg\u00edtimas demandas de las comunidades universitarias y actuando contra los acosadores\u201d.<\/p>\n<p>Por ello, inform\u00f3, hasta el viernes 28 de febrero, cumplimos seis despidos, siete suspensiones, cuatro denuncias ante el Ministerio P\u00fablico y una reuni\u00f3n con la polic\u00eda cibern\u00e9tica.<\/p>\n<p>Abund\u00f3 que de las protestas expresadas mediante los tendederos o en las asambleas se han recabado 107 exigencias de atenci\u00f3n sobre violencia de g\u00e9nero; de ellas, 49 se\u00f1alan el nombre de personas en particular o en colectivo y sobre las cuales, en los pr\u00f3ximos d\u00edas, se dar\u00e1n a conocer las decisiones, acordes a la gravedad de cada una de las demandas.<\/p>\n<p>Adem\u00e1s, puntualiz\u00f3, brindaremos acompa\u00f1amiento y atenci\u00f3n psicol\u00f3gica a las alumnas afectadas, con la finalidad de que superen sus afecciones y conviertan su indignaci\u00f3n en soluciones legales que garanticen su seguridad e integridad en los espacios universitarios.<\/p>\n<p>Alfredo Barrera Baca convoc\u00f3a la comunidad de la Universidad Aut\u00f3noma del Estado de M\u00e9xico a la unidad, el di\u00e1logo razonable y la denuncia formal, antes que al linchamiento an\u00f3nimo, la fractura y el choque.<\/p>\n<p>\u201cComo universitarias y universitarios, nos manifestamos dispuestos a transformar ese orden desde su ra\u00edz, pero no podemos hacerlo desde la fragmentaci\u00f3n y la confrontaci\u00f3n, porque necesitamos perseverar en el di\u00e1logo para conocer y comprender nuestros problemas y su dimensi\u00f3n, y ese di\u00e1logo, franco y honesto, solo puede ocurrir desde la confianza y el respeto\u201d.<\/p>\n<p>&nbsp;<\/p>\n<blockquote>\n<h3 style=\"text-align: center;\">Pliego petitorio de la Facultad de Medicina<\/h3>\n<p>&nbsp;<\/p>\n<p><a href=\"https:\/\/www.diarioimagen.net\/?attachment_id=462360\" rel=\"attachment wp-att-462360\"><img loading=\"lazy\" decoding=\"async\" class=\"aligncenter  wp-image-462360\" src=\"https:\/\/www.diarioimagen.net\/wp-content\/uploads\/2020\/03\/UAEM-4-460x259.jpg\" alt=\"\" width=\"442\" height=\"249\" srcset=\"https:\/\/www.diarioimagen.net\/wp-content\/uploads\/2020\/03\/UAEM-4-460x259.jpg 460w, https:\/\/www.diarioimagen.net\/wp-content\/uploads\/2020\/03\/UAEM-4-240x135.jpg 240w, https:\/\/www.diarioimagen.net\/wp-content\/uploads\/2020\/03\/UAEM-4-235x132.jpg 235w, https:\/\/www.diarioimagen.net\/wp-content\/uploads\/2020\/03\/UAEM-4-202x114.jpg 202w, https:\/\/www.diarioimagen.net\/wp-content\/uploads\/2020\/03\/UAEM-4-350x196.jpg 350w, https:\/\/www.diarioimagen.net\/wp-content\/uploads\/2020\/03\/UAEM-4-220x123.jpg 220w, https:\/\/www.diarioimagen.net\/wp-content\/uploads\/2020\/03\/UAEM-4.jpg 480w\" sizes=\"auto, (max-width: 442px) 100vw, 442px\" \/><\/a><\/p>\n<p>&nbsp;<\/p>\n<p>Alrededor de 350 alumnos de la Facultad de Medicina que marcharon de la sede de este organismo universitario al Edificio de Rector\u00eda entregaron a autoridades de la Universidad Aut\u00f3noma del Estado de M\u00e9xico un pliego petitorio en el que solicitan la atenci\u00f3n por parte de la instituci\u00f3n de los casos de violencia de g\u00e9nero denunciados por alumnas, as\u00ed como el reforzamiento de las medidas de seguridad a su favor.<\/p><\/blockquote>\n","protected":false},"excerpt":{"rendered":"<p>La Universidad Aut\u00f3noma del Estado de M\u00e9xico no es mudo testigo de la violencia de g\u00e9nero; respalda todas y cada una de las denuncias formales y trabaja en estrategias de reforma de su normatividad, de reforma en el trato, lenguaje y din\u00e1mica de relaci\u00f3n comunitaria, lo cual solo puede hacerse desde la unidad, sostuvo el rector Alfredo Barrera Baca.<\/p>\n","protected":false},"author":3,"featured_media":462360,"comment_status":"open","ping_status":"open","sticky":false,"template":"","format":"standard","meta":{"_monsterinsights_skip_tracking":false,"_monsterinsights_sitenote_active":false,"_monsterinsights_sitenote_note":"","_monsterinsights_sitenote_category":0,"footnotes":""},"categories":[5],"tags":[58572,1490],"class_list":["post-462279","post","type-post","status-publish","format-standard","has-post-thumbnail","hentry","category-estado-de-mexico","tag-alfredo-barrera-baca","tag-universidad-autonoma-del-estado-de-mexico"],"_links":{"self":[{"href":"https:\/\/www.diarioimagen.net\/index.php?rest_route=\/wp\/v2\/posts\/462279","targetHints":{"allow":["GET"]}}],"collection":[{"href":"https:\/\/www.diarioimagen.net\/index.php?rest_route=\/wp\/v2\/posts"}],"about":[{"href":"https:\/\/www.diarioimagen.net\/index.php?rest_route=\/wp\/v2\/types\/post"}],"author":[{"embeddable":true,"href":"https:\/\/www.diarioimagen.net\/index.php?rest_route=\/wp\/v2\/users\/3"}],"replies":[{"embeddable":true,"href":"https:\/\/www.diarioimagen.net\/index.php?rest_route=%2Fwp%2Fv2%2Fcomments&post=462279"}],"version-history":[{"count":0,"href":"https:\/\/www.diarioimagen.net\/index.php?rest_route=\/wp\/v2\/posts\/462279\/revisions"}],"wp:featuredmedia":[{"embeddable":true,"href":"https:\/\/www.diarioimagen.net\/index.php?rest_route=\/wp\/v2\/media\/462360"}],"wp:attachment":[{"href":"https:\/\/www.diarioimagen.net\/index.php?rest_route=%2Fwp%2Fv2%2Fmedia&parent=462279"}],"wp:term":[{"taxonomy":"category","embeddable":true,"href":"https:\/\/www.diarioimagen.net\/index.php?rest_route=%2Fwp%2Fv2%2Fcategories&post=462279"},{"taxonomy":"post_tag","embeddable":true,"href":"https:\/\/www.diarioimagen.net\/index.php?rest_route=%2Fwp%2Fv2%2Ftags&post=462279"}],"curies":[{"name":"wp","href":"https:\/\/api.w.org\/{rel}","templated":true}]}}