{"id":462292,"date":"2020-03-04T00:04:27","date_gmt":"2020-03-04T06:04:27","guid":{"rendered":"https:\/\/www.diarioimagen.net\/?p=462292"},"modified":"2020-03-04T01:14:56","modified_gmt":"2020-03-04T07:14:56","slug":"acuden-en-naucalpan-mas-de-44-mil-a-la-exposicion-la-gran-fuerza-de-mexico","status":"publish","type":"post","link":"https:\/\/www.diarioimagen.net\/?p=462292","title":{"rendered":"Acuden en Naucalpan m\u00e1s de 44 mil a la exposici\u00f3n La Gran Fuerza de M\u00e9xico"},"content":{"rendered":"<ul>\n<li><strong><em>Exposici\u00f3n militar en el Parque Naucalli<\/em><\/strong><\/li>\n<\/ul>\n<p>&nbsp;<\/p>\n<div id=\"attachment_462372\" style=\"width: 470px\" class=\"wp-caption aligncenter\"><a href=\"https:\/\/www.diarioimagen.net\/?attachment_id=462372\" rel=\"attachment wp-att-462372\"><img loading=\"lazy\" decoding=\"async\" aria-describedby=\"caption-attachment-462372\" class=\"size-large wp-image-462372\" src=\"https:\/\/www.diarioimagen.net\/wp-content\/uploads\/2020\/03\/naucalpan-1-460x259.jpg\" alt=\"\" width=\"460\" height=\"259\" srcset=\"https:\/\/www.diarioimagen.net\/wp-content\/uploads\/2020\/03\/naucalpan-1-460x259.jpg 460w, https:\/\/www.diarioimagen.net\/wp-content\/uploads\/2020\/03\/naucalpan-1-240x135.jpg 240w, https:\/\/www.diarioimagen.net\/wp-content\/uploads\/2020\/03\/naucalpan-1-235x132.jpg 235w, https:\/\/www.diarioimagen.net\/wp-content\/uploads\/2020\/03\/naucalpan-1-202x114.jpg 202w, https:\/\/www.diarioimagen.net\/wp-content\/uploads\/2020\/03\/naucalpan-1-350x196.jpg 350w, https:\/\/www.diarioimagen.net\/wp-content\/uploads\/2020\/03\/naucalpan-1-220x123.jpg 220w, https:\/\/www.diarioimagen.net\/wp-content\/uploads\/2020\/03\/naucalpan-1-237x132.jpg 237w, https:\/\/www.diarioimagen.net\/wp-content\/uploads\/2020\/03\/naucalpan-1.jpg 480w\" sizes=\"auto, (max-width: 460px) 100vw, 460px\" \/><\/a><p id=\"caption-attachment-462372\" class=\"wp-caption-text\">El secretario de Gobierno, Mauricio Aguirre Lozano, agradeci\u00f3 la colaboraci\u00f3n de la Sedena por el acercamiento con la poblaci\u00f3n en este tipo de exposiciones, como \u201cLa gran fuerza de M\u00e9xico\u201d.<\/p><\/div>\n<p>&nbsp;<\/p>\n<p><strong>Naucalpan, Estado de M\u00e9xico<\/strong>.- Luego de 23 d\u00edas de exposici\u00f3n en este municipio, concluy\u00f3 la muestra fotogr\u00e1fica y militar \u201cLa gran fuerza de M\u00e9xico\u201d. M\u00e1s de 44 mil visitantes acudieron al Parque Naucalli para apreciar el trabajo diario que el Ej\u00e9rcito Mexicano realiza en tierra, mar y aire.<\/p>\n<p>En representaci\u00f3n de la presidenta municipal, Patricia Dur\u00e1n Reveles, el secretario de Gobierno, Mauricio Aguirre Lozano, agradeci\u00f3 la colaboraci\u00f3n de la Secretar\u00eda de la Defensa Nacional y al secretario, General Luis Cresencio Sandoval, por el acercamiento con la poblaci\u00f3n en este tipo de exposiciones.<\/p>\n<p>\u201cLa Secretar\u00eda de la Defensa Nacional y el Gobierno Municipal de Naucalpan han trabajado de la mano desde el primer d\u00eda de esta Administraci\u00f3n. El prop\u00f3sito de nuestra Presidenta Municipal, Patricia Dur\u00e1n, es que la ciudadan\u00eda reencuentre ese v\u00ednculo de percepci\u00f3n positiva de lo que representa para nosotros el Ej\u00e9rcito Mexicano.<\/p>\n<p>\u201cLas y los naucalpenses agradecemos las tareas de labor social y tambi\u00e9n las tareas de intervenci\u00f3n en el Plan DN-III. Las y los mexicanos estamos profundamente orgullosos de tener un Ej\u00e9rcito humano, cercano, sensible a las necesidades de la ciudadan\u00eda\u201d, dijo Aguirre Lozano.<\/p>\n<p>El General de Brigada Diplomado del Estado Mayor, C\u00e9sar Augusto Bonilla Orozco, comandante de la 37 Zona Militar, clausur\u00f3 la exposici\u00f3n militar y fotogr\u00e1fica.<\/p>\n<p>\u201cLa ciudadan\u00eda interactu\u00f3 con el personal y de manera muy especial con los j\u00f3venes y los ni\u00f1os que lo disfrutaron plenamente.<\/p>\n<p>\u201cAgradecemos todas las muestras de afecto. Ello nos motiva a seguir cumpliendo nuestro compromiso de fortalecer la convivencia con el pueblo de M\u00e9xico y sus Fuerzas Armadas\u201d, expres\u00f3 Bonilla Orozco.<\/p>\n<p>Por su parte, Sergio Hernando Ch\u00e1vez Garc\u00eda, subsecretario de la Polic\u00eda del Estado de M\u00e9xico y representante del gobernador Alfredo del Mazo, rescat\u00f3 los esfuerzos de proximidad entre ciudadan\u00eda y militares con este tipo de muestras.<\/p>\n<p>Como parte de las actividades, en las rejas del Parque Naucalli se colocaron 200 fotograf\u00edas que exponen las diversas tareas de los soldados mexicanos. Los visitantes tuvieron la oportunidad de recorrer estands de artiller\u00eda, planteles militares, paracaidistas y apreciar la exhibici\u00f3n de adiestramiento canino y veh\u00edculos militares, entre ellos, un helic\u00f3ptero y una avioneta.<\/p>\n<p>A la clausura, tambi\u00e9n asisti\u00f3 el General Brigadier del Estado Mayor, Gilberto Valladares Vel\u00e1zquez, Jefe del Estado Mayor de la Vig\u00e9simo Segunda Zona Militar, y la subdirectora general del Parque Nuaucalli, Azucena Silva Ocadiz.<\/p>\n","protected":false},"excerpt":{"rendered":"<p>Luego de 23 d\u00edas de exposici\u00f3n en este municipio, concluy\u00f3 la muestra fotogr\u00e1fica y militar \u201cLa gran fuerza de M\u00e9xico\u201d. M\u00e1s de 44 mil visitantes acudieron al Parque Naucalli para apreciar el trabajo diario que el Ej\u00e9rcito Mexicano realiza en tierra, mar y aire.<\/p>\n","protected":false},"author":3,"featured_media":462372,"comment_status":"open","ping_status":"open","sticky":false,"template":"","format":"standard","meta":{"_monsterinsights_skip_tracking":false,"_monsterinsights_sitenote_active":false,"_monsterinsights_sitenote_note":"","_monsterinsights_sitenote_category":0,"footnotes":""},"categories":[5],"tags":[43675,90427,970],"class_list":["post-462292","post","type-post","status-publish","format-standard","has-post-thumbnail","hentry","category-estado-de-mexico","tag-estado-de-mexico","tag-la-gran-fuerza-de-mexico","tag-naucalpan"],"_links":{"self":[{"href":"https:\/\/www.diarioimagen.net\/index.php?rest_route=\/wp\/v2\/posts\/462292","targetHints":{"allow":["GET"]}}],"collection":[{"href":"https:\/\/www.diarioimagen.net\/index.php?rest_route=\/wp\/v2\/posts"}],"about":[{"href":"https:\/\/www.diarioimagen.net\/index.php?rest_route=\/wp\/v2\/types\/post"}],"author":[{"embeddable":true,"href":"https:\/\/www.diarioimagen.net\/index.php?rest_route=\/wp\/v2\/users\/3"}],"replies":[{"embeddable":true,"href":"https:\/\/www.diarioimagen.net\/index.php?rest_route=%2Fwp%2Fv2%2Fcomments&post=462292"}],"version-history":[{"count":0,"href":"https:\/\/www.diarioimagen.net\/index.php?rest_route=\/wp\/v2\/posts\/462292\/revisions"}],"wp:featuredmedia":[{"embeddable":true,"href":"https:\/\/www.diarioimagen.net\/index.php?rest_route=\/wp\/v2\/media\/462372"}],"wp:attachment":[{"href":"https:\/\/www.diarioimagen.net\/index.php?rest_route=%2Fwp%2Fv2%2Fmedia&parent=462292"}],"wp:term":[{"taxonomy":"category","embeddable":true,"href":"https:\/\/www.diarioimagen.net\/index.php?rest_route=%2Fwp%2Fv2%2Fcategories&post=462292"},{"taxonomy":"post_tag","embeddable":true,"href":"https:\/\/www.diarioimagen.net\/index.php?rest_route=%2Fwp%2Fv2%2Ftags&post=462292"}],"curies":[{"name":"wp","href":"https:\/\/api.w.org\/{rel}","templated":true}]}}