{"id":462295,"date":"2020-03-04T00:01:25","date_gmt":"2020-03-04T06:01:25","guid":{"rendered":"https:\/\/www.diarioimagen.net\/?p=462295"},"modified":"2020-03-04T01:17:01","modified_gmt":"2020-03-04T07:17:01","slug":"en-cuautitlan-izcalli-festejan-dia-de-la-familia","status":"publish","type":"post","link":"https:\/\/www.diarioimagen.net\/?p=462295","title":{"rendered":"En Cuautitl\u00e1n Izcalli festejan D\u00eda de la Familia"},"content":{"rendered":"<p><a href=\"https:\/\/www.diarioimagen.net\/?attachment_id=462378\" rel=\"attachment wp-att-462378\"><img loading=\"lazy\" decoding=\"async\" class=\"aligncenter size-large wp-image-462378\" src=\"https:\/\/www.diarioimagen.net\/wp-content\/uploads\/2020\/03\/izcalli-460x259.jpg\" alt=\"\" width=\"460\" height=\"259\" srcset=\"https:\/\/www.diarioimagen.net\/wp-content\/uploads\/2020\/03\/izcalli-460x259.jpg 460w, https:\/\/www.diarioimagen.net\/wp-content\/uploads\/2020\/03\/izcalli-240x135.jpg 240w, https:\/\/www.diarioimagen.net\/wp-content\/uploads\/2020\/03\/izcalli-235x132.jpg 235w, https:\/\/www.diarioimagen.net\/wp-content\/uploads\/2020\/03\/izcalli-202x114.jpg 202w, https:\/\/www.diarioimagen.net\/wp-content\/uploads\/2020\/03\/izcalli-350x196.jpg 350w, https:\/\/www.diarioimagen.net\/wp-content\/uploads\/2020\/03\/izcalli-220x123.jpg 220w, https:\/\/www.diarioimagen.net\/wp-content\/uploads\/2020\/03\/izcalli-237x132.jpg 237w, https:\/\/www.diarioimagen.net\/wp-content\/uploads\/2020\/03\/izcalli.jpg 480w\" sizes=\"auto, (max-width: 460px) 100vw, 460px\" \/><\/a><\/p>\n<p>&nbsp;<\/p>\n<p><strong>Cuautitl\u00e1n Izcalli, Estado de M\u00e9xico.<\/strong><strong>&#8211;<\/strong> En un ambiente de armon\u00eda y diversi\u00f3n, el presidente municipal, Ricardo N\u00fa\u00f1ez Ayala en compa\u00f1\u00eda con su esposa Micaela Alvarado Jim\u00e9nez, presidenta del Sistema DIF Municipal festejaron el D\u00eda de la Familia en el Parque de las Esculturas.<\/p>\n<p>Durante su intervenci\u00f3n ante las familias, Alvarado Jim\u00e9nez destac\u00f3 la importancia de rescatar los valores de la familia y la atenci\u00f3n fundamental que se debe poner a ni\u00f1os, ni\u00f1as y adolescentes ya que son el futuro de M\u00e9xico.<\/p>\n<p>Con la finalidad de que las familias izcallenses pasar\u00e1n un rato agradable, el grupo Recordar es Vivir y Grupo Ruise\u00f1or del CAAM Lirios deleitaron con m\u00fasica y bailables, as\u00ed como la participaci\u00f3n de Norma Itzel Fabela, quien deleit\u00f3 al p\u00fablico con canciones que pusieron a cantar y a bailar a todos.<\/p>\n","protected":false},"excerpt":{"rendered":"<p>En un ambiente de armon\u00eda y diversi\u00f3n, el presidente municipal, Ricardo N\u00fa\u00f1ez Ayala en compa\u00f1\u00eda con su esposa Micaela Alvarado Jim\u00e9nez, presidenta del Sistema DIF Municipal festejaron el D\u00eda de la Familia en el Parque de las Esculturas.<\/p>\n","protected":false},"author":3,"featured_media":462378,"comment_status":"open","ping_status":"open","sticky":false,"template":"","format":"standard","meta":{"_monsterinsights_skip_tracking":false,"_monsterinsights_sitenote_active":false,"_monsterinsights_sitenote_note":"","_monsterinsights_sitenote_category":0,"footnotes":""},"categories":[5],"tags":[971,3376,43675],"class_list":["post-462295","post","type-post","status-publish","format-standard","has-post-thumbnail","hentry","category-estado-de-mexico","tag-cuautitlan-izcalli","tag-dia-de-la-familia","tag-estado-de-mexico"],"_links":{"self":[{"href":"https:\/\/www.diarioimagen.net\/index.php?rest_route=\/wp\/v2\/posts\/462295","targetHints":{"allow":["GET"]}}],"collection":[{"href":"https:\/\/www.diarioimagen.net\/index.php?rest_route=\/wp\/v2\/posts"}],"about":[{"href":"https:\/\/www.diarioimagen.net\/index.php?rest_route=\/wp\/v2\/types\/post"}],"author":[{"embeddable":true,"href":"https:\/\/www.diarioimagen.net\/index.php?rest_route=\/wp\/v2\/users\/3"}],"replies":[{"embeddable":true,"href":"https:\/\/www.diarioimagen.net\/index.php?rest_route=%2Fwp%2Fv2%2Fcomments&post=462295"}],"version-history":[{"count":0,"href":"https:\/\/www.diarioimagen.net\/index.php?rest_route=\/wp\/v2\/posts\/462295\/revisions"}],"wp:featuredmedia":[{"embeddable":true,"href":"https:\/\/www.diarioimagen.net\/index.php?rest_route=\/wp\/v2\/media\/462378"}],"wp:attachment":[{"href":"https:\/\/www.diarioimagen.net\/index.php?rest_route=%2Fwp%2Fv2%2Fmedia&parent=462295"}],"wp:term":[{"taxonomy":"category","embeddable":true,"href":"https:\/\/www.diarioimagen.net\/index.php?rest_route=%2Fwp%2Fv2%2Fcategories&post=462295"},{"taxonomy":"post_tag","embeddable":true,"href":"https:\/\/www.diarioimagen.net\/index.php?rest_route=%2Fwp%2Fv2%2Ftags&post=462295"}],"curies":[{"name":"wp","href":"https:\/\/api.w.org\/{rel}","templated":true}]}}