{"id":462297,"date":"2020-03-04T00:03:29","date_gmt":"2020-03-04T06:03:29","guid":{"rendered":"https:\/\/www.diarioimagen.net\/?p=462297"},"modified":"2020-03-04T01:19:11","modified_gmt":"2020-03-04T07:19:11","slug":"en-tultepec-exhiben-muestra-fotografica-suenos-de-fuego-en-galeria-del-kiosco","status":"publish","type":"post","link":"https:\/\/www.diarioimagen.net\/?p=462297","title":{"rendered":"En Tultepec exhiben muestra fotogr\u00e1fica \u201cSue\u00f1os de Fuego\u201d en galer\u00eda del kiosco"},"content":{"rendered":"<ul>\n<li><strong><em>Feria Internacional de la Pirotecnia 2020<\/em><\/strong><\/li>\n<\/ul>\n<p>&nbsp;<\/p>\n<div id=\"attachment_462381\" style=\"width: 470px\" class=\"wp-caption aligncenter\"><a href=\"https:\/\/www.diarioimagen.net\/?attachment_id=462381\" rel=\"attachment wp-att-462381\"><img loading=\"lazy\" decoding=\"async\" aria-describedby=\"caption-attachment-462381\" class=\"size-large wp-image-462381\" src=\"https:\/\/www.diarioimagen.net\/wp-content\/uploads\/2020\/03\/TULTEPEC-1-460x259.jpg\" alt=\"\" width=\"460\" height=\"259\" srcset=\"https:\/\/www.diarioimagen.net\/wp-content\/uploads\/2020\/03\/TULTEPEC-1-460x259.jpg 460w, https:\/\/www.diarioimagen.net\/wp-content\/uploads\/2020\/03\/TULTEPEC-1-240x135.jpg 240w, https:\/\/www.diarioimagen.net\/wp-content\/uploads\/2020\/03\/TULTEPEC-1-235x132.jpg 235w, https:\/\/www.diarioimagen.net\/wp-content\/uploads\/2020\/03\/TULTEPEC-1-202x114.jpg 202w, https:\/\/www.diarioimagen.net\/wp-content\/uploads\/2020\/03\/TULTEPEC-1-350x196.jpg 350w, https:\/\/www.diarioimagen.net\/wp-content\/uploads\/2020\/03\/TULTEPEC-1-220x123.jpg 220w, https:\/\/www.diarioimagen.net\/wp-content\/uploads\/2020\/03\/TULTEPEC-1-237x132.jpg 237w, https:\/\/www.diarioimagen.net\/wp-content\/uploads\/2020\/03\/TULTEPEC-1.jpg 480w\" sizes=\"auto, (max-width: 460px) 100vw, 460px\" \/><\/a><p id=\"caption-attachment-462381\" class=\"wp-caption-text\">Inauguraron la muestra fotogr\u00e1fica\u00a0Sue\u00f1os de Fuego, en la Galer\u00eda del Kiosco, que capta la realidad que acompa\u00f1a la vida cotidiana y festiva de Tultepec.<\/p><\/div>\n<p>&nbsp;<\/p>\n<p><strong>Tultepec, Estado de M\u00e9xico<\/strong>.- A s\u00f3lo unos d\u00edas del inicio de la\u00a0Feria Internacional de la Pirotecnia 2020,\u00a0autoridades de Tultepec inauguraron la muestra fotogr\u00e1fica\u00a0Sue\u00f1os de Fuego, en la Galer\u00eda del Kiosco, que capta la realidad que acompa\u00f1a la vida cotidiana y festiva de Tultepec a trav\u00e9s de cinco miradas distintas y \u00fanicas de diferentes momentos que hacen de esta manifestaci\u00f3n \u00fanica de Pirotecnia m\u00e1s importante de M\u00e9xico y de Am\u00e9rica Latina<\/p>\n<p>La muestra est\u00e1 conformada de m\u00e1s de 60 fotograf\u00edas del colectivo Luz y Arte, integrado por Jerry Mu\u00f1oz, Jos\u00e9 Manuel Mart\u00ednez, Luis Miranda, Miguel \u00c1ngel Salgado y Christian Gonz\u00e1lez; grupo de fot\u00f3grafos mexicanos que comparten el gusto de plasmar historias, paisajes, personajes y colores a trav\u00e9s de la fotograf\u00eda como testigo de las tradiciones en M\u00e9xico.<\/p>\n<p>Este gusto los ha llevado a fotografiar los m\u00e1s diversos festivales y celebraciones populares en M\u00e9xico, como las celebraciones el 12 de diciembre en la Bas\u00edlica de Guadalupe, los Chinelos de Tepoztl\u00e1n y la Feria Internacional de la Pirotecnia en Tultepec, en donde cada a\u00f1o, se disfruta de una serie de espect\u00e1culos llenos de luces, fuego, color y estruendo como ning\u00fan otro.<\/p>\n<p>Desde su nacimiento, la fotograf\u00eda forma parte de la vida cotidiana y tan incorporada en la vida social que, a fuerza de verla, nadie se percata de ello. En Sue\u00f1os de Fuga, el poder de la fotograf\u00eda para reproducir con exactitud la realidad exterior la dota de un car\u00e1cter documental y la presenta como el procedimiento para reproducir la vida social de la forma m\u00e1s fiel e imparcial.<\/p>\n<p>La muestra pretende establecer un di\u00e1logo entre ellas mismas, encontrar un hilo conductor que genere una conversaci\u00f3n, fomentar la interacci\u00f3n con el p\u00fablico de la exposici\u00f3n y provocar el descubrimiento de elementos comunes entre ellas, as\u00ed como los detalles que las hacen diferentes y \u00fanicas, plasmando as\u00ed en el p\u00fablico, las diferentes miradas de los fot\u00f3grafos y los momentos llenos de color y luz que han captado.<\/p>\n<p>De esta forma, la administraci\u00f3n 2019-2021, refrenda su compromiso con la cultura y la educaci\u00f3n, al impulsar de manera decidida el desarrollo de la galer\u00eda ubicada en el kiosco municipal como el espacio ideal para la promoci\u00f3n de las manifestaciones art\u00edsticas de toda la ciudadan\u00eda de Tultepec.<\/p>\n<p>La exposici\u00f3n\u00a0Sue\u00f1os de Fuego, permanecer\u00e1 abierta al p\u00fablico en la Galer\u00eda del Kiosco, de lunes a viernes de 9 a 18 horas de lunes a viernes y s\u00e1bados de 9 a 13 horas, del 26 de febrero al 24 de marzo de 2020.<\/p>\n<p>En la inauguraci\u00f3n estuvieron presentes adem\u00e1s de los expositores, Santiago L\u00f3pez Becerra, director de Educaci\u00f3n y Cultura, Rodolfo Valencia Caballero, Coordinador de la Casa de Cultura de Tultepec, Mauricio Solano, de la misma dependencia y Juana Antonieta Z\u00fa\u00f1iga Urb\u00e1n, Cronista Municipal, Marisela Hern\u00e1ndez Urb\u00e1n, titular del Instituto Municipal de la Mujer, as\u00ed como Laila Z\u00fa\u00f1iga Urb\u00e1n y Teresa Sandoval Meneses, 9\u00aa y 10\u00aa regidoras respectivamente.<\/p>\n","protected":false},"excerpt":{"rendered":"<p>A s\u00f3lo unos d\u00edas del inicio de la\u00a0Feria Internacional de la Pirotecnia 2020,\u00a0autoridades de Tultepec inauguraron la muestra fotogr\u00e1fica\u00a0Sue\u00f1os de Fuego, en la Galer\u00eda del Kiosco, que capta la realidad que acompa\u00f1a la vida cotidiana y festiva de Tultepec a trav\u00e9s de cinco miradas distintas y \u00fanicas de diferentes momentos que hacen de esta manifestaci\u00f3n \u00fanica de Pirotecnia m\u00e1s importante de M\u00e9xico y de Am\u00e9rica Latina<\/p>\n","protected":false},"author":3,"featured_media":462381,"comment_status":"open","ping_status":"open","sticky":false,"template":"","format":"standard","meta":{"_monsterinsights_skip_tracking":false,"_monsterinsights_sitenote_active":false,"_monsterinsights_sitenote_note":"","_monsterinsights_sitenote_category":0,"footnotes":""},"categories":[5],"tags":[43675,90429,90428,3802],"class_list":["post-462297","post","type-post","status-publish","format-standard","has-post-thumbnail","hentry","category-estado-de-mexico","tag-estado-de-mexico","tag-kiosco","tag-suenos-de-fuego","tag-tultepec"],"_links":{"self":[{"href":"https:\/\/www.diarioimagen.net\/index.php?rest_route=\/wp\/v2\/posts\/462297","targetHints":{"allow":["GET"]}}],"collection":[{"href":"https:\/\/www.diarioimagen.net\/index.php?rest_route=\/wp\/v2\/posts"}],"about":[{"href":"https:\/\/www.diarioimagen.net\/index.php?rest_route=\/wp\/v2\/types\/post"}],"author":[{"embeddable":true,"href":"https:\/\/www.diarioimagen.net\/index.php?rest_route=\/wp\/v2\/users\/3"}],"replies":[{"embeddable":true,"href":"https:\/\/www.diarioimagen.net\/index.php?rest_route=%2Fwp%2Fv2%2Fcomments&post=462297"}],"version-history":[{"count":0,"href":"https:\/\/www.diarioimagen.net\/index.php?rest_route=\/wp\/v2\/posts\/462297\/revisions"}],"wp:featuredmedia":[{"embeddable":true,"href":"https:\/\/www.diarioimagen.net\/index.php?rest_route=\/wp\/v2\/media\/462381"}],"wp:attachment":[{"href":"https:\/\/www.diarioimagen.net\/index.php?rest_route=%2Fwp%2Fv2%2Fmedia&parent=462297"}],"wp:term":[{"taxonomy":"category","embeddable":true,"href":"https:\/\/www.diarioimagen.net\/index.php?rest_route=%2Fwp%2Fv2%2Fcategories&post=462297"},{"taxonomy":"post_tag","embeddable":true,"href":"https:\/\/www.diarioimagen.net\/index.php?rest_route=%2Fwp%2Fv2%2Ftags&post=462297"}],"curies":[{"name":"wp","href":"https:\/\/api.w.org\/{rel}","templated":true}]}}