{"id":462338,"date":"2020-03-04T00:12:19","date_gmt":"2020-03-04T06:12:19","guid":{"rendered":"https:\/\/www.diarioimagen.net\/?p=462338"},"modified":"2020-03-04T00:30:59","modified_gmt":"2020-03-04T06:30:59","slug":"yeidckol-estuvo-siempre-presente-en-el-encuentro-de-54-senadores-de-morena-con-su-nuevo-dirigente","status":"publish","type":"post","link":"https:\/\/www.diarioimagen.net\/?p=462338","title":{"rendered":"Yeidckol estuvo siempre presente en el encuentro de 54 senadores de Morena con su nuevo dirigente"},"content":{"rendered":"<h2>Tras la puerta del poder<\/h2>\n<h5>Roberto Vizca\u00edno<\/h5>\n<p>&nbsp;<\/p>\n<div id=\"attachment_462349\" style=\"width: 470px\" class=\"wp-caption aligncenter\"><a href=\"https:\/\/www.diarioimagen.net\/?attachment_id=462349\" rel=\"attachment wp-att-462349\"><img loading=\"lazy\" decoding=\"async\" aria-describedby=\"caption-attachment-462349\" class=\"size-large wp-image-462349\" src=\"https:\/\/www.diarioimagen.net\/wp-content\/uploads\/2020\/03\/el-censo-de-ahora-LUIS-XAVIER-460x355.jpg\" alt=\"\" width=\"460\" height=\"355\" srcset=\"https:\/\/www.diarioimagen.net\/wp-content\/uploads\/2020\/03\/el-censo-de-ahora-LUIS-XAVIER-460x355.jpg 460w, https:\/\/www.diarioimagen.net\/wp-content\/uploads\/2020\/03\/el-censo-de-ahora-LUIS-XAVIER-240x185.jpg 240w, https:\/\/www.diarioimagen.net\/wp-content\/uploads\/2020\/03\/el-censo-de-ahora-LUIS-XAVIER-768x593.jpg 768w, https:\/\/www.diarioimagen.net\/wp-content\/uploads\/2020\/03\/el-censo-de-ahora-LUIS-XAVIER.jpg 1200w\" sizes=\"auto, (max-width: 460px) 100vw, 460px\" \/><\/a><p id=\"caption-attachment-462349\" class=\"wp-caption-text\">El censo de ahora&#8230; | Luis Xavier<\/p><\/div>\n<p>&nbsp;<\/p>\n<p>A d\u00f3nde vaya, con quien se encuentre desde hace una semana, no falta quien le agradezca a <strong>Alfonso Ram\u00edrez Cu\u00e9llar<\/strong> haber sustituido a <strong>Yeidckol Polevnsky<\/strong> al frente de Morena.<\/p>\n<p>\u201c\u00a1Era una pesadilla!\u201d, es lo m\u00ednimo que le dicen.<\/p>\n<p>Ayer, los 54 senadores de Morena que, encabezados por su coordinador <strong>Ricardo Monreal<\/strong> se reunieron con \u00e9l, hicieron votos para no volver a vivir nunca m\u00e1s otra infame dirigencia como la de <strong>Polevnsky<\/strong>.<\/p>\n<p>Liosa, marrullera, mala leche, traicionera, intolerante, autoritaria, sin la menor experiencia pol\u00edtica, transit\u00f3 casi 3 a\u00f1os al frente del partido dominante y al amparo de la sombra de <strong>Andr\u00e9s Manuel L\u00f3pez Obrador<\/strong> confront\u00e1ndose antes que nada con la militancia y dirigencia de su propio partido.<\/p>\n<p>De sabandijas no baja a los suyos. Muchas de sus malas decisiones terminaron ventil\u00e1ndose en el Tribunal Electoral del Poder Judicial de la Federaci\u00f3n.<\/p>\n<p>Un ejemplo de todo lo mala onda que <strong>Polevnsky<\/strong> es, lo vivi\u00f3 en carne propia <strong>Alejandro Rojas D\u00edaz Dur\u00e1n<\/strong>, a quien <strong>Yeidckol<\/strong> descalific\u00f3 en medios e intent\u00f3 hasta expulsar de Morena sin base legal alguna.<\/p>\n<p>Por supuesto que el Trife se lo impidi\u00f3.<\/p>\n<p>Secretaria General de Morena, ascendi\u00f3 a la presidencia en forma interina como suplente de <strong>Andr\u00e9s Manuel L\u00f3pez Obrador<\/strong> cuando este tuvo que abandonar la plaza para ir a pelear la presidencia de la Rep\u00fablica por tercera ocasi\u00f3n.<\/p>\n<p>Tramposa, extendi\u00f3 por un a\u00f1o su mandato que debi\u00f3 dejar el 20 de noviembre de 2018. Y cuando ten\u00eda que entregarlo finalmente el 20 de noviembre de 2019 sali\u00f3 con que iba a reelegirse.<\/p>\n<p><em>No pos como no<\/em>, dir\u00eda el de al lado.<\/p>\n<p>Su c\u00ednico intento de \u201cagandalle\u201d se topo primero con el repudio de <strong>Bertha Luj\u00e1n<\/strong>, quien desde la presidencia del Consejo Pol\u00edtico intent\u00f3 pararla.<\/p>\n<p><strong>Mario Delgado<\/strong> coordinador de los diputados federales de Morena y <strong>Alejandro Rojas D\u00edaz Dur\u00e1n<\/strong>, suplente del senador <strong>Ricardo Monreal<\/strong> se lanzaron como aspirantes a sucederla,<\/p>\n<p>A todos ellos <strong>Yeidckol<\/strong> reparti\u00f3 \u201cdescontones\u201d medi\u00e1ticos y pu\u00f1aladas pol\u00edticas. Para ello us\u00f3 sin pudor ni sustento legal a <strong>H\u00e9ctor D\u00edaz Polanco<\/strong>, presidente de la Comisi\u00f3n de Honor y Justicia de Morena, quien en su calidad de pelele ejecut\u00f3 sin chistar las ordenes que <strong>Polevnsky<\/strong> le daba.<\/p>\n<p><strong>Polevnsky<\/strong> llev\u00f3 al rompimiento su relaci\u00f3n con <strong>Ricardo Monreal<\/strong> y la mayor\u00eda de los senadores de Morena. Muchos fueron los encontronazos. S\u00f3lo manten\u00eda su cercan\u00eda con <strong>Mart\u00ed Batres<\/strong>, una joven legisladora subidita de talla y peso, y quiz\u00e1 unos 8 m\u00e1s de los senadores de Morena.<\/p>\n<p>Ayer <strong>Ricardo Monreal<\/strong> y los otros 53 senadores de su grupo, recibieron a <strong>Alfonso Ram\u00edrez <\/strong><strong>Cu\u00e9llar<\/strong>, a quien el Tribunal Electoral tuvo que validar su liderazgo al frente de Morena y en sustituci\u00f3n de <strong>Polevnsky<\/strong> quien aferrada con toda clase de artima\u00f1as y vituperios se negaba a abandonar la plaza.<\/p>\n<p>Al recibirlo, Monreal indic\u00f3 que con ese encuentro se iniciaba \u201cun proceso unitario entre legisladores y su partido; ya no m\u00e1s controversias ni diferendos\u201d, subray\u00f3.<\/p>\n<p>Acompa\u00f1ado por <strong>M\u00f3nica Fern\u00e1ndez<\/strong>, presidenta del Senado, el zacatecano destac\u00f3 la cohesi\u00f3n alcanzada con <strong>Ram\u00edrez Cu\u00e9llar<\/strong> y no se detuvo para hacerle saber que \u201cnos alegra mucho decirle ya no m\u00e1s controversias, ya no m\u00e1s diferendos\u201d.<\/p>\n<p>Record\u00f3 que todos \u201csomos parte de un movimiento que el Presidente de la Rep\u00fablica encabez\u00f3 y ahora necesitamos estar unidos para fortalecer su liderazgo y tambi\u00e9n la conducci\u00f3n en el pa\u00eds\u201d.<\/p>\n<p>El nuevo dirigente respondi\u00f3 que ahora s\u00ed, \u201cMorena va a ser un partido muy grande, vamos a incorporar todos los puntos de vista y habr\u00e1, di\u00e1logo y reuniones permanentes con los grupos parlamentarios a nivel federal y estatal\u201d. Sin decirlo expl\u00edcitamente, <strong>Ram\u00edrez <\/strong><strong>Cu\u00e9llar<\/strong> indic\u00f3 que se encontr\u00f3 con un partido deshecho, desmembrado.<\/p>\n<p>Dijo que al igual que ahora lo hace con los senadores, tambi\u00e9n \u201csesionaremos de manera pronta con todos nuestros gobiernos municipales y con los gobernadores, deben de tener el acompa\u00f1amiento de Morena\u201d.<\/p>\n<p>Y urgi\u00f3 a que los militantes y dirigentes de su partido le digan cuales son las causas que Morena debe defender.<\/p>\n<p>\u201cHay urgencia de contar con una identidad, con una propuesta pol\u00edtica y decirle a la gente cu\u00e1les son las causas que sigue.<\/p>\n<p>\u201cPorque hasta estos momentos la gente no sabe cu\u00e1les son qu\u00e9 las causas de Morena y esto se debe a que nosotros no platicamos, no conversamos, no hacemos uso de un gran acervo te\u00f3rico, intelectual, de muchas investigaciones\u201d.<\/p>\n<p>Es decir, <strong>Yeidckol <\/strong>no hac\u00eda nada por Morena. Como dijeran los <strong>Beatles<\/strong>: \u201cAll Together now\u201d.<\/p>\n<p>Al encuentro de unidad no acudieron los senadores <strong>Mart\u00ed Batres<\/strong> ni <strong>Napole\u00f3n G\u00f3mez Urrutia<\/strong> entre otros.<\/p>\n<p style=\"text-align: center;\"><strong>Cerca de sacar lo del <em>outsourcing<\/em><\/strong><\/p>\n<p>Una vez concluida la reuni\u00f3n con <strong>Ram\u00edrez Cuellar<\/strong>, el zacatecano <strong>Monreal<\/strong> inform\u00f3 que est\u00e1n a un paso de sacar un dictamen consensuado sobre <em>outsourcing<\/em>.<\/p>\n<p>Hab\u00eda dudas de que se pudiera lograr, coment\u00f3, pero quiz\u00e1 esta misma semana podr\u00eda darse a conocer el dictamen alcanzado, dijo.<\/p>\n<p>Esto luego de que ayer la Mesa de Alto Nivel, donde confluyen senadores, empresarios e instituciones como el IMSS, Infonavit, SAT, Procuradur\u00eda Fiscal, STPS, SHCP y la UIF conoci\u00f3 y casi palome\u00f3 el proyecto de dictamen que incluye posiciones de los actores clave en materia laboral.<\/p>\n<p style=\"text-align: center;\"><strong>Hoy cumple el PRI 91 a\u00f1os<\/strong><\/p>\n<p>Alejandro Moreno, presidente del PRI y de la COPPPAL encabezar\u00e1 esta tarde los festejos del 91 aniversario del PRI -quiz\u00e1 el partido m\u00e1s antiguo en el mundo-, con el lanzamiento de la Convocatoria a su 24 Asamblea Nacional. Al anunciarlo, el campechano indic\u00f3 que hoy el sistema de partidos se encuentra en una encrucijada.<\/p>\n<p>Esto es avalado por el secretario General de la Internacional Socialista, <strong>Luis Ayala<\/strong>, quien consider\u00f3 que el populismo desacredita a los partidos pol\u00edticos y socava la democracia.<\/p>\n<p>A su vez el senador del Frente Amplio de Uruguay, <strong>Rafael Michelini<\/strong>, reconoci\u00f3 que el PRI es un partido hist\u00f3rico con fuerte presencia en la cultura mexicana por sus causas.<\/p>\n<p><strong>Moreno<\/strong> consider\u00f3 que hoy \u201cestamos todos llamados a fortalecer y a defender el sistema de partidos\u201d, porque ellos se encargan de aglutinar y agrupar las posiciones que demandan los ciudadanos.<\/p>\n<p>As\u00ed al intervenir en el Foro \u201cFortalecimiento de los partidos pol\u00edticos, frente a los nuevos desaf\u00edos globales\u201d, <strong>Moreno<\/strong> adelant\u00f3 que su liderazgo dentro del PRI y la Copppal busca construir \u201cuna propuesta, proyectos que generen paz, armon\u00eda y estabilidad pol\u00edtica\u201d.<\/p>\n<p>Y subray\u00f3 que aun cuando hoy pocos lo recuerdan y valoran, la historia pol\u00edtica de M\u00e9xico indica que el PRI siempre impuls\u00f3 y fortaleci\u00f3 la democracia. \u201cFuimos los priistas quienes impulsamos la participaci\u00f3n de las mujeres cuando se consagr\u00f3 el derecho al voto, que fue la lucha de las mujeres en M\u00e9xico y en nuestro partido.<\/p>\n<p>\u201cQue no se equivoquen nuestros opositores y detractores. Aqu\u00ed estamos, firmes los priistas, no en una coyuntura pol\u00edtica, para respaldar a las mujeres. El PRI tiene un compromiso de siempre con las mujeres\u2026 no hay que olvidar que fueron las mujeres del PRI que dieron la lucha para llevar a nuestros documentos b\u00e1sicos, a nuestros Estatutos, que el 50 por ciento en cargos de elecci\u00f3n fueran para las mujeres; y fueron las mujeres del PRI quienes lo llevaron\u00a0 y lo plasmaron en la Constituci\u00f3n, en la lucha con otras mujeres.<\/p>\n<p>\u201cEsa es una lucha nuestra\u201d.<\/p>\n<p>Por eso, concluy\u00f3, \u201ccon respeto, apoyamos y respaldamos el movimiento del 9 de marzo de las mujeres. Es una lucha y un movimiento de ellas, que nosotros respetamos y respaldamos\u201d.<\/p>\n<p>Te invito a ver a las 22:30 horas de este 4 de marzo la entrevista sobre el PRI con Ulises Ruiz\u00a0en la Agenda de Carlos Ram\u00edrez (con la participaci\u00f3n de Roberto Vizca\u00edno)\u00a0a trav\u00e9s de Cadena H, en los canales 77 izzi y 169 Totalplay, as\u00ed como en cadenah.tv y en cualquier dispositivo m\u00f3vil a trav\u00e9s de indicadorpolitico.mx\/?page_id=98969<\/p>\n<p><em><a href=\"mailto:rvizcainoa@gmail.com\" target=\"_blank\" rel=\"noopener noreferrer\">rvizcainoa@gmail.com<\/a><br \/>\n<u><a href=\"http:\/\/endirecto.mx\" target=\"_blank\" rel=\"noopener noreferrer\">www.endirecto.mx<\/a><br \/>\n<a href=\"https:\/\/twitter.com\/_rvizcaino\" target=\"_blank\" rel=\"noopener noreferrer\">@_RVizcaino<\/a><br \/>\n<a href=\"https:\/\/www.facebook.com\/rvizcainoa\" target=\"_blank\" rel=\"noopener noreferrer\">facebook.com\/rvizcainoa<\/a><\/u><\/em><\/p>\n","protected":false},"excerpt":{"rendered":"<p><span style=\"color: #005497;\"><strong>Roberto Vizca\u00edno<\/strong><\/span><br \/>\n<br \/>\nA d\u00f3nde vaya, con quien se encuentre desde hace una semana, no falta quien le agradezca a <strong>Alfonso Ram\u00edrez Cu\u00e9llar<\/strong> haber sustituido a <strong>Yeidckol Polevnsky<\/strong> al frente de Morena.<\/p>\n","protected":false},"author":3,"featured_media":462349,"comment_status":"open","ping_status":"open","sticky":false,"template":"","format":"standard","meta":{"_monsterinsights_skip_tracking":false,"_monsterinsights_sitenote_active":false,"_monsterinsights_sitenote_note":"","_monsterinsights_sitenote_category":0,"footnotes":""},"categories":[136],"tags":[43674,93,94],"class_list":["post-462338","post","type-post","status-publish","format-standard","has-post-thumbnail","hentry","category-roberto-vizcaino-opinion","tag-opinion","tag-roberto-vizcaino","tag-tras-la-puerta-del-poder"],"_links":{"self":[{"href":"https:\/\/www.diarioimagen.net\/index.php?rest_route=\/wp\/v2\/posts\/462338","targetHints":{"allow":["GET"]}}],"collection":[{"href":"https:\/\/www.diarioimagen.net\/index.php?rest_route=\/wp\/v2\/posts"}],"about":[{"href":"https:\/\/www.diarioimagen.net\/index.php?rest_route=\/wp\/v2\/types\/post"}],"author":[{"embeddable":true,"href":"https:\/\/www.diarioimagen.net\/index.php?rest_route=\/wp\/v2\/users\/3"}],"replies":[{"embeddable":true,"href":"https:\/\/www.diarioimagen.net\/index.php?rest_route=%2Fwp%2Fv2%2Fcomments&post=462338"}],"version-history":[{"count":0,"href":"https:\/\/www.diarioimagen.net\/index.php?rest_route=\/wp\/v2\/posts\/462338\/revisions"}],"wp:featuredmedia":[{"embeddable":true,"href":"https:\/\/www.diarioimagen.net\/index.php?rest_route=\/wp\/v2\/media\/462349"}],"wp:attachment":[{"href":"https:\/\/www.diarioimagen.net\/index.php?rest_route=%2Fwp%2Fv2%2Fmedia&parent=462338"}],"wp:term":[{"taxonomy":"category","embeddable":true,"href":"https:\/\/www.diarioimagen.net\/index.php?rest_route=%2Fwp%2Fv2%2Fcategories&post=462338"},{"taxonomy":"post_tag","embeddable":true,"href":"https:\/\/www.diarioimagen.net\/index.php?rest_route=%2Fwp%2Fv2%2Ftags&post=462338"}],"curies":[{"name":"wp","href":"https:\/\/api.w.org\/{rel}","templated":true}]}}