{"id":462403,"date":"2020-03-05T00:05:54","date_gmt":"2020-03-05T06:05:54","guid":{"rendered":"https:\/\/www.diarioimagen.net\/?p=462403"},"modified":"2020-03-04T23:12:37","modified_gmt":"2020-03-05T05:12:37","slug":"amlo-recula-y-cambia-fecha-para-iniciar-venta-cachitos-de-rifa-de-avion","status":"publish","type":"post","link":"https:\/\/www.diarioimagen.net\/?p=462403","title":{"rendered":"AMLO recula y cambia fecha para iniciar venta de \u201ccachitos\u201d"},"content":{"rendered":"<ul>\n<li><em><strong>Para el sorteo de la Loter\u00eda sobre avi\u00f3n presidencial<\/strong><\/em><\/li>\n<li><em><strong>Ante pol\u00e9mica, ser\u00e1 un d\u00eda despu\u00e9s del paro de mujeres; que no se acordaba<\/strong><\/em><\/li>\n<\/ul>\n<p>&nbsp;<\/p>\n<div id=\"attachment_462404\" style=\"width: 470px\" class=\"wp-caption aligncenter\"><img loading=\"lazy\" decoding=\"async\" aria-describedby=\"caption-attachment-462404\" class=\"size-large wp-image-462404\" src=\"https:\/\/www.diarioimagen.net\/wp-content\/uploads\/2020\/03\/CACHITOS5-portal-460x268.png\" alt=\"\" width=\"460\" height=\"268\" srcset=\"https:\/\/www.diarioimagen.net\/wp-content\/uploads\/2020\/03\/CACHITOS5-portal-460x268.png 460w, https:\/\/www.diarioimagen.net\/wp-content\/uploads\/2020\/03\/CACHITOS5-portal-240x140.png 240w, https:\/\/www.diarioimagen.net\/wp-content\/uploads\/2020\/03\/CACHITOS5-portal.png 480w\" sizes=\"auto, (max-width: 460px) 100vw, 460px\" \/><p id=\"caption-attachment-462404\" class=\"wp-caption-text\">Andr\u00e9s Manuel L\u00f3pez Obrador recul\u00f3 y cambi\u00f3 la fecha para el martes 10 el inicio de la venta de cachitos. Dijo que no ten\u00eda en mente el d\u00eda del movimiento feminista.<\/p><\/div>\n<p>&nbsp;<\/p>\n<p>Ante la pol\u00e9mica originada porque la venta de \u2018cachitos\u2019 para el sorteo del avi\u00f3n presidencial dar\u00eda inicio el 9 de marzo, mismo d\u00eda del paro nacional de mujeres, el presidente Andr\u00e9s Manuel L\u00f3pez Obrador recul\u00f3 y decidi\u00f3 cambiar la fecha para el martes 10.<\/p>\n<p>\u201cNo, no, no. No va a ser el lunes\u201d, dijo L\u00f3pez Obrador en rueda de prensa en Palacio Nacional al ser cuestionado por las cr\u00edticas que desat\u00f3.<\/p>\n<p>Dijo que \u201cno hay ning\u00fan problema\u201d porque no se \u201chab\u00eda dado cuenta\u201d de que coincid\u00eda con el paro, aunque arremeti\u00f3 contra las cr\u00edticas y las atribuy\u00f3, una vez m\u00e1s, a una supuesta campa\u00f1a de desprestigio de la derecha mexicana.<\/p>\n<p>Aclar\u00f3 que el lunes solo se vender\u00edan 40 mil billetes en cuatro estados y asegur\u00f3 que no quiere afectar el paro nacional de mujeres, al contrario, est\u00e1 garantizado su derecho a manifestarse. Reiter\u00f3 que no habr\u00e1 represalias contra quienes participen en este movimiento. Se\u00f1al\u00f3 a un grupo, vinculado a un partido, de ofenderse, porque se iba a repartir los boletos para la rifa del avi\u00f3n presidencial el lunes: \u201cEl conservadurismo est\u00e1 muy irritado, molesto\u201d. Ante esto, L\u00f3pez Obrador se\u00f1al\u00f3 que no caer\u00e1 en provocaciones y la venta de los cachitos comenzar\u00e1 el martes.<\/p>\n<p>El sorteo entregar\u00e1 100 premios de 20 millones de pesos cada uno, con un total de 2.000 millones de pesos. L\u00f3pez Obrador coment\u00f3 que su gobierno no caer\u00e1 en provocaciones por parte del conservadurismo.<\/p>\n<p>Como nos confunden, yo ni me di cuenta, ni ten\u00eda en mente que era el 9 el paro que se promueve del movimiento feminista, y por eso dije que se comenzaban a distribuir los boletos\u201d, dijo desde Palacio Nacional.<\/p>\n<p>El Presidente tambi\u00e9n reproch\u00f3 que \u201cmuchos de los que se sent\u00edan due\u00f1os de M\u00e9xico se volvieron feministas\u201d. Se\u00f1al\u00f3 que su gobierno, que tiene un gabinete paritario, es de los que m\u00e1s ha promovido la participaci\u00f3n pol\u00edtica de las mujeres.<\/p>\n<p>\u201c\u00bfHab\u00eda m\u00e1s mujeres secretarias (ministras) con Fox? \u00bfCon Calder\u00f3n? \u00bfCon Pe\u00f1a Nieto?\u201d, cuestion\u00f3.<\/p>\n<p>L\u00f3pez Obrador asegur\u00f3 que no habr\u00e1 \u201cning\u00fan obst\u00e1culo\u201d para las mujeres de la administraci\u00f3n p\u00fablica que deseen participar en el paro de mujeres del 9 de marzo.<\/p>\n<p>M\u00e9xico registr\u00f3 m\u00e1s de mil feminicidios durante 2019, seg\u00fan datos oficiales. En general, en el pa\u00eds 10 mujeres son asesinadas al d\u00eda. A ra\u00edz de los recientes feminicidios, agrupaciones feministas en M\u00e9xico han convocado a un paro nacional de mujeres, que lleva por nombres \u201cUn d\u00eda sin nosotras\u201d para el\u00a0 9 de marzo en protesta contra la violencia machista.<\/p>\n","protected":false},"excerpt":{"rendered":"<p>Ante la pol\u00e9mica originada porque la venta de \u2018cachitos\u2019 para el sorteo del avi\u00f3n presidencial dar\u00eda inicio el 9 de marzo, mismo d\u00eda del paro nacional de mujeres, el presidente Andr\u00e9s Manuel L\u00f3pez Obrador recul\u00f3 y decidi\u00f3 cambiar la fecha para el martes 10.<\/p>\n","protected":false},"author":5,"featured_media":462404,"comment_status":"open","ping_status":"open","sticky":false,"template":"","format":"standard","meta":{"_monsterinsights_skip_tracking":false,"_monsterinsights_sitenote_active":false,"_monsterinsights_sitenote_note":"","_monsterinsights_sitenote_category":0,"footnotes":""},"categories":[3],"tags":[2545,1352,72899,90435,86227,14782,90434,13047,90433,77330],"class_list":["post-462403","post","type-post","status-publish","format-standard","has-post-thumbnail","hentry","category-nacional","tag-amlo","tag-andres-manuel-lopez-obrador","tag-avion-presidencial","tag-cambia-fecha","tag-fecha","tag-recula","tag-rifa-de-avion","tag-venta","tag-venta-cachitos","tag-cachitos"],"_links":{"self":[{"href":"https:\/\/www.diarioimagen.net\/index.php?rest_route=\/wp\/v2\/posts\/462403","targetHints":{"allow":["GET"]}}],"collection":[{"href":"https:\/\/www.diarioimagen.net\/index.php?rest_route=\/wp\/v2\/posts"}],"about":[{"href":"https:\/\/www.diarioimagen.net\/index.php?rest_route=\/wp\/v2\/types\/post"}],"author":[{"embeddable":true,"href":"https:\/\/www.diarioimagen.net\/index.php?rest_route=\/wp\/v2\/users\/5"}],"replies":[{"embeddable":true,"href":"https:\/\/www.diarioimagen.net\/index.php?rest_route=%2Fwp%2Fv2%2Fcomments&post=462403"}],"version-history":[{"count":0,"href":"https:\/\/www.diarioimagen.net\/index.php?rest_route=\/wp\/v2\/posts\/462403\/revisions"}],"wp:featuredmedia":[{"embeddable":true,"href":"https:\/\/www.diarioimagen.net\/index.php?rest_route=\/wp\/v2\/media\/462404"}],"wp:attachment":[{"href":"https:\/\/www.diarioimagen.net\/index.php?rest_route=%2Fwp%2Fv2%2Fmedia&parent=462403"}],"wp:term":[{"taxonomy":"category","embeddable":true,"href":"https:\/\/www.diarioimagen.net\/index.php?rest_route=%2Fwp%2Fv2%2Fcategories&post=462403"},{"taxonomy":"post_tag","embeddable":true,"href":"https:\/\/www.diarioimagen.net\/index.php?rest_route=%2Fwp%2Fv2%2Ftags&post=462403"}],"curies":[{"name":"wp","href":"https:\/\/api.w.org\/{rel}","templated":true}]}}