{"id":462453,"date":"2020-03-05T00:07:47","date_gmt":"2020-03-05T06:07:47","guid":{"rendered":"https:\/\/www.diarioimagen.net\/?p=462453"},"modified":"2020-03-05T00:54:05","modified_gmt":"2020-03-05T06:54:05","slug":"congelan-cuentas-de-lider-de-la-luz-del-mundo-por-engano-y-pornografia","status":"publish","type":"post","link":"https:\/\/www.diarioimagen.net\/?p=462453","title":{"rendered":"Congelan cuentas de l\u00edder de <em>La Luz del Mundo<\/em> por enga\u00f1o y pornograf\u00eda"},"content":{"rendered":"<p><a href=\"https:\/\/www.diarioimagen.net\/?attachment_id=462545\" rel=\"attachment wp-att-462545\"><img loading=\"lazy\" decoding=\"async\" class=\"aligncenter size-large wp-image-462545\" src=\"https:\/\/www.diarioimagen.net\/wp-content\/uploads\/2020\/03\/joaquin-460x259.jpg\" alt=\"\" width=\"460\" height=\"259\" srcset=\"https:\/\/www.diarioimagen.net\/wp-content\/uploads\/2020\/03\/joaquin-460x259.jpg 460w, https:\/\/www.diarioimagen.net\/wp-content\/uploads\/2020\/03\/joaquin-240x135.jpg 240w, https:\/\/www.diarioimagen.net\/wp-content\/uploads\/2020\/03\/joaquin-235x132.jpg 235w, https:\/\/www.diarioimagen.net\/wp-content\/uploads\/2020\/03\/joaquin-202x114.jpg 202w, https:\/\/www.diarioimagen.net\/wp-content\/uploads\/2020\/03\/joaquin-350x196.jpg 350w, https:\/\/www.diarioimagen.net\/wp-content\/uploads\/2020\/03\/joaquin-220x123.jpg 220w, https:\/\/www.diarioimagen.net\/wp-content\/uploads\/2020\/03\/joaquin-237x132.jpg 237w, https:\/\/www.diarioimagen.net\/wp-content\/uploads\/2020\/03\/joaquin.jpg 480w\" sizes=\"auto, (max-width: 460px) 100vw, 460px\" \/><\/a><\/p>\n<p>&nbsp;<\/p>\n<p>&nbsp;<\/p>\n<p>El llamado \u201cAp\u00f3stol de Jesucristo\u201d y l\u00edder religioso de la iglesia denominada La Luz del Mundo, Naas\u00f3n Joaqu\u00edn Garc\u00eda, actualmente preso en Estados Ujidos, \u201cenga\u00f1aba a sus v\u00edctimas por medio de la fe\u201d, por ello, y por \u201cpornograf\u00eda infantil y de explotaci\u00f3n de naturaleza sexual\u201d, la Unidad de Inteligencia Financiera (UIF) congel\u00f3 sus cuentas bancarias.<\/p>\n<p>As\u00ed lo revel\u00f3 Santiago Nieto, titular de la UIF, instancia dependiente de la Secretar\u00eda de Hacienda y Cr\u00e9dito P\u00fablico, quien durante la conferencia matutina del presidente Andr\u00e9s Manuel L\u00f3pez Obrador revel\u00f3 los montos del bloqueo financiero.<\/p>\n<p>\u201cEl caso tiene que ver con el bloqueo de seis personas relacionadas con un grupo religioso en donde hab\u00eda donativos que se desarrollaban a la Iglesia y una pr\u00e1ctica de pornograf\u00eda infantil y de explotaci\u00f3n de naturaleza sexual\u201d<\/p>\n<p>\u201cLos montos que se encuentran en este momento bloqueados son 359 millones de pesos y un mill\u00f3n y medio de d\u00f3lares de manera directa, as\u00ed como una cantidad menor, 82 mil pesos, relacionados con terceros vinculados con este delito\u201d, afirm\u00f3 Nieto Castillo.<\/p>\n<p>En la presentaci\u00f3n que se expuso que el pastor en tercera generaci\u00f3n de la asociaci\u00f3n religiosa referida enga\u00f1aba a sus v\u00edctimas por medio de la fe \u201cpara que donaran todas sus pertenec\u00edas a la iglesia, adem\u00e1s de tener relaciones con las m\u00e1s j\u00f3venes\u201d<\/p>\n<p>Desde que se revel\u00f3 la informaci\u00f3n por parte de la UIF, en la cuenta de la red social Twitter de la organizaci\u00f3n religiosa, a las 12:29 horas se difundi\u00f3 el siguiente mensaje: \u201cAgradecemos el inter\u00e9s medi\u00e1tico en relaci\u00f3n a los se\u00f1alamientos vertidos el d\u00eda de hoy, 4 de marzo de 2020, en conferencia matutina por el titular de la UIF, celebrada en la Ciudad de M\u00e9xico. En breve, daremos a conocer nuestro posicionamiento a trav\u00e9s de un comunicado\u201d.<\/p>\n<p>Hasta las 16:29 horas, cuatro horas despu\u00e9s de su mensaje en su red social, no se ha difundido alg\u00fan comunicado.<\/p>\n<p>El \u201cpastor en tercera generaci\u00f3n\u201d Naas\u00f3n Joaqu\u00edn Garc\u00eda, sucedi\u00f3 en el cargo a su padre Samuel Joaqu\u00edn Flores que a su vez hered\u00f3 la direcci\u00f3n religiosa de su progenitor, Eusebio Joaqu\u00edn Gonz\u00e1lez; actualmente se encuentra preso en Estados Unidos.<\/p>\n<p>Naas\u00f3n Joaqu\u00edn Garc\u00eda fue detenido en la ciudad estadounidense de Los \u00c1ngeles, California, el 4 de junio de 2019 para enfrentar acusaciones de abuso sexual infantil, tr\u00e1fico de personas y pornograf\u00eda infantil.<\/p>\n","protected":false},"excerpt":{"rendered":"<p>El llamado \u201cAp\u00f3stol de Jesucristo\u201d y l\u00edder religioso de la iglesia denominada La Luz del Mundo, Naas\u00f3n Joaqu\u00edn Garc\u00eda, actualmente preso en Estados Ujidos, \u201cenga\u00f1aba a sus v\u00edctimas por medio de la fe\u201d, por ello, y por \u201cpornograf\u00eda infantil y de explotaci\u00f3n de naturaleza sexual\u201d, la Unidad de Inteligencia Financiera (UIF) congel\u00f3 sus cuentas bancarias.<\/p>\n","protected":false},"author":3,"featured_media":462545,"comment_status":"open","ping_status":"open","sticky":false,"template":"","format":"standard","meta":{"_monsterinsights_skip_tracking":false,"_monsterinsights_sitenote_active":false,"_monsterinsights_sitenote_note":"","_monsterinsights_sitenote_category":0,"footnotes":""},"categories":[8],"tags":[81768,43383,90453,43678,85878,1367],"class_list":["post-462453","post","type-post","status-publish","format-standard","has-post-thumbnail","hentry","category-finanzas","tag-congelan","tag-cuentas","tag-engano","tag-finanzas","tag-naason-joaquin-garcia","tag-pornografia"],"_links":{"self":[{"href":"https:\/\/www.diarioimagen.net\/index.php?rest_route=\/wp\/v2\/posts\/462453","targetHints":{"allow":["GET"]}}],"collection":[{"href":"https:\/\/www.diarioimagen.net\/index.php?rest_route=\/wp\/v2\/posts"}],"about":[{"href":"https:\/\/www.diarioimagen.net\/index.php?rest_route=\/wp\/v2\/types\/post"}],"author":[{"embeddable":true,"href":"https:\/\/www.diarioimagen.net\/index.php?rest_route=\/wp\/v2\/users\/3"}],"replies":[{"embeddable":true,"href":"https:\/\/www.diarioimagen.net\/index.php?rest_route=%2Fwp%2Fv2%2Fcomments&post=462453"}],"version-history":[{"count":0,"href":"https:\/\/www.diarioimagen.net\/index.php?rest_route=\/wp\/v2\/posts\/462453\/revisions"}],"wp:featuredmedia":[{"embeddable":true,"href":"https:\/\/www.diarioimagen.net\/index.php?rest_route=\/wp\/v2\/media\/462545"}],"wp:attachment":[{"href":"https:\/\/www.diarioimagen.net\/index.php?rest_route=%2Fwp%2Fv2%2Fmedia&parent=462453"}],"wp:term":[{"taxonomy":"category","embeddable":true,"href":"https:\/\/www.diarioimagen.net\/index.php?rest_route=%2Fwp%2Fv2%2Fcategories&post=462453"},{"taxonomy":"post_tag","embeddable":true,"href":"https:\/\/www.diarioimagen.net\/index.php?rest_route=%2Fwp%2Fv2%2Ftags&post=462453"}],"curies":[{"name":"wp","href":"https:\/\/api.w.org\/{rel}","templated":true}]}}