{"id":462476,"date":"2020-03-05T00:04:49","date_gmt":"2020-03-05T06:04:49","guid":{"rendered":"https:\/\/www.diarioimagen.net\/?p=462476"},"modified":"2020-03-05T01:09:49","modified_gmt":"2020-03-05T07:09:49","slug":"resulto-negativo-el-caso-de-la-joven-sospechosa-de-covid-19-en-huixquilucan","status":"publish","type":"post","link":"https:\/\/www.diarioimagen.net\/?p=462476","title":{"rendered":"Result\u00f3 negativo el caso de la joven sospechosa de Covid-19, en Huixquilucan"},"content":{"rendered":"<ul>\n<li><strong><em>Llamado a la poblaci\u00f3n a mantenerse informada<\/em><\/strong><\/li>\n<\/ul>\n<p>&nbsp;<\/p>\n<p><a href=\"https:\/\/www.diarioimagen.net\/?attachment_id=462569\" rel=\"attachment wp-att-462569\"><img loading=\"lazy\" decoding=\"async\" class=\"aligncenter size-large wp-image-462569\" src=\"https:\/\/www.diarioimagen.net\/wp-content\/uploads\/2020\/03\/HUIXQUILUCAN-2-460x259.jpg\" alt=\"\" width=\"460\" height=\"259\" srcset=\"https:\/\/www.diarioimagen.net\/wp-content\/uploads\/2020\/03\/HUIXQUILUCAN-2-460x259.jpg 460w, https:\/\/www.diarioimagen.net\/wp-content\/uploads\/2020\/03\/HUIXQUILUCAN-2-240x135.jpg 240w, https:\/\/www.diarioimagen.net\/wp-content\/uploads\/2020\/03\/HUIXQUILUCAN-2-235x132.jpg 235w, https:\/\/www.diarioimagen.net\/wp-content\/uploads\/2020\/03\/HUIXQUILUCAN-2-202x114.jpg 202w, https:\/\/www.diarioimagen.net\/wp-content\/uploads\/2020\/03\/HUIXQUILUCAN-2-350x196.jpg 350w, https:\/\/www.diarioimagen.net\/wp-content\/uploads\/2020\/03\/HUIXQUILUCAN-2-220x123.jpg 220w, https:\/\/www.diarioimagen.net\/wp-content\/uploads\/2020\/03\/HUIXQUILUCAN-2-237x132.jpg 237w, https:\/\/www.diarioimagen.net\/wp-content\/uploads\/2020\/03\/HUIXQUILUCAN-2.jpg 480w\" sizes=\"auto, (max-width: 460px) 100vw, 460px\" \/><\/a><\/p>\n<p>&nbsp;<\/p>\n<p><strong>Huixquilucan, Estado de M\u00e9xico<\/strong>.- El gobierno de Huixquilucan informa que la Secretar\u00eda de Salud del Estado de M\u00e9xico, descart\u00f3 el caso de una joven de 19 a\u00f1os que era sospechosa de estar infectada con el Covid-19.<\/p>\n<p>De esta manera, el alcalde Enrique Vargas del Villar, reitera a la poblaci\u00f3n a mantenerse en calma, informada y atenta a cualquier s\u00edntoma que puedan presentar y que pudiera estar asociada con el Covid-19 y de inmediato acudir al m\u00e9dico. En Huixquilucan el hospital San P\u00edo se encuentra disponible para la poblaci\u00f3n y el Mater Dei para las embarazadas.<\/p>\n<p>Cabe recordar que el Edil de Huixquilucan desde el momento que conoci\u00f3 el tema, se puso al frente del gabinete de Salud Municipal, vigilando la aplicaci\u00f3n de los protocolos que se han indicado para proteger la salud de todos los habitantes de la localidad, as\u00ed como el trabajo coordinado con la Secretar\u00eda de Salud.<\/p>\n<p>El atento llamado a la poblaci\u00f3n a que conserve la calma y refuerce las medidas de prevenci\u00f3n como es lavarse las manos a fondo y con frecuencia usando un desinfectante a base de alcohol o con agua y jab\u00f3n; mantener distancia de por lo menos un metro con personas que tosan o estornuden; evitar tocarse ojos, nariz y boca.<\/p>\n<p>Adem\u00e1s de que al toser o estornudar, cubrir la nariz y boca con el \u00e1ngulo interno del brazo; permanecer en casa ante alguna infecci\u00f3n respiratoria y seguir las indicaciones del m\u00e9dico, en caso de presentar fiebre, tos y dificultad para respirar buscar atenci\u00f3n m\u00e9dica.<\/p>\n","protected":false},"excerpt":{"rendered":"<p>El gobierno de Huixquilucan informa que la Secretar\u00eda de Salud del Estado de M\u00e9xico, descart\u00f3 el caso de una joven de 19 a\u00f1os que era sospechosa de estar infectada con el Covid-19.<\/p>\n","protected":false},"author":3,"featured_media":462569,"comment_status":"open","ping_status":"open","sticky":false,"template":"","format":"standard","meta":{"_monsterinsights_skip_tracking":false,"_monsterinsights_sitenote_active":false,"_monsterinsights_sitenote_note":"","_monsterinsights_sitenote_category":0,"footnotes":""},"categories":[5],"tags":[90021,66390,43675,1097,783],"class_list":["post-462476","post","type-post","status-publish","format-standard","has-post-thumbnail","hentry","category-estado-de-mexico","tag-covid-19","tag-descartan","tag-estado-de-mexico","tag-huixquilucan","tag-virus"],"_links":{"self":[{"href":"https:\/\/www.diarioimagen.net\/index.php?rest_route=\/wp\/v2\/posts\/462476","targetHints":{"allow":["GET"]}}],"collection":[{"href":"https:\/\/www.diarioimagen.net\/index.php?rest_route=\/wp\/v2\/posts"}],"about":[{"href":"https:\/\/www.diarioimagen.net\/index.php?rest_route=\/wp\/v2\/types\/post"}],"author":[{"embeddable":true,"href":"https:\/\/www.diarioimagen.net\/index.php?rest_route=\/wp\/v2\/users\/3"}],"replies":[{"embeddable":true,"href":"https:\/\/www.diarioimagen.net\/index.php?rest_route=%2Fwp%2Fv2%2Fcomments&post=462476"}],"version-history":[{"count":0,"href":"https:\/\/www.diarioimagen.net\/index.php?rest_route=\/wp\/v2\/posts\/462476\/revisions"}],"wp:featuredmedia":[{"embeddable":true,"href":"https:\/\/www.diarioimagen.net\/index.php?rest_route=\/wp\/v2\/media\/462569"}],"wp:attachment":[{"href":"https:\/\/www.diarioimagen.net\/index.php?rest_route=%2Fwp%2Fv2%2Fmedia&parent=462476"}],"wp:term":[{"taxonomy":"category","embeddable":true,"href":"https:\/\/www.diarioimagen.net\/index.php?rest_route=%2Fwp%2Fv2%2Fcategories&post=462476"},{"taxonomy":"post_tag","embeddable":true,"href":"https:\/\/www.diarioimagen.net\/index.php?rest_route=%2Fwp%2Fv2%2Ftags&post=462476"}],"curies":[{"name":"wp","href":"https:\/\/api.w.org\/{rel}","templated":true}]}}