{"id":462477,"date":"2020-03-05T00:03:56","date_gmt":"2020-03-05T06:03:56","guid":{"rendered":"https:\/\/www.diarioimagen.net\/?p=462477"},"modified":"2020-03-05T02:24:58","modified_gmt":"2020-03-05T08:24:58","slug":"apegado-a-la-ley-contrato-de-relleno-sanitario-en-tlalnepantla-raciel-perez","status":"publish","type":"post","link":"https:\/\/www.diarioimagen.net\/?p=462477","title":{"rendered":"Apegado a la ley, contrato de relleno sanitario en Tlalnepantla: Raciel P\u00e9rez"},"content":{"rendered":"<ul>\n<li><strong><em>Niega el edil que exista un conflicto de inter\u00e9s<\/em><\/strong><\/li>\n<\/ul>\n<p>&nbsp;<\/p>\n<div id=\"attachment_462573\" style=\"width: 470px\" class=\"wp-caption aligncenter\"><a href=\"https:\/\/www.diarioimagen.net\/?attachment_id=462573\" rel=\"attachment wp-att-462573\"><img loading=\"lazy\" decoding=\"async\" aria-describedby=\"caption-attachment-462573\" class=\"size-large wp-image-462573\" src=\"https:\/\/www.diarioimagen.net\/wp-content\/uploads\/2020\/03\/TLALNEPANTLA-1-460x259.jpg\" alt=\"\" width=\"460\" height=\"259\" srcset=\"https:\/\/www.diarioimagen.net\/wp-content\/uploads\/2020\/03\/TLALNEPANTLA-1-460x259.jpg 460w, https:\/\/www.diarioimagen.net\/wp-content\/uploads\/2020\/03\/TLALNEPANTLA-1-240x135.jpg 240w, https:\/\/www.diarioimagen.net\/wp-content\/uploads\/2020\/03\/TLALNEPANTLA-1-235x132.jpg 235w, https:\/\/www.diarioimagen.net\/wp-content\/uploads\/2020\/03\/TLALNEPANTLA-1-202x114.jpg 202w, https:\/\/www.diarioimagen.net\/wp-content\/uploads\/2020\/03\/TLALNEPANTLA-1-350x196.jpg 350w, https:\/\/www.diarioimagen.net\/wp-content\/uploads\/2020\/03\/TLALNEPANTLA-1-220x123.jpg 220w, https:\/\/www.diarioimagen.net\/wp-content\/uploads\/2020\/03\/TLALNEPANTLA-1-237x132.jpg 237w, https:\/\/www.diarioimagen.net\/wp-content\/uploads\/2020\/03\/TLALNEPANTLA-1.jpg 480w\" sizes=\"auto, (max-width: 460px) 100vw, 460px\" \/><\/a><p id=\"caption-attachment-462573\" class=\"wp-caption-text\">El alcalde Raciel P\u00e9rez Cruz neg\u00f3 que exista un conflicto de inter\u00e9s entre servidores p\u00fablicos de la actual administraci\u00f3n municipal y la empresa TANDEM RIDE, S.R.L. de C.V.<\/p><\/div>\n<p>&nbsp;<\/p>\n<p><strong>Tlalnepantla, Estado de M\u00e9xico<\/strong>.- Raciel P\u00e9rez Cruz, presidente municipal\u00a0de Tlalnepantla afirm\u00f3 que el contrato con la empresa TANDEM RIDE, S.R.L. de C.V. para brindar el servicio de operaci\u00f3n y disposici\u00f3n final de residuos s\u00f3lidos urbanos en el relleno sanitario municipal cumple con la Ley de Contrataci\u00f3n P\u00fablica del Estado de M\u00e9xico y Municipios y se puede solicitar a la Unidad de Transparencia y Acceso a la Informaci\u00f3n Municipal.<\/p>\n<p>El edil neg\u00f3 categ\u00f3ricamente que exista un conflicto de inter\u00e9s entre servidores p\u00fablicos de la actual Administraci\u00f3n Municipal y la referida empresa, por lo que carece de sustento lo publicado en algunas columnas period\u00edsticas.<\/p>\n<p>Nancy Am\u00e9rica Estudiante Negrete, Oficial Mayor indic\u00f3 que el contrato cumple la normatividad, requerimientos t\u00e9cnicos y econ\u00f3micos que permiten un ahorro de m\u00e1s de 9 millones de pesos. Expres\u00f3 que el relleno sanitario recibe 750 toneladas de residuos s\u00f3lidos al d\u00eda.<\/p>\n<p>Ricardo Santos Arreola, Tesorero Municipal se\u00f1al\u00f3 que ning\u00fan familiar pertenece a TANDEM RIDE, S.R.L. de C.V. o cualquier otra empresa que tenga contratos con el Gobierno Municipal. Resalt\u00f3 que no tiene contacto directo con ninguna compa\u00f1\u00eda.<\/p>\n<p>Acompa\u00f1aron al Alcalde, Graciela Josefina C\u00e1mara Guerrero, Controlara Municipal; Mitzi Alicia Anda Rubalcava, Directora de Sustentabilidad Ambiental y Movilidad y M\u00f3nica Ch\u00e1vez Dur\u00e1n, Titular de la Unidad de Transparencia y Acceso a la Informaci\u00f3n Municipal.<\/p>\n","protected":false},"excerpt":{"rendered":"<p>Raciel P\u00e9rez Cruz, presidente municipal\u00a0de Tlalnepantla afirm\u00f3 que el contrato con la empresa TANDEM RIDE, S.R.L. de C.V. para brindar el servicio de operaci\u00f3n y disposici\u00f3n final de residuos s\u00f3lidos urbanos en el relleno sanitario municipal cumple con la Ley de Contrataci\u00f3n P\u00fablica del Estado de M\u00e9xico y Municipios y se puede solicitar a la Unidad de Transparencia y Acceso a la Informaci\u00f3n Municipal.<\/p>\n","protected":false},"author":3,"featured_media":462573,"comment_status":"open","ping_status":"open","sticky":false,"template":"","format":"standard","meta":{"_monsterinsights_skip_tracking":false,"_monsterinsights_sitenote_active":false,"_monsterinsights_sitenote_note":"","_monsterinsights_sitenote_category":0,"footnotes":""},"categories":[5],"tags":[43675,81517,90455,169],"class_list":["post-462477","post","type-post","status-publish","format-standard","has-post-thumbnail","hentry","category-estado-de-mexico","tag-estado-de-mexico","tag-raciel-perez-cruz","tag-relleno-sanitario","tag-tlalnepantla"],"_links":{"self":[{"href":"https:\/\/www.diarioimagen.net\/index.php?rest_route=\/wp\/v2\/posts\/462477","targetHints":{"allow":["GET"]}}],"collection":[{"href":"https:\/\/www.diarioimagen.net\/index.php?rest_route=\/wp\/v2\/posts"}],"about":[{"href":"https:\/\/www.diarioimagen.net\/index.php?rest_route=\/wp\/v2\/types\/post"}],"author":[{"embeddable":true,"href":"https:\/\/www.diarioimagen.net\/index.php?rest_route=\/wp\/v2\/users\/3"}],"replies":[{"embeddable":true,"href":"https:\/\/www.diarioimagen.net\/index.php?rest_route=%2Fwp%2Fv2%2Fcomments&post=462477"}],"version-history":[{"count":0,"href":"https:\/\/www.diarioimagen.net\/index.php?rest_route=\/wp\/v2\/posts\/462477\/revisions"}],"wp:featuredmedia":[{"embeddable":true,"href":"https:\/\/www.diarioimagen.net\/index.php?rest_route=\/wp\/v2\/media\/462573"}],"wp:attachment":[{"href":"https:\/\/www.diarioimagen.net\/index.php?rest_route=%2Fwp%2Fv2%2Fmedia&parent=462477"}],"wp:term":[{"taxonomy":"category","embeddable":true,"href":"https:\/\/www.diarioimagen.net\/index.php?rest_route=%2Fwp%2Fv2%2Fcategories&post=462477"},{"taxonomy":"post_tag","embeddable":true,"href":"https:\/\/www.diarioimagen.net\/index.php?rest_route=%2Fwp%2Fv2%2Ftags&post=462477"}],"curies":[{"name":"wp","href":"https:\/\/api.w.org\/{rel}","templated":true}]}}