{"id":462482,"date":"2020-03-05T00:01:14","date_gmt":"2020-03-05T06:01:14","guid":{"rendered":"https:\/\/www.diarioimagen.net\/?p=462482"},"modified":"2020-03-05T02:27:43","modified_gmt":"2020-03-05T08:27:43","slug":"cabildo-de-atizapan-aprueba-fondo-de-contingencia-ante-el-coronavirus","status":"publish","type":"post","link":"https:\/\/www.diarioimagen.net\/?p=462482","title":{"rendered":"Cabildo de Atizap\u00e1n aprueba fondo de contingencia ante el coronavirus"},"content":{"rendered":"<p><a href=\"https:\/\/www.diarioimagen.net\/?attachment_id=462581\" rel=\"attachment wp-att-462581\"><img loading=\"lazy\" decoding=\"async\" class=\"aligncenter size-large wp-image-462581\" src=\"https:\/\/www.diarioimagen.net\/wp-content\/uploads\/2020\/03\/ATIZAP\u00c1N-1-460x259.jpg\" alt=\"\" width=\"460\" height=\"259\" srcset=\"https:\/\/www.diarioimagen.net\/wp-content\/uploads\/2020\/03\/ATIZAP\u00c1N-1-460x259.jpg 460w, https:\/\/www.diarioimagen.net\/wp-content\/uploads\/2020\/03\/ATIZAP\u00c1N-1-240x135.jpg 240w, https:\/\/www.diarioimagen.net\/wp-content\/uploads\/2020\/03\/ATIZAP\u00c1N-1-235x132.jpg 235w, https:\/\/www.diarioimagen.net\/wp-content\/uploads\/2020\/03\/ATIZAP\u00c1N-1-202x114.jpg 202w, https:\/\/www.diarioimagen.net\/wp-content\/uploads\/2020\/03\/ATIZAP\u00c1N-1-350x196.jpg 350w, https:\/\/www.diarioimagen.net\/wp-content\/uploads\/2020\/03\/ATIZAP\u00c1N-1-220x123.jpg 220w, https:\/\/www.diarioimagen.net\/wp-content\/uploads\/2020\/03\/ATIZAP\u00c1N-1-237x132.jpg 237w, https:\/\/www.diarioimagen.net\/wp-content\/uploads\/2020\/03\/ATIZAP\u00c1N-1.jpg 480w\" sizes=\"auto, (max-width: 460px) 100vw, 460px\" \/><\/a><\/p>\n<p>&nbsp;<\/p>\n<p><strong>Atizap\u00e1n, Estado de M\u00e9xico<\/strong><strong>.-<\/strong> Los integrantes del Ayuntamiento, encabezado por la alcaldesa Ruth Olvera Nieto, autorizaron un fondo de contingencia para difundir las medidas de prevenci\u00f3n y acciones con la finalidad de evitar la propagaci\u00f3n del Covid-19.<\/p>\n<p>Durante la D\u00e9cima Cuarta Sesi\u00f3n Extraordinaria de Cabildo de la administraci\u00f3n 2019-2021 y tras la exposici\u00f3n de motivos, los ediles aprobaron de manera un\u00e1nime un fondo por un monto m\u00e1ximo de tres millones de pesos del presupuesto municipal.<\/p>\n<p>En la exposici\u00f3n de los antecedentes, el secretario del Ayuntamiento, Francisco Espinosa de los Monteros, destac\u00f3 que es una responsabilidad del municipio actuar de manera coordinada con las acciones lideradas por las autoridades federal y estatal, tras confirmarse los primeros dos casos comprobados de infecci\u00f3n por el conoravirus en el pa\u00eds.<\/p>\n","protected":false},"excerpt":{"rendered":"<p>Los integrantes del Ayuntamiento, encabezado por la alcaldesa Ruth Olvera Nieto, autorizaron un fondo de contingencia para difundir las medidas de prevenci\u00f3n y acciones con la finalidad de evitar la propagaci\u00f3n del Covid-19.<\/p>\n","protected":false},"author":3,"featured_media":462581,"comment_status":"open","ping_status":"open","sticky":false,"template":"","format":"standard","meta":{"_monsterinsights_skip_tracking":false,"_monsterinsights_sitenote_active":false,"_monsterinsights_sitenote_note":"","_monsterinsights_sitenote_category":0,"footnotes":""},"categories":[5],"tags":[969,16796,89658,90021,43675],"class_list":["post-462482","post","type-post","status-publish","format-standard","has-post-thumbnail","hentry","category-estado-de-mexico","tag-atizapan","tag-contingencia","tag-coronavirus","tag-covid-19","tag-estado-de-mexico"],"_links":{"self":[{"href":"https:\/\/www.diarioimagen.net\/index.php?rest_route=\/wp\/v2\/posts\/462482","targetHints":{"allow":["GET"]}}],"collection":[{"href":"https:\/\/www.diarioimagen.net\/index.php?rest_route=\/wp\/v2\/posts"}],"about":[{"href":"https:\/\/www.diarioimagen.net\/index.php?rest_route=\/wp\/v2\/types\/post"}],"author":[{"embeddable":true,"href":"https:\/\/www.diarioimagen.net\/index.php?rest_route=\/wp\/v2\/users\/3"}],"replies":[{"embeddable":true,"href":"https:\/\/www.diarioimagen.net\/index.php?rest_route=%2Fwp%2Fv2%2Fcomments&post=462482"}],"version-history":[{"count":0,"href":"https:\/\/www.diarioimagen.net\/index.php?rest_route=\/wp\/v2\/posts\/462482\/revisions"}],"wp:featuredmedia":[{"embeddable":true,"href":"https:\/\/www.diarioimagen.net\/index.php?rest_route=\/wp\/v2\/media\/462581"}],"wp:attachment":[{"href":"https:\/\/www.diarioimagen.net\/index.php?rest_route=%2Fwp%2Fv2%2Fmedia&parent=462482"}],"wp:term":[{"taxonomy":"category","embeddable":true,"href":"https:\/\/www.diarioimagen.net\/index.php?rest_route=%2Fwp%2Fv2%2Fcategories&post=462482"},{"taxonomy":"post_tag","embeddable":true,"href":"https:\/\/www.diarioimagen.net\/index.php?rest_route=%2Fwp%2Fv2%2Ftags&post=462482"}],"curies":[{"name":"wp","href":"https:\/\/api.w.org\/{rel}","templated":true}]}}