{"id":462507,"date":"2020-03-05T00:02:39","date_gmt":"2020-03-05T06:02:39","guid":{"rendered":"https:\/\/www.diarioimagen.net\/?p=462507"},"modified":"2020-03-06T01:28:01","modified_gmt":"2020-03-06T07:28:01","slug":"por-que-sanchez-cordero-no-dice-nombres","status":"publish","type":"post","link":"https:\/\/www.diarioimagen.net\/?p=462507","title":{"rendered":"\u00bfPor qu\u00e9 S\u00e1nchez Cordero no dice nombres?"},"content":{"rendered":"<h2>La Retaguardia<\/h2>\n<h5>Adriana Moreno Cordero<\/h5>\n<p>&nbsp;<\/p>\n<ul>\n<li><strong><em>De Hoyos pone \u201clos puntos sobre las \u00edes\u201d<\/em><\/strong><\/li>\n<li><strong><em>Cancelaci\u00f3n de doble remolque para evitar m\u00e1s muertes<\/em><\/strong><\/li>\n<\/ul>\n<p>&nbsp;<\/p>\n<p>Una voz sensata es sin duda la del presidente de la Confederaci\u00f3n Patronal de la Rep\u00fablica Mexicana, <strong>Gustavo de Hoyos<\/strong>, para que el presidente <strong>Andr\u00e9s Manuel L\u00f3pez Obrador<\/strong>, deje de estar culpando al pasado de todos sus errores.<\/p>\n<p>Un d\u00eda s\u00ed y al otro tambi\u00e9n, al tabasque\u00f1o se le va en repetir una y otra vez que en t\u00e9rminos econ\u00f3micos, \u201cvamos muy bien\u201d; que el peso \u201cest\u00e1 fortach\u00f3n\u201d y que lo que pasa es que tras las cr\u00edticas a su gobierno, desde luego, tambi\u00e9n en materia econ\u00f3mica, se esconde toda la molestia de los neoliberales y conservadores porque ya no tienen los privilegios de antes.<\/p>\n<p>La anterior, es una versi\u00f3n demasiado simplista, por eso es muy bueno que el presidente de la Coparmex haya puesto \u201clos puntos sobre las \u00edes\u201d, al se\u00f1alar que las pol\u00edticas que impulsa esta llamada cuarta transformaci\u00f3n, son las que han dado al traste con las inversiones en M\u00e9xico, como puede observarse, por ejemplo, en el sector energ\u00e9tico.<\/p>\n<p>Por otra parte y en lo que ha sido y seguir\u00e1 siendo el tema, las mujeres, la secretaria de Gobernaci\u00f3n, <strong>Olga S\u00e1nchez Cordero<\/strong> se pronunci\u00f3 a favor del #UnD\u00edaSinMujeres porque piden pol\u00edticas p\u00fablicas a favor de ellas.<\/p>\n<p>La titular de la Segob asegur\u00f3 que es absolutamente leg\u00edtimo este movimiento, \u201cestoy de acuerdo con el reclamo que est\u00e1n haciendo, por supuesto que hay violencia, a veces soterrada, a veces p\u00fablica\u201d. Refiri\u00f3 la secretaria S\u00e1nchez Cordero que hay machismo cultural que padecemos las mujeres y dijo ser emp\u00e1tica con este tipo de manifestaciones.<\/p>\n<p>A nombre del gobierno, la titular de la Segob se\u00f1al\u00f3 que ya est\u00e1n enterados que habr\u00e1 el d\u00eda 7 de marzo una cadena humana; las manifestaciones del domingo 8 de marzo \u201cyo estar\u00e9 con el presidente en Fresnillo Zacatecas\u201d al igual que otras integrantes del gabinete l\u00f3pezobradorista.<\/p>\n<p>Algo importante, anunci\u00f3 que hoy en la Segob a la una y media de la tarde, se anunciar\u00e1n las medidas para reducir y acabar con la violencia en contra de las mujeres.<\/p>\n<p>En otra opini\u00f3n que no deja de ser importante, la secretaria no descart\u00f3 que hay mujeres que nunca han formado parte del movimiento feminista y se montan en esa ola, \u201cson oportunistas y quieren llevar agua a su molino. Son personas que han luchado por que las mujeres vayan a las c\u00e1rceles\u201d.<\/p>\n<p>La titular de Segob no dijo nombres y apellidos, (\u00bfpor qu\u00e9 ser\u00eda?), pero descart\u00f3 estar hablando de partidos pol\u00edticos, sino m\u00e1s bien de mujeres.<\/p>\n<p>Entre las medidas que se anunciar\u00e1n hoy en Gobernaci\u00f3n, su titular dijo que habr\u00e1 una l\u00ednea de emergencia solo entre mujeres; convenios para que las mujeres puedan ser protegidas de forma inmediata y se supone que se implementar\u00e1n centros de justicia para atender la violencia intrafamiliar.<\/p>\n<p>Todo eso se oye muy bonito pero, \u00bfesta llamada cuarta transformaci\u00f3n lo lograr\u00e1?<\/p>\n<p style=\"text-align: center;\"><strong>MUNICIONES<\/strong><\/p>\n<p>*** \u00bfQui\u00e9n le aconsejar\u00eda al presidente L\u00f3pez Obrador que se retractara en eso de iniciar la venta de su rifa, no rifa justamente para el lunes 9 de marzo? Ayer, en su gustad\u00edsima conferencia matutina que por cierto se volvi\u00f3 un caos propiciado por el siempre flamante vocero <strong>Jes\u00fas Ram\u00edrez Cuevas<\/strong>, acostumbrado a sembrar preguntas de lo m\u00e1s inteligentes, (\u00a1\u00a1uuuyyy, sii\u00ed!!), con el objetivo de desestabilizar, el jefe del Ejecutivo dijo desconocer que el pr\u00f3ximo lunes se dar\u00eda el paro de mujeres; entonces, recul\u00f3 para cambiar el d\u00eda de la venta de su rid\u00edcula rifa al d\u00eda siguiente, es decir, el 10 de marzo. Esto lo hizo porque ya est\u00e1 viendo que electoralmente le costar\u00eda much\u00edsimo echarse encima a las mujeres, que sin duda y ante tantas provocaciones, le dar\u00e1n su voto de castigo, no importa que no sab\u00eda lo del #UnD\u00edaSinMujeres, ya que a diario, las feministas han sido v\u00edctimas hasta de agresiones por parte de los distinguidos miembros de la llamada cuarta transformaci\u00f3n. Es indudable que el tema del feminismo ha revisado al resto de los temas que hay en la agenda nacional.<\/p>\n<p>*** El pseudoperiodista <strong>Marco Olvera<\/strong>, de un portal \u201cpatito\u201d que ayer agredi\u00f3 a una feminista como <strong>Frida Guerrera<\/strong>, responde a las \u00f3rdenes del flamante vocero <strong>Jes\u00fas Ram\u00edrez Cuevas<\/strong>, que le manda las preguntas que debe de hacer. Este tipejo es un mis\u00f3gino que vende sus contactos con la llamada cuarta transformaci\u00f3n as\u00ed como con legisladores del PT y desde luego, de Morena, cobrando sin empacho alguno. Adem\u00e1s, sorprende a ingenuos con proyectos como aquel de que har\u00e1 un nuevo peri\u00f3dico por instrucciones del presidente. Al que le deber\u00edan de abrir una investigaci\u00f3n sobre la manera en que se allega de recursos, es a \u00e9l. La vulgaridad y la groser\u00eda es la caracter\u00edstica principal del \u201cstand-up\u201d ma\u00f1anero.<\/p>\n<p>*** Se inici\u00f3 en el Senado el Foro \u201cDoble Remolque, Equilibrando el Desarrollo Econ\u00f3mico y la Seguridad Vial\u201d, para conocer las posturas e informaci\u00f3n sobre el uso de esos veh\u00edculos en las carreteras de M\u00e9xico. Claramente existen dos posiciones, posiblemente irreconciliables; una es la de los empresarios y transportistas y la de organizaciones civiles y usuarios de carreteras, entre ellos familiares de v\u00edctimas de los dobles remolques. Toc\u00f3 al senador <strong>Higinio Mart\u00ednez<\/strong>, presidente de la Comisi\u00f3n de Comunicaciones y Transportes, llevar el Foro. El legislador consider\u00f3 que es el primer paso para que los senadores y senadoras puedan tener los elementos necesarios para poder regular este medio de transporte. En esta mesa de trabajo, se escuch\u00f3 la postura de los empresarios, quienes se\u00f1alaron que con transportes m\u00e1s chicos se producen un mayor n\u00famero de accidentes y m\u00e1s fallecimientos; que el doble remolque transporta el 56% de toda la carga nacional por las diversas arterias del pa\u00eds y el 100% en ciudades; funcionarios que bas\u00e1ndose en estad\u00edsticas dicen que no son los m\u00e1s generadores de muerte en las carreteras. Desde la tribuna se escuch\u00f3 la voz de <strong>H\u00e9ctor Gandini<\/strong>, quien exigi\u00f3 la cancelaci\u00f3n del doble remolque para que ninguna otra familia pierda un ser querido, porque -dijo-, \u00bfd\u00edganme qui\u00e9n se siente seguro viajando al lado de un doble-remolque, en carretera o en cualquier avenida de cualquier ciudad? Por su parte, <strong>Jorge Eduardo Arreola Cavazos<\/strong>, Jefe de Competitividad y Competencia de las Secretar\u00eda de Econom\u00eda dijo que por cada 100 millones de toneladas\/kil\u00f3metro que se desplazan en un veh\u00edculo doble articulado se generan cuatro accidentes y los sencillos provocan 1.4 accidentes. Por su parte, la senadora <strong>Lucy Meza<\/strong>, de Morena, explic\u00f3 que el 67% de los dobles remolques tienen m\u00e1s de 17 a\u00f1os de edad y que nuestras carreteras no son adecuadas para estos veh\u00edculos. Nada de los que est\u00e1n en la reglamentaci\u00f3n se cumple y no hay manera de regular su circulaci\u00f3n, por lo que se tiene que prohibir. Habr\u00e1 que escuchar a m\u00e1s expertos y familiares de v\u00edctimas para tener un panorama m\u00e1s amplio y poder sacar conclusiones.<\/p>\n<p><a href=\"mailto:morcora@gmail.com\" target=\"_blank\" rel=\"noopener noreferrer\"><em>morcora@gmail.com<\/em><\/a><\/p>\n","protected":false},"excerpt":{"rendered":"<p><span style=\"color: #005497;\"><strong>Adriana Moreno Cordero<\/strong><\/span><\/p>\n","protected":false},"author":3,"featured_media":0,"comment_status":"open","ping_status":"open","sticky":false,"template":"","format":"standard","meta":{"_monsterinsights_skip_tracking":false,"_monsterinsights_sitenote_active":false,"_monsterinsights_sitenote_note":"","_monsterinsights_sitenote_category":0,"footnotes":""},"categories":[69370],"tags":[69369,69368,43674],"class_list":["post-462507","post","type-post","status-publish","format-standard","hentry","category-adriana-moreno-cordero","tag-adriana-moreno-cordero","tag-la-retaguardia","tag-opinion"],"_links":{"self":[{"href":"https:\/\/www.diarioimagen.net\/index.php?rest_route=\/wp\/v2\/posts\/462507","targetHints":{"allow":["GET"]}}],"collection":[{"href":"https:\/\/www.diarioimagen.net\/index.php?rest_route=\/wp\/v2\/posts"}],"about":[{"href":"https:\/\/www.diarioimagen.net\/index.php?rest_route=\/wp\/v2\/types\/post"}],"author":[{"embeddable":true,"href":"https:\/\/www.diarioimagen.net\/index.php?rest_route=\/wp\/v2\/users\/3"}],"replies":[{"embeddable":true,"href":"https:\/\/www.diarioimagen.net\/index.php?rest_route=%2Fwp%2Fv2%2Fcomments&post=462507"}],"version-history":[{"count":0,"href":"https:\/\/www.diarioimagen.net\/index.php?rest_route=\/wp\/v2\/posts\/462507\/revisions"}],"wp:attachment":[{"href":"https:\/\/www.diarioimagen.net\/index.php?rest_route=%2Fwp%2Fv2%2Fmedia&parent=462507"}],"wp:term":[{"taxonomy":"category","embeddable":true,"href":"https:\/\/www.diarioimagen.net\/index.php?rest_route=%2Fwp%2Fv2%2Fcategories&post=462507"},{"taxonomy":"post_tag","embeddable":true,"href":"https:\/\/www.diarioimagen.net\/index.php?rest_route=%2Fwp%2Fv2%2Ftags&post=462507"}],"curies":[{"name":"wp","href":"https:\/\/api.w.org\/{rel}","templated":true}]}}