{"id":462605,"date":"2020-03-06T00:05:05","date_gmt":"2020-03-06T06:05:05","guid":{"rendered":"https:\/\/www.diarioimagen.net\/?p=462605"},"modified":"2020-03-09T00:41:33","modified_gmt":"2020-03-09T06:41:33","slug":"amlo-habra-castigo-en-el-caso-hospital-de-pemex","status":"publish","type":"post","link":"https:\/\/www.diarioimagen.net\/?p=462605","title":{"rendered":"Habr\u00e1 castigo en caso del hospital de Pemex, afirma L\u00f3pez Obrador"},"content":{"rendered":"<ul>\n<li><strong><em>Aplicaci\u00f3n de medicamento contaminado<\/em><\/strong><\/li>\n<li><strong><em>Asegura que se investigan las muertes de pacientes en Villahermosa, Tabasco<\/em><\/strong><\/li>\n<\/ul>\n<p>&nbsp;<\/p>\n<div id=\"attachment_462606\" style=\"width: 470px\" class=\"wp-caption aligncenter\"><img loading=\"lazy\" decoding=\"async\" aria-describedby=\"caption-attachment-462606\" class=\"size-large wp-image-462606\" src=\"https:\/\/www.diarioimagen.net\/wp-content\/uploads\/2020\/03\/TABASCO5-portal-460x268.png\" alt=\"\" width=\"460\" height=\"268\" srcset=\"https:\/\/www.diarioimagen.net\/wp-content\/uploads\/2020\/03\/TABASCO5-portal-460x268.png 460w, https:\/\/www.diarioimagen.net\/wp-content\/uploads\/2020\/03\/TABASCO5-portal-240x140.png 240w, https:\/\/www.diarioimagen.net\/wp-content\/uploads\/2020\/03\/TABASCO5-portal.png 480w\" sizes=\"auto, (max-width: 460px) 100vw, 460px\" \/><p id=\"caption-attachment-462606\" class=\"wp-caption-text\">Andr\u00e9s Manuel L\u00f3pez Obrador descart\u00f3 que una de las causas de la muerte en hospital regional de Pemex en Villahermosa haya sido por medicamentos \u201cpirata&#8217;.<\/p><\/div>\n<p>&nbsp;<\/p>\n<p>Luego de que se diera a conocer la muerte de dos personas en el hospital regional de Pemex en Villahermosa provocadas por un medicamento en mal estado, el presidente Andr\u00e9s Manuel L\u00f3pez Obrador asegur\u00f3 que ya se inici\u00f3 una investigaci\u00f3n sobre el tema.<\/p>\n<p>Durante la conferencia matutina, dijo que M\u00e9xico tiene a los mejores especialistas en materia de salud y asegur\u00f3 que su administraci\u00f3n est\u00e1 cuidando la calidad de los medicamentos porque no hacerlo ser\u00eda un acto criminal.<\/p>\n<p>Asimismo, descart\u00f3 que una de las causas de la muerte haya sido por \u2018medicinas pirata\u2019, pues, en su gobierno, \u201cse acab\u00f3 lo que hac\u00edan anteriores gobiernos\u201d, como \u201cponer agua a los medicamentos\u201d.<\/p>\n<p>\u201cNo podemos hacer lo que hac\u00edan antes, rellenaban con agua las curas del c\u00e1ncer o todo esto que todav\u00eda est\u00e1n padeciendo de falta de cuidado, infecciones que se provocan, en el uso de medicamentos. Es descuido y se est\u00e1 investigando. Se va a castigar a los responsables, sean los que adquirieron el producto los que lo vendieron\u201d, expres\u00f3.<\/p>\n<p>El mandatario no quiso abundar en el tema debido a la investigaci\u00f3n que se realiza, sin embargo, adelant\u00f3 que se castigar\u00e1 a los responsables, los que adquirieron el producto y los que lo vendieron.<\/p>\n<p>\u201cQuiero tener todos los elementos y se van a castigar a todos los responsables, sea los que adquirieron los productos, los que vendieron. Hay una investigaci\u00f3n abierta\u201d, comento. Dijo que hay una investigaci\u00f3n abierta sobre el tema para detectar a los responsables de tener un medicamento contaminado en el hospital de Pemex.<\/p>\n<p>El Presidente reiter\u00f3 que en el sector Salud hay muchas denuncias relacionadas con actos de corrupci\u00f3n. Explic\u00f3 que est\u00e1 en marcha la compra de medicamentos en el extranjero para terminar con las empresas que ten\u00edan el monopolio de abasto de medicinas.<\/p>\n<p>En este sentido, dijo que poco a poco se va a ir abriendo la competencia en el sector porque eso ayuda a mejorar el precio final para el consumidor.<\/p>\n<p>\u201cHubo un decreto especial para que se pudieran adquirir medicamentos en cualquier pa\u00eds del mundo porque ya les he dicho est\u00e1n en algunos casos cerrando el mercado, no se permit\u00eda que entraran medicamentos. Se daban casos en que una empresa era la que ten\u00eda que abastecer, grandes empresas famosas mundiales no pod\u00edan entrar\u201d, apunt\u00f3.<\/p>\n","protected":false},"excerpt":{"rendered":"<p>Luego de que se diera a conocer la muerte de dos personas en el hospital regional de Pemex en Villahermosa provocadas por un medicamento en mal estado, el presidente Andr\u00e9s Manuel L\u00f3pez Obrador asegur\u00f3 que ya se inici\u00f3 una investigaci\u00f3n sobre el tema.<\/p>\n","protected":false},"author":5,"featured_media":462606,"comment_status":"open","ping_status":"open","sticky":false,"template":"","format":"standard","meta":{"_monsterinsights_skip_tracking":false,"_monsterinsights_sitenote_active":false,"_monsterinsights_sitenote_note":"","_monsterinsights_sitenote_category":0,"footnotes":""},"categories":[3],"tags":[1352,84606,90478,5476,90418,4696,84228,292,90464,43692],"class_list":["post-462605","post","type-post","status-publish","format-standard","has-post-thumbnail","hentry","category-nacional","tag-andres-manuel-lopez-obrador","tag-castigo","tag-contaminado","tag-hospital","tag-hospital-de-pemex","tag-justicia","tag-medicamento","tag-pemex","tag-pemex-en-villahermosa","tag-salud"],"_links":{"self":[{"href":"https:\/\/www.diarioimagen.net\/index.php?rest_route=\/wp\/v2\/posts\/462605","targetHints":{"allow":["GET"]}}],"collection":[{"href":"https:\/\/www.diarioimagen.net\/index.php?rest_route=\/wp\/v2\/posts"}],"about":[{"href":"https:\/\/www.diarioimagen.net\/index.php?rest_route=\/wp\/v2\/types\/post"}],"author":[{"embeddable":true,"href":"https:\/\/www.diarioimagen.net\/index.php?rest_route=\/wp\/v2\/users\/5"}],"replies":[{"embeddable":true,"href":"https:\/\/www.diarioimagen.net\/index.php?rest_route=%2Fwp%2Fv2%2Fcomments&post=462605"}],"version-history":[{"count":0,"href":"https:\/\/www.diarioimagen.net\/index.php?rest_route=\/wp\/v2\/posts\/462605\/revisions"}],"wp:featuredmedia":[{"embeddable":true,"href":"https:\/\/www.diarioimagen.net\/index.php?rest_route=\/wp\/v2\/media\/462606"}],"wp:attachment":[{"href":"https:\/\/www.diarioimagen.net\/index.php?rest_route=%2Fwp%2Fv2%2Fmedia&parent=462605"}],"wp:term":[{"taxonomy":"category","embeddable":true,"href":"https:\/\/www.diarioimagen.net\/index.php?rest_route=%2Fwp%2Fv2%2Fcategories&post=462605"},{"taxonomy":"post_tag","embeddable":true,"href":"https:\/\/www.diarioimagen.net\/index.php?rest_route=%2Fwp%2Fv2%2Ftags&post=462605"}],"curies":[{"name":"wp","href":"https:\/\/api.w.org\/{rel}","templated":true}]}}