{"id":462649,"date":"2020-03-06T00:03:08","date_gmt":"2020-03-06T06:03:08","guid":{"rendered":"https:\/\/www.diarioimagen.net\/?p=462649"},"modified":"2020-03-06T01:19:19","modified_gmt":"2020-03-06T07:19:19","slug":"garantiza-segob-a-mujeres-el-derecho-a-la-manifestacion","status":"publish","type":"post","link":"https:\/\/www.diarioimagen.net\/?p=462649","title":{"rendered":"Garantiza Segob a mujeres el derecho a la manifestaci\u00f3n"},"content":{"rendered":"<ul>\n<li><em><strong>Llama a que movilizaciones sean pac\u00edficas<\/strong><\/em><\/li>\n<li><em><strong>Cierran filas en torno al Presidente, ante cr\u00edticas de feministas<\/strong><\/em><\/li>\n<\/ul>\n<p>&nbsp;<\/p>\n<div id=\"attachment_462701\" style=\"width: 470px\" class=\"wp-caption aligncenter\"><a href=\"https:\/\/www.diarioimagen.net\/?attachment_id=462701\" rel=\"attachment wp-att-462701\"><img loading=\"lazy\" decoding=\"async\" aria-describedby=\"caption-attachment-462701\" class=\"size-large wp-image-462701\" src=\"https:\/\/www.diarioimagen.net\/wp-content\/uploads\/2020\/03\/gobernacion-460x259.jpg\" alt=\"\" width=\"460\" height=\"259\" srcset=\"https:\/\/www.diarioimagen.net\/wp-content\/uploads\/2020\/03\/gobernacion-460x259.jpg 460w, https:\/\/www.diarioimagen.net\/wp-content\/uploads\/2020\/03\/gobernacion-240x135.jpg 240w, https:\/\/www.diarioimagen.net\/wp-content\/uploads\/2020\/03\/gobernacion-235x132.jpg 235w, https:\/\/www.diarioimagen.net\/wp-content\/uploads\/2020\/03\/gobernacion-202x114.jpg 202w, https:\/\/www.diarioimagen.net\/wp-content\/uploads\/2020\/03\/gobernacion-350x196.jpg 350w, https:\/\/www.diarioimagen.net\/wp-content\/uploads\/2020\/03\/gobernacion-220x123.jpg 220w, https:\/\/www.diarioimagen.net\/wp-content\/uploads\/2020\/03\/gobernacion-237x132.jpg 237w, https:\/\/www.diarioimagen.net\/wp-content\/uploads\/2020\/03\/gobernacion.jpg 480w\" sizes=\"auto, (max-width: 460px) 100vw, 460px\" \/><\/a><p id=\"caption-attachment-462701\" class=\"wp-caption-text\">Olga S\u00e1nchez Cordero hizo un llamado respetuoso a que las protestas de esos d\u00edas se lleven a cabo de forma pac\u00edfica y civilizada.<\/p><\/div>\n<p>&nbsp;<\/p>\n<p>Las integrantes del gabinete de Andr\u00e9s Manuel L\u00f3pez Obrador cerraron filas y le mostraron su apoyo, adem\u00e1s de reiterar que las mujeres son prioridad de la Cuarta Transformaci\u00f3n, ante la ola de cr\u00edticas por parte de grupos feministas.<\/p>\n<p>Encabezadas por Olga S\u00e1nchez Cordero, titular de Gobernaci\u00f3n, secretarias de Estado y responsables de distintas instituciones respaldaron el proyecto pol\u00edtico del Presidente y presumieron los programas y medidas que se han implementado en favor de las mujeres.<\/p>\n<p>\u201cLas mujeres son la prioridad de la Cuarta Transformaci\u00f3n, sin las mujeres M\u00e9xico no puede cambiar, no va a cambiar, no se va a transformar, y para ello el gabinete liderado por el presidente Andr\u00e9s Manuel L\u00f3pez Obrador trabaja para que las pol\u00edticas y las acciones se integren a las necesidades espec\u00edficas de todas las mexicanas\u201d, asever\u00f3 S\u00e1nchez Cordero.<\/p>\n<p>De cara a las marchas y el paro que realizar\u00e1n mujeres en diversos puntos de la Rep\u00fablica los pr\u00f3ximos 8 y 9 de marzo, S\u00e1nchez Cordero garantiz\u00f3 el derecho a la manifestaci\u00f3n de los colectivos. La funcionaria hizo un llamado respetuoso a que las protestas de esos d\u00edas se lleven a cabo de forma pac\u00edfica y civilizada.<\/p>\n<p>\u201cHacemos un llamado para que todas las manifestaciones y eventos que tengan lugar con motivo del D\u00eda Internacional de la Mujer se realicen con paz y civilidad\u201d, enfatiz\u00f3 S\u00e1nchez Cordero con motivo del Informe sobre pol\u00edticas y acciones del Gobierno de M\u00e9xico a favor de las mujeres y ni\u00f1as.<\/p>\n<p>En ese sentido, la funcionaria federal resalt\u00f3 que la Secretar\u00eda de Gobernaci\u00f3n (Segob) estar\u00e1 atenta a la actuaci\u00f3n de los cuerpos policiacos, a fin de que se garantice plenamente el derecho a la manifestaci\u00f3n de las mujeres.<\/p>\n<p>Afirm\u00f3 asimismo que la administraci\u00f3n federal seguir\u00e1 escuchando los reclamos y las peticiones que los colectivos feministas viertan con motivo de la marcha y darles una respuesta oportuna. \u201cQueremos decirles de nuevo a las mujeres que desde el gobierno estaremos escuchando sus demandas y poniendo atenci\u00f3n a sus reclamos, pero tambi\u00e9n estamos trabajando d\u00eda a d\u00eda para contar con las mejores pol\u00edticas y acciones para darles respuesta\u201d, enfatiz\u00f3 S\u00e1nchez Cordero.<\/p>\n<p>La tambi\u00e9n ministra en retiro de la Suprema Corte de Justicia de la Naci\u00f3n resalt\u00f3 que las mujeres que salgan a manifestarse este fin de semana plantar\u00e1n una semilla que dejar\u00e1 atr\u00e1s las experiencias opresivas a las que han sido sometidas.<\/p>\n<p>S\u00e1nchez Cordero, asegur\u00f3 que el gobierno del presidente Andr\u00e9s Manuel L\u00f3pez Obrador atender\u00e1 las demandas de las mujeres que son una prioridad para la cuarta transformaci\u00f3n y dijo que la marcha del 8 de marzo es necesaria para \u201celiminar el patriarcado\u201d.<\/p>\n<p>\u201cLa movilizaci\u00f3n de mujeres es oportuna y necesaria para avanzar en nuestros derechos y oportunidades, para superar nuestras diferencias y eliminar el patriarcado y que la solidaridad de las mujeres y el respaldo de los hombres a estas causas se potencialice\u201d, dijo.<\/p>\n","protected":false},"excerpt":{"rendered":"<p>Las integrantes del gabinete de Andr\u00e9s Manuel L\u00f3pez Obrador cerraron filas y le mostraron su apoyo, adem\u00e1s de reiterar que las mujeres son prioridad de la Cuarta Transformaci\u00f3n, ante la ola de cr\u00edticas por parte de grupos feministas.<\/p>\n","protected":false},"author":3,"featured_media":462701,"comment_status":"open","ping_status":"open","sticky":false,"template":"","format":"standard","meta":{"_monsterinsights_skip_tracking":false,"_monsterinsights_sitenote_active":false,"_monsterinsights_sitenote_note":"","_monsterinsights_sitenote_category":0,"footnotes":""},"categories":[3],"tags":[1306,18397,1921,43673,10638,66060],"class_list":["post-462649","post","type-post","status-publish","format-standard","has-post-thumbnail","hentry","category-nacional","tag-derecho","tag-manifestacion","tag-mujeres","tag-nacional","tag-olga-sanchez-cordero","tag-segog"],"_links":{"self":[{"href":"https:\/\/www.diarioimagen.net\/index.php?rest_route=\/wp\/v2\/posts\/462649","targetHints":{"allow":["GET"]}}],"collection":[{"href":"https:\/\/www.diarioimagen.net\/index.php?rest_route=\/wp\/v2\/posts"}],"about":[{"href":"https:\/\/www.diarioimagen.net\/index.php?rest_route=\/wp\/v2\/types\/post"}],"author":[{"embeddable":true,"href":"https:\/\/www.diarioimagen.net\/index.php?rest_route=\/wp\/v2\/users\/3"}],"replies":[{"embeddable":true,"href":"https:\/\/www.diarioimagen.net\/index.php?rest_route=%2Fwp%2Fv2%2Fcomments&post=462649"}],"version-history":[{"count":0,"href":"https:\/\/www.diarioimagen.net\/index.php?rest_route=\/wp\/v2\/posts\/462649\/revisions"}],"wp:featuredmedia":[{"embeddable":true,"href":"https:\/\/www.diarioimagen.net\/index.php?rest_route=\/wp\/v2\/media\/462701"}],"wp:attachment":[{"href":"https:\/\/www.diarioimagen.net\/index.php?rest_route=%2Fwp%2Fv2%2Fmedia&parent=462649"}],"wp:term":[{"taxonomy":"category","embeddable":true,"href":"https:\/\/www.diarioimagen.net\/index.php?rest_route=%2Fwp%2Fv2%2Fcategories&post=462649"},{"taxonomy":"post_tag","embeddable":true,"href":"https:\/\/www.diarioimagen.net\/index.php?rest_route=%2Fwp%2Fv2%2Ftags&post=462649"}],"curies":[{"name":"wp","href":"https:\/\/api.w.org\/{rel}","templated":true}]}}