{"id":462651,"date":"2020-03-06T00:05:32","date_gmt":"2020-03-06T06:05:32","guid":{"rendered":"https:\/\/www.diarioimagen.net\/?p=462651"},"modified":"2020-03-06T01:22:12","modified_gmt":"2020-03-06T07:22:12","slug":"mas-de-50-sancionados-por-violencia-de-genero-en-la-uaem","status":"publish","type":"post","link":"https:\/\/www.diarioimagen.net\/?p=462651","title":{"rendered":"M\u00e1s de 50 sancionados por violencia de g\u00e9nero en la UAEM"},"content":{"rendered":"<ul>\n<li><strong><em>Universitarias han presentado 21 denuncias ante el MP<\/em><\/strong><\/li>\n<\/ul>\n<p>&nbsp;<\/p>\n<div id=\"attachment_462705\" style=\"width: 470px\" class=\"wp-caption aligncenter\"><a href=\"https:\/\/www.diarioimagen.net\/?attachment_id=462705\" rel=\"attachment wp-att-462705\"><img loading=\"lazy\" decoding=\"async\" aria-describedby=\"caption-attachment-462705\" class=\"size-large wp-image-462705\" src=\"https:\/\/www.diarioimagen.net\/wp-content\/uploads\/2020\/03\/UAEM6-460x259.jpg\" alt=\"\" width=\"460\" height=\"259\" srcset=\"https:\/\/www.diarioimagen.net\/wp-content\/uploads\/2020\/03\/UAEM6-460x259.jpg 460w, https:\/\/www.diarioimagen.net\/wp-content\/uploads\/2020\/03\/UAEM6-240x135.jpg 240w, https:\/\/www.diarioimagen.net\/wp-content\/uploads\/2020\/03\/UAEM6-235x132.jpg 235w, https:\/\/www.diarioimagen.net\/wp-content\/uploads\/2020\/03\/UAEM6-202x114.jpg 202w, https:\/\/www.diarioimagen.net\/wp-content\/uploads\/2020\/03\/UAEM6-350x196.jpg 350w, https:\/\/www.diarioimagen.net\/wp-content\/uploads\/2020\/03\/UAEM6-220x123.jpg 220w, https:\/\/www.diarioimagen.net\/wp-content\/uploads\/2020\/03\/UAEM6-237x132.jpg 237w, https:\/\/www.diarioimagen.net\/wp-content\/uploads\/2020\/03\/UAEM6.jpg 480w\" sizes=\"auto, (max-width: 460px) 100vw, 460px\" \/><\/a><p id=\"caption-attachment-462705\" class=\"wp-caption-text\">Desde 2018 la administraci\u00f3n del rector Alfredo Barrera Baca ha sancionado a un total de 51 profesores \u2013hombres y mujeres- y un alumno denunciados por violencia de g\u00e9nero.<\/p><\/div>\n<p>&nbsp;<\/p>\n<p><strong>Toluca, Estado de M\u00e9xico<\/strong>.\u2013 Firme en su pol\u00edtica de cero tolerancia ante cualquier acto, gesto, postura o acci\u00f3n que atente contra la dignidad e integridad de las universitarias, desde 2018 la administraci\u00f3n del rector Alfredo Barrera Baca ha sancionado a un total de 51 profesores \u2013hombres y mujeres- y un alumno denunciados por violencia de g\u00e9nero.<\/p>\n<p>Entre 2018 y 2019, la instituci\u00f3n destituy\u00f3 a 16 profesores por Procedimiento de Responsabilidad Universitaria; en tanto, cuatro m\u00e1s fueron separados de sus cargos por renuncia o despido.<\/p>\n<p>Adem\u00e1s, a partir de las denuncias realizadas desde el pasado 20 de febrero, la instituci\u00f3n ha suspendido, destituido o despedido a 31 profesores m\u00e1s de un total de 14 espacios acad\u00e9micos de nivel medio y superior.<\/p>\n<p>Dichos espacios son los planteles \u201cLic. Adolfo L\u00f3pez Mateos\u201d, \u201cDr. \u00c1ngel Mar\u00eda Garibay K.\u201d y \u201cDr. Pablo Gonz\u00e1lez Casanova\u201d de la Escuela Preparatoria; adem\u00e1s de las facultades de Arquitectura y Dise\u00f1o, Contadur\u00eda y Administraci\u00f3n, Derecho, Humanidades, Odontolog\u00eda, Qu\u00edmica, Turismo, Ciencias Pol\u00edticas y Sociales y Lenguas, as\u00ed como la Escuela de Artes Esc\u00e9nicas y Potros.<\/p>\n<p>De igual manera, como medida de protecci\u00f3n, se suspendieron los derechos universitarios del alumno Luis Daniel \u201cN\u201d de la Facultad de Ciencias de la Conducta, acusado por sus compa\u00f1eras de difundir im\u00e1genes privadas en internet.<\/p>\n<p>Cabe destacar que hasta el momento, con la asesor\u00eda legal de la Oficina del Abogado General de la UAEM, las universitarias han presentado ante el Ministerio P\u00fablico, 21 denuncias por acoso y hostigamiento sexual contra maestros y alumnos universitarios. Del total de denuncias, 11 son por el robo y difusi\u00f3n de fotograf\u00edas \u00edntimas de alumnas de la Facultad de Ciencias de la Conducta, mientras que 10 carpetas de investigaci\u00f3n derivan de las acusaciones p\u00fablicas en contra de alumnos y maestros, a trav\u00e9s de tendederos en espacios universitarios.<\/p>\n","protected":false},"excerpt":{"rendered":"<p>Firme en su pol\u00edtica de cero tolerancia ante cualquier acto, gesto, postura o acci\u00f3n que atente contra la dignidad e integridad de las universitarias, desde 2018 la administraci\u00f3n del rector Alfredo Barrera Baca ha sancionado a un total de 51 profesores \u2013hombres y mujeres- y un alumno denunciados por violencia de g\u00e9nero.<\/p>\n","protected":false},"author":3,"featured_media":462705,"comment_status":"open","ping_status":"open","sticky":false,"template":"","format":"standard","meta":{"_monsterinsights_skip_tracking":false,"_monsterinsights_sitenote_active":false,"_monsterinsights_sitenote_note":"","_monsterinsights_sitenote_category":0,"footnotes":""},"categories":[5],"tags":[43675,90479,452,1491,14425],"class_list":["post-462651","post","type-post","status-publish","format-standard","has-post-thumbnail","hentry","category-estado-de-mexico","tag-estado-de-mexico","tag-sancionados","tag-toluca","tag-uaem","tag-violencia-de-genero"],"_links":{"self":[{"href":"https:\/\/www.diarioimagen.net\/index.php?rest_route=\/wp\/v2\/posts\/462651","targetHints":{"allow":["GET"]}}],"collection":[{"href":"https:\/\/www.diarioimagen.net\/index.php?rest_route=\/wp\/v2\/posts"}],"about":[{"href":"https:\/\/www.diarioimagen.net\/index.php?rest_route=\/wp\/v2\/types\/post"}],"author":[{"embeddable":true,"href":"https:\/\/www.diarioimagen.net\/index.php?rest_route=\/wp\/v2\/users\/3"}],"replies":[{"embeddable":true,"href":"https:\/\/www.diarioimagen.net\/index.php?rest_route=%2Fwp%2Fv2%2Fcomments&post=462651"}],"version-history":[{"count":0,"href":"https:\/\/www.diarioimagen.net\/index.php?rest_route=\/wp\/v2\/posts\/462651\/revisions"}],"wp:featuredmedia":[{"embeddable":true,"href":"https:\/\/www.diarioimagen.net\/index.php?rest_route=\/wp\/v2\/media\/462705"}],"wp:attachment":[{"href":"https:\/\/www.diarioimagen.net\/index.php?rest_route=%2Fwp%2Fv2%2Fmedia&parent=462651"}],"wp:term":[{"taxonomy":"category","embeddable":true,"href":"https:\/\/www.diarioimagen.net\/index.php?rest_route=%2Fwp%2Fv2%2Fcategories&post=462651"},{"taxonomy":"post_tag","embeddable":true,"href":"https:\/\/www.diarioimagen.net\/index.php?rest_route=%2Fwp%2Fv2%2Ftags&post=462651"}],"curies":[{"name":"wp","href":"https:\/\/api.w.org\/{rel}","templated":true}]}}