{"id":462652,"date":"2020-03-06T00:01:52","date_gmt":"2020-03-06T06:01:52","guid":{"rendered":"https:\/\/www.diarioimagen.net\/?p=462652"},"modified":"2020-03-06T01:23:47","modified_gmt":"2020-03-06T07:23:47","slug":"necesitas-pretextos-para-viajar-a-chicago","status":"publish","type":"post","link":"https:\/\/www.diarioimagen.net\/?p=462652","title":{"rendered":"\u00bfNecesitas pretextos para viajar a Chicago?"},"content":{"rendered":"<h2>De cinco estrellas<\/h2>\n<h5>Victoria Gonz\u00e1lez Prado<\/h5>\n<p><strong>\u00a0<\/strong><\/p>\n<ul>\n<li><strong><em>Este 2020 es el A\u00f1o de la M\u00fasica en la \u201cCiudad de los Vientos\u201d y tendr\u00e1s innumerables opciones de diversi\u00f3n<\/em><\/strong><\/li>\n<li><strong><em>PriceTravel incentiva al turismo a participar en el \u201cHot Travel\u201d, del 9 al 13 de marzo con importantes descuentos<\/em><\/strong><\/li>\n<\/ul>\n<p>&nbsp;<\/p>\n<div id=\"attachment_462708\" style=\"width: 470px\" class=\"wp-caption aligncenter\"><a href=\"https:\/\/www.diarioimagen.net\/?attachment_id=462708\" rel=\"attachment wp-att-462708\"><img loading=\"lazy\" decoding=\"async\" aria-describedby=\"caption-attachment-462708\" class=\"size-large wp-image-462708\" src=\"https:\/\/www.diarioimagen.net\/wp-content\/uploads\/2020\/03\/turismo-2-460x259.jpg\" alt=\"\" width=\"460\" height=\"259\" srcset=\"https:\/\/www.diarioimagen.net\/wp-content\/uploads\/2020\/03\/turismo-2-460x259.jpg 460w, https:\/\/www.diarioimagen.net\/wp-content\/uploads\/2020\/03\/turismo-2-240x135.jpg 240w, https:\/\/www.diarioimagen.net\/wp-content\/uploads\/2020\/03\/turismo-2-235x132.jpg 235w, https:\/\/www.diarioimagen.net\/wp-content\/uploads\/2020\/03\/turismo-2-202x114.jpg 202w, https:\/\/www.diarioimagen.net\/wp-content\/uploads\/2020\/03\/turismo-2-350x196.jpg 350w, https:\/\/www.diarioimagen.net\/wp-content\/uploads\/2020\/03\/turismo-2-220x123.jpg 220w, https:\/\/www.diarioimagen.net\/wp-content\/uploads\/2020\/03\/turismo-2-237x132.jpg 237w, https:\/\/www.diarioimagen.net\/wp-content\/uploads\/2020\/03\/turismo-2.jpg 480w\" sizes=\"auto, (max-width: 460px) 100vw, 460px\" \/><\/a><p id=\"caption-attachment-462708\" class=\"wp-caption-text\">Lisa Kenny.<\/p><\/div>\n<p>&nbsp;<\/p>\n<p>\u00bfNecesitas pretextos para viajar a Chicago?, el A\u00f1o de la M\u00fasica es el ideal para que conozcas la \u201cCiudad de los Vientos\u201d o regreses si ya la has visitado.<\/p>\n<p>Terrraza <em>Timberland<\/em> fue sede de la presentaci\u00f3n del A\u00f1o de la M\u00fasica que realiz\u00f3 <em>\u201cChoose Chicago\u201d.<\/em> Ah\u00ed estuvieron <strong>Michelle Gonz\u00e1lez<\/strong>, vicepresidente de Relaci\u00f3n con Medios y <strong>Lisa Kenny<\/strong>, director de Relaci\u00f3n con Medios, ambas de <em>Choose Chicago, <\/em>tambi\u00e9n, <strong>Elizabeth Vaca<\/strong> y <strong>Raphael Paredes<\/strong>, representantes de Relaciones P\u00fablicas, ambos de <em>Choose Chicago <\/em>en M\u00e9xico.<\/p>\n<p>En su oportunidad <strong>Lisa Kenny<\/strong> asegur\u00f3: \u201cse invertir\u00e1n 3.5 millones de d\u00f3lares para apoyar nuevos grupos, cantantes y artistas de distintos g\u00e9neros y con la intenci\u00f3n de mantener el desarrollo creativo y cultural, adem\u00e1s de espect\u00e1culos para dar becas \u2013inversi\u00f3n de 600 mil d\u00f3lares\u2014 y promover la m\u00fasica en los barrios m\u00e1s pobres\u201d<strong>.<\/strong><\/p>\n<p>Luego <strong>Raphael<\/strong> y <strong>Michelle<\/strong>, uno a uno se\u00f1alaron que habr\u00e1 dos estrenos mundiales: concierto para viol\u00edn n\u00famero 2 de <strong>Billy Childs<\/strong>, interpretado por la artista del viol\u00edn de Chicago y, nuevo trabajo del compositor de Chicago <strong>Mischa Zupko.<\/strong><\/p>\n<p>La Sinfon\u00eda de J\u00fapiter de <strong>Mozart<\/strong>, interpretar\u00e1 \u201cLa bella durmiente\u201d de <strong>Tchaikovsky,<\/strong> la Sinfon\u00eda de<strong> Berlioz<\/strong> y la Sinfon\u00eda Her\u00f3ica de <strong>Beethoven,<\/strong> celebrar\u00e1n el 250 aniversario del nacimiento del alem\u00e1n-austriaco <strong>Ludwing van Beethoven<\/strong>.<\/p>\n<p>Tambi\u00e9n clase magistral y recital con el pianista <strong>Andreas Haefliger<\/strong>, marat\u00f3n de piano en el escenario <em>Pritzker<\/em>, as\u00ed como programaci\u00f3n familiar en el <em>Millennium Park<\/em> y conciertos de c\u00e1mara en distintos parques de la ciudad de Chicago.<\/p>\n<p>El D\u00eda de la Independencia (4 de julio<strong>),<\/strong> gran espect\u00e1culo de Broadwa<strong>y,<\/strong> con el cl\u00e1sico <em>\u201cSingin\u2019 in the Rain\u201d <\/em>\u00a0(Cantando bajo la lluvia), con orquesta en vivo; y la obra maestra de los hijos de <strong>Prokofiev<\/strong>, <em>Peter and the Wolf.<strong>\u00a0\u00a0 <\/strong><\/em><\/p>\n<p>El director art\u00edstico y principal conductor <strong>Carlos Kalmar<\/strong> dirigir\u00e1 la Orquesta y el Coro de <em>Grant Park<\/em> durante diez semanas \u201410 de junio\/15 de agosto\u2014 en el pabell\u00f3n <strong>Jay Pritzker<\/strong> del <em>Millennium Park<\/em> y otros sitios de la ciudad. <strong>\u00a0<\/strong><\/p>\n<p>En honor a la herencia de la ciudad como lo es la m\u00fasica <em>gospel<\/em>, el <em>blues<\/em> urbano y el <em>jazz <\/em>moderno, el Festival presenta a dos compositores residentes: <strong>Mischa Zupko<\/strong> de Chicago y el compositor de <em>jazz<\/em> ganador del <em>Grammy<\/em>, <strong>Billy Childs.<\/strong> Cada uno presentar\u00e1 nuevo trabajo encargado por organizadores del Festival.<\/p>\n<p>De igual forma, el festival de m\u00fasica fomentar\u00e1 la diversidad, equidad e inclusi\u00f3n por lo que la temporada 2020 aspira a reflejar mejor a la comunidad presentando m\u00e1s obras de mujeres y compositoras de color, como <strong>Florence Price<\/strong>, <strong>Augusta Holm\u00e8s<\/strong>, <strong>Elena Kats-Chernin<\/strong>, <strong>Judith Weir<\/strong>, <strong>Billy Childs<\/strong>, <strong>Victor Agudelo<\/strong>, as\u00ed como tangos de <strong>Angel Villoldo<\/strong>, <strong>Carlos Gardel<\/strong> y <strong>Gerardo Mato Rodr\u00edguez<\/strong>.<\/p>\n<p>Habr\u00e1 serie de estrenos del Medio Oeste, incluyendo <em>We Are Shadows<\/em> de <strong>Judith Weir<\/strong>, <em>Drum Circles<\/em> de <strong>Christopher Theofanidis<\/strong>, <em>In principio<\/em> de <strong>Arvo P\u00e4r<\/strong>t, La Madre de Agua de <strong>V\u00edctor Agudelo<\/strong>, <em>Chase<\/em> por <strong>Joey Roukens<\/strong> y <em>Mythic<\/em> por <strong>Elena Kats-Chernin<\/strong>.<\/p>\n<p>El Festival 2020 presenta serie de debuts, incluyendo\u00a0<strong>Charles Floyd<\/strong>, residente de Chicago que ha trabajado con artistas como <strong>Stevie Wonder<\/strong> y <strong>Natalie Cole<\/strong>;\u00a0<strong>David Chan<\/strong>, director de conciertos de <em>Met Orchestra<\/em> y director musical de <em>Camerata Notturna<\/em>; y\u00a0<strong>Nicole Paiement<\/strong>, director art\u00edstico de <em>Opera Parall\u00e8le<\/em> y el director principal invitado de <em>The Dallas Opera.<\/em><\/p>\n<p>La agrupaci\u00f3n <em>Sones de M\u00e9xico Ensemble<\/em>, celebrar\u00e1 25 a\u00f1os de carrera durante el festival y participaran entre el 21 de mayo y 7 de junio con distintas presentaciones dijo <strong>Juan D\u00edes<\/strong>, integrante fundador de la agrupaci\u00f3n formada en Chicago y miembro del Comit\u00e9 del A\u00f1o de la M\u00fasica en Chicago.<\/p>\n<p>M\u00e1s tarde <strong>Raphael Paredes<\/strong> nos invit\u00f3 a ser testigos de un poco de lo mucho que habr\u00e1 en el festival y cedi\u00f3 turno al cantante <strong>Manny Torres<\/strong>, quien interpret\u00f3 entre otras \u201cLa Bikina\u201d, canci\u00f3n mexicana del compositor <strong>Rub\u00e9n Fuentes<\/strong> y <strong>Melody Angel<\/strong>, cantante, compositora y guitarrista que dio muestra de sus habilidades.<\/p>\n<p>Tambi\u00e9n podr\u00e1s disfrutar del <em>Chicago Jazz Festival<\/em> (29 agosto-6 de septiembre) y el <em>World Music Festival<\/em> (del 11 al 27 de septiembre), en diferentes sedes alrededor de la ciudad.<\/p>\n<p>Chicago cuenta con distintos recintos y parques en toda la ciudad hasta donde llegar\u00e1 el Festival de M\u00fasica y recuerda que hayas o no visitado Chicago, \u201cLa Ciudad de los Vientos\u201d ofrece museos, tiendas de lujo, restaurantes (22 con estrellas Michelin)<strong>,<\/strong> bares y cervecer\u00edas artesanales\u2026 \u00bfnecesitas m\u00e1s pretextos para visitar Chicago?<\/p>\n<p>\u2730\u2730\u2730\u2730\u2730 Con el objetivo de continuar promoviendo el turismo, <em>PriceTravel <\/em>se suma a la iniciativa \u201c<em>Hot Travel<\/em>\u201d, que ofrece descuentos en reservaciones de hotel y paquetes vacacionales a meses sin intereses.<\/p>\n<p>La agencia de viajes se presenta en la segunda edici\u00f3n de <em>\u201cHot Travel\u201d<\/em> con descuentos de hasta el 72 por ciento en destinos de playa y 61 por ciento en destinos de ciudad. Las promociones estar\u00e1n disponibles del 9 al 13 de marzo en el sitio web de la <em>online<\/em>, en los diferentes puntos de venta ubicados en\u00a0 centros comerciales y en su <em>call center.<\/em><\/p>\n<p><strong>Edgar Vargas<\/strong>, director de Marketing y <em>Supply <\/em>de <em>PriceTravel Holding, <\/em>asegur\u00f3: <em>\u201cHot Travel<\/em> nos da la oportunidad de fortalecer nuestro liderazgo en el sector y reafirmar nuestro compromiso con los viajeros ofrecer la oportunidad de conocer y vivir grandes experiencias en su destino favorito comprando a excelente precio\u201d.<\/p>\n<p>La primera edici\u00f3n del \u201c<em>Hot Travel<\/em>\u201d demostr\u00f3 ser oportunidad para las empresas de incrementar las ventas, fortalecer presencia de marca y contribuir al incremento de la derrama econ\u00f3mica en nuestro pa\u00eds.<\/p>\n<p><em><span class=\"Apple-converted-space\"><a href=\"mailto:victoriagprado@gmail.com\" target=\"_blank\" rel=\"noopener noreferrer\">victoriagprado@gmail.com<\/a><br \/>\nTwitter: <a href=\"https:\/\/twitter.com\/victoriagprado\" target=\"_blank\" rel=\"noopener noreferrer\">@victoriagprado<\/a><\/span><\/em><\/p>\n","protected":false},"excerpt":{"rendered":"<p>\u00bfNecesitas pretextos para viajar a Chicago?, el A\u00f1o de la M\u00fasica es el ideal para que conozcas la \u201cCiudad de los Vientos\u201d o regreses si ya la has visitado.\u00a0\u00a0<\/p>\n","protected":false},"author":3,"featured_media":462708,"comment_status":"open","ping_status":"open","sticky":false,"template":"","format":"standard","meta":{"_monsterinsights_skip_tracking":false,"_monsterinsights_sitenote_active":false,"_monsterinsights_sitenote_note":"","_monsterinsights_sitenote_category":0,"footnotes":""},"categories":[11],"tags":[107,43674,43681,106],"class_list":["post-462652","post","type-post","status-publish","format-standard","has-post-thumbnail","hentry","category-turismo","tag-de-cinco-estrellas","tag-opinion","tag-turismo","tag-victoria-gonzalez-prado"],"_links":{"self":[{"href":"https:\/\/www.diarioimagen.net\/index.php?rest_route=\/wp\/v2\/posts\/462652","targetHints":{"allow":["GET"]}}],"collection":[{"href":"https:\/\/www.diarioimagen.net\/index.php?rest_route=\/wp\/v2\/posts"}],"about":[{"href":"https:\/\/www.diarioimagen.net\/index.php?rest_route=\/wp\/v2\/types\/post"}],"author":[{"embeddable":true,"href":"https:\/\/www.diarioimagen.net\/index.php?rest_route=\/wp\/v2\/users\/3"}],"replies":[{"embeddable":true,"href":"https:\/\/www.diarioimagen.net\/index.php?rest_route=%2Fwp%2Fv2%2Fcomments&post=462652"}],"version-history":[{"count":0,"href":"https:\/\/www.diarioimagen.net\/index.php?rest_route=\/wp\/v2\/posts\/462652\/revisions"}],"wp:featuredmedia":[{"embeddable":true,"href":"https:\/\/www.diarioimagen.net\/index.php?rest_route=\/wp\/v2\/media\/462708"}],"wp:attachment":[{"href":"https:\/\/www.diarioimagen.net\/index.php?rest_route=%2Fwp%2Fv2%2Fmedia&parent=462652"}],"wp:term":[{"taxonomy":"category","embeddable":true,"href":"https:\/\/www.diarioimagen.net\/index.php?rest_route=%2Fwp%2Fv2%2Fcategories&post=462652"},{"taxonomy":"post_tag","embeddable":true,"href":"https:\/\/www.diarioimagen.net\/index.php?rest_route=%2Fwp%2Fv2%2Ftags&post=462652"}],"curies":[{"name":"wp","href":"https:\/\/api.w.org\/{rel}","templated":true}]}}