{"id":462667,"date":"2020-03-06T00:04:39","date_gmt":"2020-03-06T06:04:39","guid":{"rendered":"https:\/\/www.diarioimagen.net\/?p=462667"},"modified":"2020-03-06T01:28:51","modified_gmt":"2020-03-06T07:28:51","slug":"avala-cabildo-de-naucalpan-la-creacion-del-imas-como-organo-desconcentrado","status":"publish","type":"post","link":"https:\/\/www.diarioimagen.net\/?p=462667","title":{"rendered":"Avala Cabildo de Naucalpan la creaci\u00f3n del IMAS como \u00f3rgano desconcentrado"},"content":{"rendered":"<ul>\n<li><strong><em>Contar\u00e1 con autonom\u00eda t\u00e9cnica y operativa<\/em><\/strong><\/li>\n<\/ul>\n<p>&nbsp;<\/p>\n<div id=\"attachment_462720\" style=\"width: 470px\" class=\"wp-caption aligncenter\"><a href=\"https:\/\/www.diarioimagen.net\/?attachment_id=462720\" rel=\"attachment wp-att-462720\"><img loading=\"lazy\" decoding=\"async\" aria-describedby=\"caption-attachment-462720\" class=\"size-large wp-image-462720\" src=\"https:\/\/www.diarioimagen.net\/wp-content\/uploads\/2020\/03\/NAUCALPAN-2-460x259.jpg\" alt=\"\" width=\"460\" height=\"259\" srcset=\"https:\/\/www.diarioimagen.net\/wp-content\/uploads\/2020\/03\/NAUCALPAN-2-460x259.jpg 460w, https:\/\/www.diarioimagen.net\/wp-content\/uploads\/2020\/03\/NAUCALPAN-2-240x135.jpg 240w, https:\/\/www.diarioimagen.net\/wp-content\/uploads\/2020\/03\/NAUCALPAN-2-235x132.jpg 235w, https:\/\/www.diarioimagen.net\/wp-content\/uploads\/2020\/03\/NAUCALPAN-2-202x114.jpg 202w, https:\/\/www.diarioimagen.net\/wp-content\/uploads\/2020\/03\/NAUCALPAN-2-350x196.jpg 350w, https:\/\/www.diarioimagen.net\/wp-content\/uploads\/2020\/03\/NAUCALPAN-2-220x123.jpg 220w, https:\/\/www.diarioimagen.net\/wp-content\/uploads\/2020\/03\/NAUCALPAN-2-237x132.jpg 237w, https:\/\/www.diarioimagen.net\/wp-content\/uploads\/2020\/03\/NAUCALPAN-2.jpg 480w\" sizes=\"auto, (max-width: 460px) 100vw, 460px\" \/><\/a><p id=\"caption-attachment-462720\" class=\"wp-caption-text\">Se aprob\u00f3 por unanimidad la creaci\u00f3n del \u00f3rgano desconcentrado denominado Instituto Municipal de Atenci\u00f3n a la Salud (IMAS).<\/p><\/div>\n<p>&nbsp;<\/p>\n<p><strong>Naucalpan, Estado de M\u00e9xico<\/strong>.- El Cabildo aprob\u00f3 por unanimidad la creaci\u00f3n del \u00f3rgano desconcentrado denominado Instituto Municipal de Atenci\u00f3n a la Salud (IMAS) que contar\u00e1 con autonom\u00eda t\u00e9cnica y operativa para un ejercicio eficiente de sus funciones.<\/p>\n<p>Esta aprobaci\u00f3n no autoriza recursos adicionales para el ejercicio fiscal 2020 del IMAS, el cual era una direcci\u00f3n. El Instituto trabajar\u00e1 con el presupuesto destinado anteriormente y con convenios de los diferentes sectores p\u00fablicos y privados para brindar un servicio de salud integral. Asimismo, los integrantes del cuerpo edilicio ratificaron a Eduardo V\u00e1zquez Celis, m\u00e9dico cirujano, como director del IMAS, quien trabajar\u00e1 de manera conjunta con Protecci\u00f3n Civil, as\u00ed como con otras dependencias municipales, para impulsar acciones encaminadas a mejorar la calidad de vida de todos los naucalpenses.<\/p>\n<p>\u201cSe busc\u00f3 consolidar el trabajo que hemos realizado por m\u00e1s de un a\u00f1o. La solicitud de la Presidenta Municipal, Patricia Dur\u00e1n Reveles, fue que se desarrollara un \u00e1rea de salud que no se ha visto en ning\u00fan lado, estructurando las \u00e1reas primordiales, para atender la salud de los ciudadanos y mejorar los servicios que brindamos\u201d.<\/p>\n<p>\u201cQueremos consolidar el proyecto y tener una autonom\u00eda para que todos los programas que tenga el IMAS se puedan ejercer con velocidad y no haya nada que nos detenga\u201d, coment\u00f3 V\u00e1zquez Celis.<\/p>\n<p>Actualmente, el IMAS cuenta con 26 especialidades, cubiertas por 50 especialistas. Tan solo, en 2019 atendieron a 156 mil 190 personas.<\/p>\n<p>V\u00e1zquez Celis adelant\u00f3 que como parte de los proyectos contemplan trabajar con m\u00f3dulos para dar atenci\u00f3n a personas de la tercera edad, de entre 70 y 80 a\u00f1os; adem\u00e1s de continuar los trabajos en torno al tema de suicidios, con atenci\u00f3n psicol\u00f3gica y psiqui\u00e1trica.<\/p>\n<p>S\u00edndicos y regidores reconocieron que el tema de la salud ha sido prioritario en la agenda p\u00fablica del Municipio en esta Administraci\u00f3n.<\/p>\n<p>Por otra parte, el D\u00e9cimo Regidor, Pedro Antonio Fontaine, propuso preparar un proyecto de iniciativa de decreto para presentarlo a la LX Legislatura del Estado de M\u00e9xico y adicionar diversas disposiciones al C\u00f3digo Penal estatal. Estas disposiciones contemplan visibilizar y atender a las personas que son v\u00edctimas de hostigamiento y acoso sexual en los centros de trabajo, como los prestadores de servicio social o pr\u00e1cticas profesionales.<\/p>\n","protected":false},"excerpt":{"rendered":"<p>El Cabildo aprob\u00f3 por unanimidad la creaci\u00f3n del \u00f3rgano desconcentrado denominado Instituto Municipal de Atenci\u00f3n a la Salud (IMAS) que contar\u00e1 con autonom\u00eda t\u00e9cnica y operativa para un ejercicio eficiente de sus funciones.<\/p>\n","protected":false},"author":3,"featured_media":462720,"comment_status":"open","ping_status":"open","sticky":false,"template":"","format":"standard","meta":{"_monsterinsights_skip_tracking":false,"_monsterinsights_sitenote_active":false,"_monsterinsights_sitenote_note":"","_monsterinsights_sitenote_category":0,"footnotes":""},"categories":[5],"tags":[23030,90481,43675,88006,970],"class_list":["post-462667","post","type-post","status-publish","format-standard","has-post-thumbnail","hentry","category-estado-de-mexico","tag-cabildo","tag-desconcentrado","tag-estado-de-mexico","tag-imas","tag-naucalpan"],"_links":{"self":[{"href":"https:\/\/www.diarioimagen.net\/index.php?rest_route=\/wp\/v2\/posts\/462667","targetHints":{"allow":["GET"]}}],"collection":[{"href":"https:\/\/www.diarioimagen.net\/index.php?rest_route=\/wp\/v2\/posts"}],"about":[{"href":"https:\/\/www.diarioimagen.net\/index.php?rest_route=\/wp\/v2\/types\/post"}],"author":[{"embeddable":true,"href":"https:\/\/www.diarioimagen.net\/index.php?rest_route=\/wp\/v2\/users\/3"}],"replies":[{"embeddable":true,"href":"https:\/\/www.diarioimagen.net\/index.php?rest_route=%2Fwp%2Fv2%2Fcomments&post=462667"}],"version-history":[{"count":0,"href":"https:\/\/www.diarioimagen.net\/index.php?rest_route=\/wp\/v2\/posts\/462667\/revisions"}],"wp:featuredmedia":[{"embeddable":true,"href":"https:\/\/www.diarioimagen.net\/index.php?rest_route=\/wp\/v2\/media\/462720"}],"wp:attachment":[{"href":"https:\/\/www.diarioimagen.net\/index.php?rest_route=%2Fwp%2Fv2%2Fmedia&parent=462667"}],"wp:term":[{"taxonomy":"category","embeddable":true,"href":"https:\/\/www.diarioimagen.net\/index.php?rest_route=%2Fwp%2Fv2%2Fcategories&post=462667"},{"taxonomy":"post_tag","embeddable":true,"href":"https:\/\/www.diarioimagen.net\/index.php?rest_route=%2Fwp%2Fv2%2Ftags&post=462667"}],"curies":[{"name":"wp","href":"https:\/\/api.w.org\/{rel}","templated":true}]}}