{"id":462670,"date":"2020-03-06T00:02:31","date_gmt":"2020-03-06T06:02:31","guid":{"rendered":"https:\/\/www.diarioimagen.net\/?p=462670"},"modified":"2020-03-06T02:34:35","modified_gmt":"2020-03-06T08:34:35","slug":"edil-de-tultitlan-elena-garcia-continua-consolidando-infraestructura-educativa","status":"publish","type":"post","link":"https:\/\/www.diarioimagen.net\/?p=462670","title":{"rendered":"Edil de Tultitl\u00e1n, Elena Garc\u00eda, contin\u00faa consolidando infraestructura educativa"},"content":{"rendered":"<ul>\n<li><strong><em>Entrega de obras<\/em><\/strong><\/li>\n<\/ul>\n<p>&nbsp;<\/p>\n<div id=\"attachment_462733\" style=\"width: 470px\" class=\"wp-caption aligncenter\"><a href=\"https:\/\/www.diarioimagen.net\/?attachment_id=462733\" rel=\"attachment wp-att-462733\"><img loading=\"lazy\" decoding=\"async\" aria-describedby=\"caption-attachment-462733\" class=\"size-large wp-image-462733\" src=\"https:\/\/www.diarioimagen.net\/wp-content\/uploads\/2020\/03\/TULTITL\u00c1N-460x259.jpg\" alt=\"\" width=\"460\" height=\"259\" srcset=\"https:\/\/www.diarioimagen.net\/wp-content\/uploads\/2020\/03\/TULTITL\u00c1N-460x259.jpg 460w, https:\/\/www.diarioimagen.net\/wp-content\/uploads\/2020\/03\/TULTITL\u00c1N-240x135.jpg 240w, https:\/\/www.diarioimagen.net\/wp-content\/uploads\/2020\/03\/TULTITL\u00c1N-235x132.jpg 235w, https:\/\/www.diarioimagen.net\/wp-content\/uploads\/2020\/03\/TULTITL\u00c1N-202x114.jpg 202w, https:\/\/www.diarioimagen.net\/wp-content\/uploads\/2020\/03\/TULTITL\u00c1N-350x196.jpg 350w, https:\/\/www.diarioimagen.net\/wp-content\/uploads\/2020\/03\/TULTITL\u00c1N-220x123.jpg 220w, https:\/\/www.diarioimagen.net\/wp-content\/uploads\/2020\/03\/TULTITL\u00c1N-237x132.jpg 237w, https:\/\/www.diarioimagen.net\/wp-content\/uploads\/2020\/03\/TULTITL\u00c1N.jpg 480w\" sizes=\"auto, (max-width: 460px) 100vw, 460px\" \/><\/a><p id=\"caption-attachment-462733\" class=\"wp-caption-text\">Representantes de Ecatepec, Cuautitl\u00e1n, Chimalhuac\u00e1n, Naucalpan y Toluca se dieron cita en el Sal\u00f3n Anexo a La Troje donde el presidente Municipal, Ricardo N\u00fa\u00f1ez Ayala encabez\u00f3 la reuni\u00f3n.<\/p><\/div>\n<p>&nbsp;<\/p>\n<p><strong>Tultitl\u00e1n, Estado de M\u00e9xico<\/strong>.- Al ser la educaci\u00f3n una prioridad del gobierno encabezado por Elena Garc\u00eda Mart\u00ednez, la presidenta municipal constitucional de Tultitl\u00e1n, se present\u00f3 junto con integrantes del ayuntamiento a hacer entrega de obras; llegando al primer punto de su gira de trabajo a la escuela primaria \u201cOctavio Paz\u201d, en Condominio Portal San Pablo II para hacer corte de list\u00f3n de la obra \u00a0impermeabilizaci\u00f3n de salones.<\/p>\n<p>Durante el evento, la \u00a0licenciada Garc\u00eda, dijo que estas obras son en beneficio de los estudiantes, tener un lugar adecuado y de calidad donde puedan desempe\u00f1ar actividades acad\u00e9micas, es una prioridad para nosotros, invertir el presupuesto en el alumnado nos motiva demasiado.<\/p>\n<p>Para dar continuidad a su entrega de obras, visitaron la primaria \u201cHeriberto Enr\u00edquez\u201d ubicada en Unidad Habitacional San Pablo Castera II, \u00a0ah\u00ed se llev\u00f3 acabo el corte de list\u00f3n para dar por inaugurado los n\u00facleos sanitarios, y as\u00ed poder brindarles a los ni\u00f1os y ni\u00f1as de Tultitl\u00e1n una educaci\u00f3n digna.<\/p>\n<p>Elena Garc\u00eda, dej\u00f3 muy claro en su discurso a directivos, padres de familia y alumnos que estuvieron presentes en este evento, que ella es una mujer responsable y que no permitir\u00e1 que se dejen obras inconclusas, \u201cel bienestar de los tultitlenses es mi prioridad\u201d.<\/p>\n<p>La inversi\u00f3n total de ambas obras es de 900 mil pesos \u00a0y beneficiar\u00e1 directamente a 700 alumnos del nivel b\u00e1sico de la zona oriente del municipio de Tultitl\u00e1n.<\/p>\n<p>Agradeci\u00f3 tambi\u00e9n a las autoridades escolares y a padres de familia por poner empe\u00f1o en las actividades de las ni\u00f1as y ni\u00f1os, al terminar coment\u00f3 que gracias al pago de sus impuestos se seguir\u00e1n entregando m\u00e1s beneficios en materia educativa.<\/p>\n","protected":false},"excerpt":{"rendered":"<p>Al ser la educaci\u00f3n una prioridad del gobierno encabezado por Elena Garc\u00eda Mart\u00ednez, la presidenta municipal constitucional de Tultitl\u00e1n, se present\u00f3 junto con integrantes del ayuntamiento a hacer entrega de obras; llegando al primer punto de su gira de trabajo a la escuela primaria \u201cOctavio Paz\u201d, en Condominio Portal San Pablo II para hacer corte de list\u00f3n de la obra \u00a0impermeabilizaci\u00f3n de salones.<\/p>\n","protected":false},"author":3,"featured_media":462733,"comment_status":"open","ping_status":"open","sticky":false,"template":"","format":"standard","meta":{"_monsterinsights_skip_tracking":false,"_monsterinsights_sitenote_active":false,"_monsterinsights_sitenote_note":"","_monsterinsights_sitenote_category":0,"footnotes":""},"categories":[5],"tags":[65589,43675,18394,578],"class_list":["post-462670","post","type-post","status-publish","format-standard","has-post-thumbnail","hentry","category-estado-de-mexico","tag-educativa","tag-estado-de-mexico","tag-infraestructura","tag-tultitlan"],"_links":{"self":[{"href":"https:\/\/www.diarioimagen.net\/index.php?rest_route=\/wp\/v2\/posts\/462670","targetHints":{"allow":["GET"]}}],"collection":[{"href":"https:\/\/www.diarioimagen.net\/index.php?rest_route=\/wp\/v2\/posts"}],"about":[{"href":"https:\/\/www.diarioimagen.net\/index.php?rest_route=\/wp\/v2\/types\/post"}],"author":[{"embeddable":true,"href":"https:\/\/www.diarioimagen.net\/index.php?rest_route=\/wp\/v2\/users\/3"}],"replies":[{"embeddable":true,"href":"https:\/\/www.diarioimagen.net\/index.php?rest_route=%2Fwp%2Fv2%2Fcomments&post=462670"}],"version-history":[{"count":0,"href":"https:\/\/www.diarioimagen.net\/index.php?rest_route=\/wp\/v2\/posts\/462670\/revisions"}],"wp:featuredmedia":[{"embeddable":true,"href":"https:\/\/www.diarioimagen.net\/index.php?rest_route=\/wp\/v2\/media\/462733"}],"wp:attachment":[{"href":"https:\/\/www.diarioimagen.net\/index.php?rest_route=%2Fwp%2Fv2%2Fmedia&parent=462670"}],"wp:term":[{"taxonomy":"category","embeddable":true,"href":"https:\/\/www.diarioimagen.net\/index.php?rest_route=%2Fwp%2Fv2%2Fcategories&post=462670"},{"taxonomy":"post_tag","embeddable":true,"href":"https:\/\/www.diarioimagen.net\/index.php?rest_route=%2Fwp%2Fv2%2Ftags&post=462670"}],"curies":[{"name":"wp","href":"https:\/\/api.w.org\/{rel}","templated":true}]}}