{"id":462671,"date":"2020-03-06T00:01:36","date_gmt":"2020-03-06T06:01:36","guid":{"rendered":"https:\/\/www.diarioimagen.net\/?p=462671"},"modified":"2020-03-06T03:08:13","modified_gmt":"2020-03-06T09:08:13","slug":"tlalnepantla-apoya-con-inmueble-a-fiscalia-general-de-la-republica","status":"publish","type":"post","link":"https:\/\/www.diarioimagen.net\/?p=462671","title":{"rendered":"Tlalnepantla apoya con inmueble a Fiscal\u00eda General de la Rep\u00fablica"},"content":{"rendered":"<p><a href=\"https:\/\/www.diarioimagen.net\/?attachment_id=462761\" rel=\"attachment wp-att-462761\"><img loading=\"lazy\" decoding=\"async\" class=\"aligncenter size-large wp-image-462761\" src=\"https:\/\/www.diarioimagen.net\/wp-content\/uploads\/2020\/03\/TLALNEPANTLA-2-460x259.jpg\" alt=\"\" width=\"460\" height=\"259\" srcset=\"https:\/\/www.diarioimagen.net\/wp-content\/uploads\/2020\/03\/TLALNEPANTLA-2-460x259.jpg 460w, https:\/\/www.diarioimagen.net\/wp-content\/uploads\/2020\/03\/TLALNEPANTLA-2-240x135.jpg 240w, https:\/\/www.diarioimagen.net\/wp-content\/uploads\/2020\/03\/TLALNEPANTLA-2-235x132.jpg 235w, https:\/\/www.diarioimagen.net\/wp-content\/uploads\/2020\/03\/TLALNEPANTLA-2-202x114.jpg 202w, https:\/\/www.diarioimagen.net\/wp-content\/uploads\/2020\/03\/TLALNEPANTLA-2-350x196.jpg 350w, https:\/\/www.diarioimagen.net\/wp-content\/uploads\/2020\/03\/TLALNEPANTLA-2-220x123.jpg 220w, https:\/\/www.diarioimagen.net\/wp-content\/uploads\/2020\/03\/TLALNEPANTLA-2-237x132.jpg 237w, https:\/\/www.diarioimagen.net\/wp-content\/uploads\/2020\/03\/TLALNEPANTLA-2.jpg 480w\" sizes=\"auto, (max-width: 460px) 100vw, 460px\" \/><\/a><\/p>\n<p>&nbsp;<\/p>\n<p><strong>Tlalnepantla, Estado de M\u00e9xico<\/strong><strong>.- <\/strong>El Cuerpo Edilicio de Tlalnepantla aprob\u00f3 por mayor\u00eda el cambio de uso de suelo y destino de una fracci\u00f3n de un inmueble de propiedad municipal para apoyar las labores de la Fiscal\u00eda General de la Rep\u00fablica (FGR). Durante la Cuadrag\u00e9sima Cuarta Sesi\u00f3n Ordinaria de Cabildo encabezada por Raciel P\u00e9rez Cruz, Presidente Municipal de Tlalnepantla se inform\u00f3 que se realizar\u00e1n los tr\u00e1mites administrativos y jur\u00eddicos a efecto de tener la autorizaci\u00f3n de la Legislatura Estatal.<\/p>\n<p>En la sesi\u00f3n tambi\u00e9n se aprob\u00f3 la adhesi\u00f3n del municipio a la Red Mexicana de Ciudades Amigas de la Ni\u00f1ez, para sumar esfuerzos y generar estrategias que garanticen los derechos de las ni\u00f1as, ni\u00f1os y adolescentes.<\/p>\n","protected":false},"excerpt":{"rendered":"<p>El Cuerpo Edilicio de Tlalnepantla aprob\u00f3 por mayor\u00eda el cambio de uso de suelo y destino de una fracci\u00f3n de un inmueble de propiedad municipal para apoyar las labores de la Fiscal\u00eda General de la Rep\u00fablica (FGR). Durante la Cuadrag\u00e9sima Cuarta Sesi\u00f3n Ordinaria de Cabildo encabezada por Raciel P\u00e9rez Cruz, Presidente Municipal de Tlalnepantla se inform\u00f3 que se realizar\u00e1n los tr\u00e1mites administrativos y jur\u00eddicos a efecto de tener la autorizaci\u00f3n de la Legislatura Estatal.<\/p>\n","protected":false},"author":3,"featured_media":462761,"comment_status":"open","ping_status":"open","sticky":false,"template":"","format":"standard","meta":{"_monsterinsights_skip_tracking":false,"_monsterinsights_sitenote_active":false,"_monsterinsights_sitenote_note":"","_monsterinsights_sitenote_category":0,"footnotes":""},"categories":[5],"tags":[43675,65036,169],"class_list":["post-462671","post","type-post","status-publish","format-standard","has-post-thumbnail","hentry","category-estado-de-mexico","tag-estado-de-mexico","tag-fiscalia-general-de-la-republica","tag-tlalnepantla"],"_links":{"self":[{"href":"https:\/\/www.diarioimagen.net\/index.php?rest_route=\/wp\/v2\/posts\/462671","targetHints":{"allow":["GET"]}}],"collection":[{"href":"https:\/\/www.diarioimagen.net\/index.php?rest_route=\/wp\/v2\/posts"}],"about":[{"href":"https:\/\/www.diarioimagen.net\/index.php?rest_route=\/wp\/v2\/types\/post"}],"author":[{"embeddable":true,"href":"https:\/\/www.diarioimagen.net\/index.php?rest_route=\/wp\/v2\/users\/3"}],"replies":[{"embeddable":true,"href":"https:\/\/www.diarioimagen.net\/index.php?rest_route=%2Fwp%2Fv2%2Fcomments&post=462671"}],"version-history":[{"count":0,"href":"https:\/\/www.diarioimagen.net\/index.php?rest_route=\/wp\/v2\/posts\/462671\/revisions"}],"wp:featuredmedia":[{"embeddable":true,"href":"https:\/\/www.diarioimagen.net\/index.php?rest_route=\/wp\/v2\/media\/462761"}],"wp:attachment":[{"href":"https:\/\/www.diarioimagen.net\/index.php?rest_route=%2Fwp%2Fv2%2Fmedia&parent=462671"}],"wp:term":[{"taxonomy":"category","embeddable":true,"href":"https:\/\/www.diarioimagen.net\/index.php?rest_route=%2Fwp%2Fv2%2Fcategories&post=462671"},{"taxonomy":"post_tag","embeddable":true,"href":"https:\/\/www.diarioimagen.net\/index.php?rest_route=%2Fwp%2Fv2%2Ftags&post=462671"}],"curies":[{"name":"wp","href":"https:\/\/api.w.org\/{rel}","templated":true}]}}